
{"id":1358,"date":"2022-11-16T00:00:00","date_gmt":"2022-11-16T03:00:00","guid":{"rendered":"https:\/\/derechoyreligion-uc.urantiacos.cl\/concurso-para-proveer-cargo-de-investigador-a\/"},"modified":"2022-11-16T00:00:00","modified_gmt":"2022-11-16T03:00:00","slug":"concurso-para-proveer-cargo-de-investigador-a","status":"publish","type":"post","link":"https:\/\/derechoyreligion-uc.urantiacos.cl\/en\/concurso-para-proveer-cargo-de-investigador-a\/","title":{"rendered":"Concurso para proveer cargo de Investigador\/a"},"content":{"rendered":"<article>\n<span><br \/>\n<\/span><\/p>\n<p>\u00a0<\/p>\n<p><strong><img decoding=\"async\" alt=\"Centro UC logo\" src=\"https:\/\/derechoyreligion-uc.urantiacos.cl\/wp-content\/uploads\/imagenes\/Centro_UC_logo.jpg\"\/><\/strong><\/p>\n<p>\u00a0<\/p>\n<p>\u00a0<\/p>\n<p><strong>BUSCAMOS INVESTIGADOR\/A PARA BOLET\u00cdN JUR\u00cdDICO DE OBSERVATORIO DE LIBERTAD RELIGIOSA EN AM\u00c9RICA LATINA Y EL CARIBE<\/strong><\/p>\n<p>\u00a0<\/p>\n<p>SE BUSCA PROVEER CARGO DE INVESTIGADOR PARA BOLETIN JURIDICO DEL OBSERVATORIO DE LIBERTAD RELIGIOSA EN AM\u00c9RICA LATINA Y EL CARIBE \u2013 FACULTAD DE DERECHO, PONTIFICIA UNIVERSIDAD CATOLICA DE CHILE<\/p>\n<p>\u00a0<\/p>\n<p><span>DESCRIPCI\u00d3N DEL CARGO: INVESTIGADOR\/A PARA BOLET\u00cdN JUR\u00cdDICO DE OBSERVATORIO DE LIBERTAD RELIGIOSA EN AM\u00c9RICA LATINA Y EL CARIBE<\/span><\/p>\n<p>El\/la profesional tendr\u00e1 la responsabilidad de colaborar en la producci\u00f3n mensual del Bolet\u00edn Jur\u00eddico del Observatorio de Libertad Religiosa en Am\u00e9rica Latina y El Caribe, que consiste principalmente en la investigaci\u00f3n de legislaci\u00f3n, proyectos de ley, sentencias y hechos de relevancia jur\u00eddica relacionados con la libertad religiosa y las relaciones Iglesia-Estado en los pa\u00edses de Am\u00e9rica Latina y El Caribe.<\/p>\n<p>Tambi\u00e9n le corresponde la edici\u00f3n del referido bolet\u00edn, as\u00ed como su publicaci\u00f3n y difusi\u00f3n en versi\u00f3n digital a trav\u00e9s de la plataforma OJS y newsletter.<\/p>\n<p>Se requiere capacidad de trabajo en equipo, proactividad, flexibilidad, autonom\u00eda, responsabilidad, creatividad para la b\u00fasqueda de soluciones e inter\u00e9s por el tema del v\u00ednculo entre derecho y religi\u00f3n, y la libertad religiosa en particular.<\/p>\n<p>Se espera que pueda coordinar las colaboraciones necesarias para la publicaci\u00f3n de la edici\u00f3n mensual del Bolet\u00edn Jur\u00eddico, especialmente aspectos de contenido, dise\u00f1o, confecci\u00f3n de newsletter, etc.<\/p>\n<p>Asimismo, se requiere disponibilidad para contribuir en investigaciones y proyectos desarrollados por el Centro.<\/p>\n<p>Se desempe\u00f1ar\u00e1 en estrecha colaboraci\u00f3n con el editor del Bolet\u00edn y con los miembros del Centro UC Derecho y Religi\u00f3n.<\/p>\n<p>\u00a0<\/p>\n<p><span>REQUISITOS<\/span><br \/>1. Ser licenciado en Derecho, en Ciencias Jur\u00eddicas y\/o Sociales o en Comunicaci\u00f3n Social (periodista) o profesiones afines.<\/p>\n<p>2. En el caso de los licenciados en Derecho o en Ciencias Jur\u00eddicas y Sociales, haber cursado alguna de las asignaturas de Derecho Can\u00f3nico, Derecho y Religi\u00f3n, Estado, Laicidad y Religi\u00f3n y\/o Derecho Eclesi\u00e1stico, indicando a\u00f1o en que la curs\u00f3 y notas. Se considerar\u00e1 excepcionalmente al candidato que, sin haber aprobado los mencionados cursos, por no ser dictados en la universidad de origen, haya tenido un buen desempe\u00f1o en Derecho Constitucional y Administrativo.<\/p>\n<p>3. Acompa\u00f1ar un breve ensayo respecto de la motivaci\u00f3n de trabajar en temas de Derecho y religi\u00f3n, la experiencia en estas \u00e1reas y los temas de inter\u00e9s (m\u00e1ximo 900 palabras).<\/p>\n<p>4. Enviar la siguiente documentaci\u00f3n:<\/p>\n<p dir=\"ltr\">a. Curriculum Vitae.<br \/>b. Certificado de grado acad\u00e9mico, cursos aprobados y calificaciones.<br \/>c. Antecedentes acerca de experiencia previa en actividades relacionadas con el perfil del cargo y en investigaci\u00f3n jur\u00eddica o period\u00edstica.<\/p>\n<p>5. Conocimiento de b\u00fasqueda de informaci\u00f3n en internet.<\/p>\n<p>6. Indicar dos o tres personas que puedan dar referencias profesionales del postulante.<\/p>\n<p>7. Deseable manejo de ingl\u00e9s a nivel de comprensi\u00f3n escrita de textos jur\u00eddicos. Indicar el conocimiento de otros idiomas.<\/p>\n<p>8. Disponibilidad a partir del 9 de enero de 2023 (aprox).<\/p>\n<p>9. Entrevista previa a preseleccionados.<\/p>\n<p>10. Test psicolaboral.<\/p>\n<p>11. Deseable compromiso m\u00ednimo de permanencia de dos a\u00f1os en el cargo.<\/p>\n<p>\u00a0<\/p>\n<p><span>CARACTER\u00edSTICAS DEL CARGO<\/span><br \/>Jornada laboral presencial de 9 a 14 hrs.<\/p>\n<p>Oficina en la Facultad de Derecho de la Pontificia Universidad Cat\u00f3lica de Chile.<\/p>\n<p>Contrato de trabajo como funcionario UC.<\/p>\n<p>\u00a0<\/p>\n<p><span><\/span><span>ENV\u00cdO DE POSTULACIONES Y ANTECEDENTES<\/span><br \/>A Paulina Eyzaguirre G.: <span>Esta direcci\u00f3n de correo electr\u00f3nico est\u00e1 siendo protegida contra los robots de spam. Necesita tener JavaScript habilitado para poder verlo.<\/span><\/p>\n<p>\u00a0<\/p>\n<p><span>PLAZO<\/span><br \/>Se reciben postulaciones hasta el 5 de diciembre de 2022.<\/p>\n<p>\u00a0<\/p>\n<p>\u00a0<\/p>\n<p>Santiago, 15 de noviembre de 2022.<\/p>\n<\/article>\n","protected":false},"excerpt":{"rendered":"<p>BUSCAMOS INVESTIGADOR\/A PARA BOLET\u00cdN JUR\u00cdDICO DE OBSERVATORIO DE LIBERTAD RELIGIOSA EN AM\u00c9RICA LATINA Y EL CARIBE<\/p>\n","protected":false},"author":1,"featured_media":1505,"comment_status":"","ping_status":"","sticky":false,"template":"","format":"standard","meta":{"_acf_changed":false,"footnotes":""},"categories":[1],"tags":[],"class_list":["post-1358","post","type-post","status-publish","format-standard","has-post-thumbnail","hentry","category-noticias"],"acf":[],"yoast_head":"<!-- This site is optimized with the Yoast SEO plugin v27.1.1 - https:\/\/yoast.com\/product\/yoast-seo-wordpress\/ -->\n<title>Concurso para proveer cargo de Investigador\/a - Centro UC Derecho y Religi\u00f3n<\/title>\n<meta name=\"robots\" content=\"index, follow, max-snippet:-1, max-image-preview:large, max-video-preview:-1\" \/>\n<link rel=\"canonical\" href=\"https:\/\/derechoyreligion-uc.urantiacos.cl\/en\/concurso-para-proveer-cargo-de-investigador-a\/\" \/>\n<meta property=\"og:locale\" content=\"en_US\" \/>\n<meta property=\"og:type\" content=\"article\" \/>\n<meta property=\"og:title\" content=\"Concurso para proveer cargo de Investigador\/a - Centro UC Derecho y Religi\u00f3n\" \/>\n<meta property=\"og:description\" content=\"BUSCAMOS INVESTIGADOR\/A PARA BOLET\u00cdN JUR\u00cdDICO DE OBSERVATORIO DE LIBERTAD RELIGIOSA EN AM\u00c9RICA LATINA Y EL CARIBE\" \/>\n<meta property=\"og:url\" content=\"https:\/\/derechoyreligion-uc.urantiacos.cl\/en\/concurso-para-proveer-cargo-de-investigador-a\/\" \/>\n<meta property=\"og:site_name\" content=\"Centro UC Derecho y Religi\u00f3n\" \/>\n<meta property=\"article:published_time\" content=\"2022-11-16T03:00:00+00:00\" \/>\n<meta property=\"og:image\" content=\"https:\/\/derechoyreligion-uc.urantiacos.cl\/wp-content\/uploads\/2022\/11\/Centro_UC_logo.jpg\" \/>\n\t<meta property=\"og:image:width\" content=\"218\" \/>\n\t<meta property=\"og:image:height\" content=\"136\" \/>\n\t<meta property=\"og:image:type\" content=\"image\/jpeg\" \/>\n<meta name=\"author\" content=\"manadmin\" \/>\n<meta name=\"twitter:card\" content=\"summary_large_image\" \/>\n<meta name=\"twitter:label1\" content=\"Written by\" \/>\n\t<meta name=\"twitter:data1\" content=\"manadmin\" \/>\n\t<meta name=\"twitter:label2\" content=\"Est. reading time\" \/>\n\t<meta name=\"twitter:data2\" content=\"3 minutes\" \/>\n<script type=\"application\/ld+json\" class=\"yoast-schema-graph\">{\"@context\":\"https:\/\/schema.org\",\"@graph\":[{\"@type\":\"Article\",\"@id\":\"https:\/\/derechoyreligion-uc.urantiacos.cl\/en\/concurso-para-proveer-cargo-de-investigador-a\/#article\",\"isPartOf\":{\"@id\":\"https:\/\/derechoyreligion-uc.urantiacos.cl\/en\/concurso-para-proveer-cargo-de-investigador-a\/\"},\"author\":{\"name\":\"manadmin\",\"@id\":\"https:\/\/derechoyreligion-uc.urantiacos.cl\/en\/#\/schema\/person\/6cc7f593e2f49e3b770a06f63b58e3b1\"},\"headline\":\"Concurso para proveer cargo de Investigador\/a\",\"datePublished\":\"2022-11-16T03:00:00+00:00\",\"mainEntityOfPage\":{\"@id\":\"https:\/\/derechoyreligion-uc.urantiacos.cl\/en\/concurso-para-proveer-cargo-de-investigador-a\/\"},\"wordCount\":610,\"image\":{\"@id\":\"https:\/\/derechoyreligion-uc.urantiacos.cl\/en\/concurso-para-proveer-cargo-de-investigador-a\/#primaryimage\"},\"thumbnailUrl\":\"https:\/\/derechoyreligion-uc.urantiacos.cl\/wp-content\/uploads\/2022\/11\/Centro_UC_logo.jpg\",\"articleSection\":[\"Noticias\"],\"inLanguage\":\"en-US\"},{\"@type\":\"WebPage\",\"@id\":\"https:\/\/derechoyreligion-uc.urantiacos.cl\/en\/concurso-para-proveer-cargo-de-investigador-a\/\",\"url\":\"https:\/\/derechoyreligion-uc.urantiacos.cl\/en\/concurso-para-proveer-cargo-de-investigador-a\/\",\"name\":\"Concurso para proveer cargo de Investigador\/a - Centro UC Derecho y Religi\u00f3n\",\"isPartOf\":{\"@id\":\"https:\/\/derechoyreligion-uc.urantiacos.cl\/en\/#website\"},\"primaryImageOfPage\":{\"@id\":\"https:\/\/derechoyreligion-uc.urantiacos.cl\/en\/concurso-para-proveer-cargo-de-investigador-a\/#primaryimage\"},\"image\":{\"@id\":\"https:\/\/derechoyreligion-uc.urantiacos.cl\/en\/concurso-para-proveer-cargo-de-investigador-a\/#primaryimage\"},\"thumbnailUrl\":\"https:\/\/derechoyreligion-uc.urantiacos.cl\/wp-content\/uploads\/2022\/11\/Centro_UC_logo.jpg\",\"datePublished\":\"2022-11-16T03:00:00+00:00\",\"author\":{\"@id\":\"https:\/\/derechoyreligion-uc.urantiacos.cl\/en\/#\/schema\/person\/6cc7f593e2f49e3b770a06f63b58e3b1\"},\"breadcrumb\":{\"@id\":\"https:\/\/derechoyreligion-uc.urantiacos.cl\/en\/concurso-para-proveer-cargo-de-investigador-a\/#breadcrumb\"},\"inLanguage\":\"en-US\",\"potentialAction\":[{\"@type\":\"ReadAction\",\"target\":[\"https:\/\/derechoyreligion-uc.urantiacos.cl\/en\/concurso-para-proveer-cargo-de-investigador-a\/\"]}]},{\"@type\":\"ImageObject\",\"inLanguage\":\"en-US\",\"@id\":\"https:\/\/derechoyreligion-uc.urantiacos.cl\/en\/concurso-para-proveer-cargo-de-investigador-a\/#primaryimage\",\"url\":\"https:\/\/derechoyreligion-uc.urantiacos.cl\/wp-content\/uploads\/2022\/11\/Centro_UC_logo.jpg\",\"contentUrl\":\"https:\/\/derechoyreligion-uc.urantiacos.cl\/wp-content\/uploads\/2022\/11\/Centro_UC_logo.jpg\",\"width\":218,\"height\":136},{\"@type\":\"BreadcrumbList\",\"@id\":\"https:\/\/derechoyreligion-uc.urantiacos.cl\/en\/concurso-para-proveer-cargo-de-investigador-a\/#breadcrumb\",\"itemListElement\":[{\"@type\":\"ListItem\",\"position\":1,\"name\":\"Portada\",\"item\":\"https:\/\/derechoyreligion-uc.urantiacos.cl\/en\/\"},{\"@type\":\"ListItem\",\"position\":2,\"name\":\"Concurso para proveer cargo de Investigador\/a\"}]},{\"@type\":\"WebSite\",\"@id\":\"https:\/\/derechoyreligion-uc.urantiacos.cl\/en\/#website\",\"url\":\"https:\/\/derechoyreligion-uc.urantiacos.cl\/en\/\",\"name\":\"Centro UC Derecho y Religi\u00f3n\",\"description\":\"\",\"potentialAction\":[{\"@type\":\"SearchAction\",\"target\":{\"@type\":\"EntryPoint\",\"urlTemplate\":\"https:\/\/derechoyreligion-uc.urantiacos.cl\/en\/?s={search_term_string}\"},\"query-input\":{\"@type\":\"PropertyValueSpecification\",\"valueRequired\":true,\"valueName\":\"search_term_string\"}}],\"inLanguage\":\"en-US\"},{\"@type\":\"Person\",\"@id\":\"https:\/\/derechoyreligion-uc.urantiacos.cl\/en\/#\/schema\/person\/6cc7f593e2f49e3b770a06f63b58e3b1\",\"name\":\"manadmin\",\"sameAs\":[\"https:\/\/derechoyreligion-uc.urantiacos.cl\"]}]}<\/script>\n<!-- \/ Yoast SEO plugin. -->","yoast_head_json":{"title":"Concurso para proveer cargo de Investigador\/a - Centro UC Derecho y Religi\u00f3n","robots":{"index":"index","follow":"follow","max-snippet":"max-snippet:-1","max-image-preview":"max-image-preview:large","max-video-preview":"max-video-preview:-1"},"canonical":"https:\/\/derechoyreligion-uc.urantiacos.cl\/en\/concurso-para-proveer-cargo-de-investigador-a\/","og_locale":"en_US","og_type":"article","og_title":"Concurso para proveer cargo de Investigador\/a - Centro UC Derecho y Religi\u00f3n","og_description":"BUSCAMOS INVESTIGADOR\/A PARA BOLET\u00cdN JUR\u00cdDICO DE OBSERVATORIO DE LIBERTAD RELIGIOSA EN AM\u00c9RICA LATINA Y EL CARIBE","og_url":"https:\/\/derechoyreligion-uc.urantiacos.cl\/en\/concurso-para-proveer-cargo-de-investigador-a\/","og_site_name":"Centro UC Derecho y Religi\u00f3n","article_published_time":"2022-11-16T03:00:00+00:00","og_image":[{"width":218,"height":136,"url":"https:\/\/derechoyreligion-uc.urantiacos.cl\/wp-content\/uploads\/2022\/11\/Centro_UC_logo.jpg","type":"image\/jpeg"}],"author":"manadmin","twitter_card":"summary_large_image","twitter_misc":{"Written by":"manadmin","Est. reading time":"3 minutes"},"schema":{"@context":"https:\/\/schema.org","@graph":[{"@type":"Article","@id":"https:\/\/derechoyreligion-uc.urantiacos.cl\/en\/concurso-para-proveer-cargo-de-investigador-a\/#article","isPartOf":{"@id":"https:\/\/derechoyreligion-uc.urantiacos.cl\/en\/concurso-para-proveer-cargo-de-investigador-a\/"},"author":{"name":"manadmin","@id":"https:\/\/derechoyreligion-uc.urantiacos.cl\/en\/#\/schema\/person\/6cc7f593e2f49e3b770a06f63b58e3b1"},"headline":"Concurso para proveer cargo de Investigador\/a","datePublished":"2022-11-16T03:00:00+00:00","mainEntityOfPage":{"@id":"https:\/\/derechoyreligion-uc.urantiacos.cl\/en\/concurso-para-proveer-cargo-de-investigador-a\/"},"wordCount":610,"image":{"@id":"https:\/\/derechoyreligion-uc.urantiacos.cl\/en\/concurso-para-proveer-cargo-de-investigador-a\/#primaryimage"},"thumbnailUrl":"https:\/\/derechoyreligion-uc.urantiacos.cl\/wp-content\/uploads\/2022\/11\/Centro_UC_logo.jpg","articleSection":["Noticias"],"inLanguage":"en-US"},{"@type":"WebPage","@id":"https:\/\/derechoyreligion-uc.urantiacos.cl\/en\/concurso-para-proveer-cargo-de-investigador-a\/","url":"https:\/\/derechoyreligion-uc.urantiacos.cl\/en\/concurso-para-proveer-cargo-de-investigador-a\/","name":"Concurso para proveer cargo de Investigador\/a - Centro UC Derecho y Religi\u00f3n","isPartOf":{"@id":"https:\/\/derechoyreligion-uc.urantiacos.cl\/en\/#website"},"primaryImageOfPage":{"@id":"https:\/\/derechoyreligion-uc.urantiacos.cl\/en\/concurso-para-proveer-cargo-de-investigador-a\/#primaryimage"},"image":{"@id":"https:\/\/derechoyreligion-uc.urantiacos.cl\/en\/concurso-para-proveer-cargo-de-investigador-a\/#primaryimage"},"thumbnailUrl":"https:\/\/derechoyreligion-uc.urantiacos.cl\/wp-content\/uploads\/2022\/11\/Centro_UC_logo.jpg","datePublished":"2022-11-16T03:00:00+00:00","author":{"@id":"https:\/\/derechoyreligion-uc.urantiacos.cl\/en\/#\/schema\/person\/6cc7f593e2f49e3b770a06f63b58e3b1"},"breadcrumb":{"@id":"https:\/\/derechoyreligion-uc.urantiacos.cl\/en\/concurso-para-proveer-cargo-de-investigador-a\/#breadcrumb"},"inLanguage":"en-US","potentialAction":[{"@type":"ReadAction","target":["https:\/\/derechoyreligion-uc.urantiacos.cl\/en\/concurso-para-proveer-cargo-de-investigador-a\/"]}]},{"@type":"ImageObject","inLanguage":"en-US","@id":"https:\/\/derechoyreligion-uc.urantiacos.cl\/en\/concurso-para-proveer-cargo-de-investigador-a\/#primaryimage","url":"https:\/\/derechoyreligion-uc.urantiacos.cl\/wp-content\/uploads\/2022\/11\/Centro_UC_logo.jpg","contentUrl":"https:\/\/derechoyreligion-uc.urantiacos.cl\/wp-content\/uploads\/2022\/11\/Centro_UC_logo.jpg","width":218,"height":136},{"@type":"BreadcrumbList","@id":"https:\/\/derechoyreligion-uc.urantiacos.cl\/en\/concurso-para-proveer-cargo-de-investigador-a\/#breadcrumb","itemListElement":[{"@type":"ListItem","position":1,"name":"Portada","item":"https:\/\/derechoyreligion-uc.urantiacos.cl\/en\/"},{"@type":"ListItem","position":2,"name":"Concurso para proveer cargo de Investigador\/a"}]},{"@type":"WebSite","@id":"https:\/\/derechoyreligion-uc.urantiacos.cl\/en\/#website","url":"https:\/\/derechoyreligion-uc.urantiacos.cl\/en\/","name":"Centro UC Derecho y Religi\u00f3n","description":"","potentialAction":[{"@type":"SearchAction","target":{"@type":"EntryPoint","urlTemplate":"https:\/\/derechoyreligion-uc.urantiacos.cl\/en\/?s={search_term_string}"},"query-input":{"@type":"PropertyValueSpecification","valueRequired":true,"valueName":"search_term_string"}}],"inLanguage":"en-US"},{"@type":"Person","@id":"https:\/\/derechoyreligion-uc.urantiacos.cl\/en\/#\/schema\/person\/6cc7f593e2f49e3b770a06f63b58e3b1","name":"manadmin","sameAs":["https:\/\/derechoyreligion-uc.urantiacos.cl"]}]}},"_links":{"self":[{"href":"https:\/\/derechoyreligion-uc.urantiacos.cl\/en\/wp-json\/wp\/v2\/posts\/1358","targetHints":{"allow":["GET"]}}],"collection":[{"href":"https:\/\/derechoyreligion-uc.urantiacos.cl\/en\/wp-json\/wp\/v2\/posts"}],"about":[{"href":"https:\/\/derechoyreligion-uc.urantiacos.cl\/en\/wp-json\/wp\/v2\/types\/post"}],"author":[{"embeddable":true,"href":"https:\/\/derechoyreligion-uc.urantiacos.cl\/en\/wp-json\/wp\/v2\/users\/1"}],"replies":[{"embeddable":true,"href":"https:\/\/derechoyreligion-uc.urantiacos.cl\/en\/wp-json\/wp\/v2\/comments?post=1358"}],"version-history":[{"count":0,"href":"https:\/\/derechoyreligion-uc.urantiacos.cl\/en\/wp-json\/wp\/v2\/posts\/1358\/revisions"}],"wp:featuredmedia":[{"embeddable":true,"href":"https:\/\/derechoyreligion-uc.urantiacos.cl\/en\/wp-json\/wp\/v2\/media\/1505"}],"wp:attachment":[{"href":"https:\/\/derechoyreligion-uc.urantiacos.cl\/en\/wp-json\/wp\/v2\/media?parent=1358"}],"wp:term":[{"taxonomy":"category","embeddable":true,"href":"https:\/\/derechoyreligion-uc.urantiacos.cl\/en\/wp-json\/wp\/v2\/categories?post=1358"},{"taxonomy":"post_tag","embeddable":true,"href":"https:\/\/derechoyreligion-uc.urantiacos.cl\/en\/wp-json\/wp\/v2\/tags?post=1358"}],"curies":[{"name":"wp","href":"https:\/\/api.w.org\/{rel}","templated":true}]}}