
{"id":1355,"date":"2023-01-27T00:00:00","date_gmt":"2023-01-27T03:00:00","guid":{"rendered":"https:\/\/derechoyreligion-uc.urantiacos.cl\/call-for-papers-recepcion-trabajos-hasta-30-de-abril-de-2023\/"},"modified":"2023-01-27T00:00:00","modified_gmt":"2023-01-27T03:00:00","slug":"call-for-papers-recepcion-trabajos-hasta-30-de-abril-de-2023","status":"publish","type":"post","link":"https:\/\/derechoyreligion-uc.urantiacos.cl\/en\/call-for-papers-recepcion-trabajos-hasta-30-de-abril-de-2023\/","title":{"rendered":"Call for Papers: recepci\u00f3n trabajos hasta 30 de abril de 2023"},"content":{"rendered":"<article>\n<span><br \/>\n<\/span><\/p>\n<p><img decoding=\"async\" alt=\"caratula revista\" src=\"https:\/\/derechoyreligion-uc.urantiacos.cl\/wp-content\/uploads\/imagenes\/caratula_revista_2.png\"\/><\/p>\n<p>\u00a0<\/p>\n<p>\u00a0<\/p>\n<p>\u00a0<\/p>\n<p><strong><span>Convocatoria de Trabajos \/ Call For Papers<\/span><\/strong><\/p>\n<p>Vol. [9]. N\u00fam. 1 (2023)<\/p>\n<p>\u00a0<\/p>\n<p>LA REVISTA LATINOAMERICANA DE DERECHO Y RELIGI\u00d3N (<a href=\"https:\/\/revistalatderechoyreligion.uc.cl\/index.php\/RLDR\/about\">https:\/\/revistalatderechoyreligion.uc.cl\/index.php\/RLDR\/about<\/a>)\u00a0INVITA A PRESENTAR ART\u00cdCULOS PARA SU DECIMO SEXTO N\u00daMERO, A PUBLICARSE EN JUNIO DEL A\u00d1O 2023.<\/p>\n<p>\u00a0<\/p>\n<p><strong>DETALLES DE LA CONVOCATORIA<\/strong><\/p>\n<p>\u00a0<\/p>\n<p>La presente convocatoria, est\u00e1 dirigida a la presentaci\u00f3n de art\u00edculos para las secciones &#8220;Temas Monogr\u00e1ficos&#8221;, &#8220;Estudios Generales&#8221;, &#8220;Jurisprudencia&#8221; y &#8220;Recensiones&#8221;.<\/p>\n<p><strong>El Tema Monogr\u00e1fico del 16\u00b0 n\u00famero, se denomina &#8220;<span>Pandemia y afectaci\u00f3n de la libertad religiosa en los pa\u00edses de Am\u00e9rica Latina y El Caribe<\/span>&#8220;<\/strong><\/p>\n<p>La pandemia que ha afectado a nuestro planeta en los \u00faltimos a\u00f1os, ha desafiado la salud y sobrevivencia de la poblaci\u00f3n de los estados pero tambi\u00e9n al ordenamiento constitucional en lo relativo al respeto de los derechos fundamentales de las personas, entre otros la libertad religiosa.<br \/>En efecto, las medidas sanitarias adoptadas por las autoridades p\u00fablicas, de jerarqu\u00eda y competencia diversas, est\u00e1n afectando esta libertad, sea como consecuencia de la regulaci\u00f3n de derechos fundamentales (reuni\u00f3n, libertad personal, vida e integridad f\u00edsica y ps\u00edquica, entre otros), o bien directamente a las manifestaciones personales y colectivas de la misma.<br \/>De este modo, se ha prohibido la realizaci\u00f3n de actos de culto y se han fijado l\u00edmites a la participaci\u00f3n en actos de culto; restringido o prohibido la presencia de familiares y ministros de culto en centros de salud; impuesto la vacunaci\u00f3n como requisito para la libre movilidad y a menores sin el consentimiento de sus padres, etc.<br \/>En los textos constitucionales escritos, de modos y con requisitos diversos, se permite la afectaci\u00f3n de derechos fundamentales, estableci\u00e9ndose l\u00edmites y medios de control y\/participaci\u00f3n. Sin embargo, lo que pareciera ser com\u00fan, es que, entre las hip\u00f3tesis previstas, no se encuentra prevista, expresamente, la libertad religiosa y sus expresiones.<br \/>Otro aspecto relevante es la ausencia de participaci\u00f3n de las organizaciones religiosas en las medidas gubernamentales y administrativas, adoptadas para la protecci\u00f3n de la salud. \u00bfA caso no contribuir\u00eda esta a legitimar y promover la observancia de las restricciones, as\u00ed como a determinar su extensi\u00f3n y aplicaci\u00f3n, entre otros beneficios?<br \/>A continuaci\u00f3n, sugerimos algunos t\u00f3picos e interrogantes que permiten abordar y desarrollar los aspectos m\u00e1s fundamentales del tema monogr\u00e1fico del 16 n\u00famero de la Revista Latinoamericana de Derecho y Religi\u00f3n:<\/p>\n<p>&#8211; Estatuto constitucional de la afectaci\u00f3n de la libertad religiosa y sus manifestaciones<br \/>&#8211; Perturbaci\u00f3n de la libertad religiosa como consecuencia de la afectaci\u00f3n de otros derechos fundamentales<br \/>&#8211; Normas jur\u00eddicas especiales dictadas por los Estados<br \/>&#8211; Decisiones jurisdiccionales relevantes en la materia<br \/>&#8211; Medidas sanitarias y objeci\u00f3n de conciencia<br \/>&#8211; Medidas sanitarias adoptadas por las iglesias, confesiones e instituciones religiosas<br \/>&#8211; Afectaci\u00f3n de la libertad religiosa en relaci\u00f3n al ejercicio de otras actividades de las personas (deportes, esparcimiento, pol\u00edticas, etc.) \u00bfPueden participar m\u00e1s personas en un concierto de m\u00fasica popular que en un acto de culto? \u00bflos requisitos son homologables?<br \/>&#8211; Criterios adoptados para la intensidad de la afectaci\u00f3n de la libertad religiosa<br \/>&#8211; Pandemia y libertad religiosa en los pronunciamientos de las organizaciones internacionales<\/p>\n<p>\u00a0<\/p>\n<p>REQUISITOS Y CONSIDERACIONES PARA LA PUBLICACI\u00d3N<\/p>\n<p>\u00a0<\/p>\n<p>\u2022 Las presentaciones se someter\u00e1n a la evaluaci\u00f3n de los editores, los que al cumplir con los est\u00e1ndares de la revista, ser\u00e1n posteriormente evaluados por dos \u00e1rbitros bajo el sistema doble ciego, y por un tercero en caso de haber discrepancia entre los evaluadores.<br \/>\u2022 La Revista tiene como foco de estudio la realidad latinoamericana, de manera que los trabajos que se reciban, deben basar su an\u00e1lisis y desarrollo en dicha regi\u00f3n. Los estudios contextualizados en otras regiones, constituyen un aporte valioso, en la medida que abarquen o se vinculen con Am\u00e9rica Latina. El cumplimiento de este requisito ser\u00e1 sometido a la evaluaci\u00f3n de los \u00e1rbitros.<br \/>\u2022 Es requisito que los art\u00edculos sean in\u00e9ditos, mientras que la disciplina cient\u00edfica y el inter\u00e9s de la comunidad acad\u00e9mica ser\u00e1n aspectos determinantes para la selecci\u00f3n de los mismos.<br \/>\u2022 El art\u00edculo deber\u00e1 contener un Resumen, que adem\u00e1s contenga &#8220;Palabras clave&#8221;, y su respectiva traducci\u00f3n al ingl\u00e9s, bajo el formato de &#8220;Abstract&#8221; y &#8220;Keywords&#8221;.<br \/>\u2022 Para los trabajos de la secci\u00f3n de Estudios Monogr\u00e1ficos, se espera que los trabajos no tengan una extensi\u00f3n inferior a las 12 p\u00e1ginas tama\u00f1o carta ni superior a 50. Para la secci\u00f3n de Jurisprudencia, se sugiere una extensi\u00f3n entre 10 y 20 p\u00e1ginas.<br \/>\u2022 El formato de publicaci\u00f3n de la revista, consiste en letra &#8220;Calibri light&#8221; n\u00famero 12, interlineado 1,5, y t\u00edtulos enumerados.<br \/>\u2022 El art\u00edculo debe contar con la identificaci\u00f3n del autor, que incluya nota al pie detallando su filiaci\u00f3n, Instituci\u00f3n de trabajo, y \u00e1rea de experticia. Asimismo, cualquier antecedente que d\u00e9 cuenta de un conflicto de intereses.<br \/>\u2022 Las citas deben cumplir con la versi\u00f3n actualizada del estilo ISO 690, que se encuentra disponible en la mayor\u00eda de los programas de gesti\u00f3n bibliogr\u00e1fica (tales como Endnote, Mendeley, RefWorks o Zotero).<\/p>\n<p>\u00a0<\/p>\n<p><strong>La fecha de cierre del per\u00edodo de recepci\u00f3n de art\u00edculos, corresponde al d\u00eda 30 de abril de 2023.<\/strong><\/p>\n<p>Los art\u00edculos deben ser enviados por medio de la plataforma de la Revista, en su sitio web: <a href=\"http:\/\/www.revistalatderechoyreligion.com\">http:\/\/www.revistalatderechoyreligion.com <\/a><\/p>\n<p>En el correo <span>Esta direcci\u00f3n de correo electr\u00f3nico est\u00e1 siendo protegida contra los robots de spam. Necesita tener JavaScript habilitado para poder verlo.<\/span> se podr\u00e1n resolver dudas o pedir ayuda para algunos aspectos formales de los art\u00edculos.<\/p>\n<p>\u00a0<\/p>\n<\/article>\n","protected":false},"excerpt":{"rendered":"<p>Convocatoria de Trabajos \/ Call For Papers<\/p>\n","protected":false},"author":1,"featured_media":1502,"comment_status":"","ping_status":"","sticky":false,"template":"","format":"standard","meta":{"_acf_changed":false,"footnotes":""},"categories":[1],"tags":[],"class_list":["post-1355","post","type-post","status-publish","format-standard","has-post-thumbnail","hentry","category-noticias"],"acf":[],"yoast_head":"<!-- This site is optimized with the Yoast SEO plugin v27.1.1 - https:\/\/yoast.com\/product\/yoast-seo-wordpress\/ -->\n<title>Call for Papers: recepci\u00f3n trabajos hasta 30 de abril de 2023 - Centro UC Derecho y Religi\u00f3n<\/title>\n<meta name=\"robots\" content=\"index, follow, max-snippet:-1, max-image-preview:large, max-video-preview:-1\" \/>\n<link rel=\"canonical\" href=\"https:\/\/derechoyreligion-uc.urantiacos.cl\/en\/call-for-papers-recepcion-trabajos-hasta-30-de-abril-de-2023\/\" \/>\n<meta property=\"og:locale\" content=\"en_US\" \/>\n<meta property=\"og:type\" content=\"article\" \/>\n<meta property=\"og:title\" content=\"Call for Papers: recepci\u00f3n trabajos hasta 30 de abril de 2023 - Centro UC Derecho y Religi\u00f3n\" \/>\n<meta property=\"og:description\" content=\"Convocatoria de Trabajos \/ Call For Papers\" \/>\n<meta property=\"og:url\" content=\"https:\/\/derechoyreligion-uc.urantiacos.cl\/en\/call-for-papers-recepcion-trabajos-hasta-30-de-abril-de-2023\/\" \/>\n<meta property=\"og:site_name\" content=\"Centro UC Derecho y Religi\u00f3n\" \/>\n<meta property=\"article:published_time\" content=\"2023-01-27T03:00:00+00:00\" \/>\n<meta property=\"og:image\" content=\"https:\/\/derechoyreligion-uc.urantiacos.cl\/wp-content\/uploads\/2023\/01\/caratula_revista_2.png\" \/>\n\t<meta property=\"og:image:width\" content=\"199\" \/>\n\t<meta property=\"og:image:height\" content=\"254\" \/>\n\t<meta property=\"og:image:type\" content=\"image\/png\" \/>\n<meta name=\"author\" content=\"manadmin\" \/>\n<meta name=\"twitter:card\" content=\"summary_large_image\" \/>\n<meta name=\"twitter:label1\" content=\"Written by\" \/>\n\t<meta name=\"twitter:data1\" content=\"manadmin\" \/>\n\t<meta name=\"twitter:label2\" content=\"Est. reading time\" \/>\n\t<meta name=\"twitter:data2\" content=\"5 minutes\" \/>\n<script type=\"application\/ld+json\" class=\"yoast-schema-graph\">{\"@context\":\"https:\/\/schema.org\",\"@graph\":[{\"@type\":\"Article\",\"@id\":\"https:\/\/derechoyreligion-uc.urantiacos.cl\/en\/call-for-papers-recepcion-trabajos-hasta-30-de-abril-de-2023\/#article\",\"isPartOf\":{\"@id\":\"https:\/\/derechoyreligion-uc.urantiacos.cl\/en\/call-for-papers-recepcion-trabajos-hasta-30-de-abril-de-2023\/\"},\"author\":{\"name\":\"manadmin\",\"@id\":\"https:\/\/derechoyreligion-uc.urantiacos.cl\/en\/#\/schema\/person\/6cc7f593e2f49e3b770a06f63b58e3b1\"},\"headline\":\"Call for Papers: recepci\u00f3n trabajos hasta 30 de abril de 2023\",\"datePublished\":\"2023-01-27T03:00:00+00:00\",\"mainEntityOfPage\":{\"@id\":\"https:\/\/derechoyreligion-uc.urantiacos.cl\/en\/call-for-papers-recepcion-trabajos-hasta-30-de-abril-de-2023\/\"},\"wordCount\":959,\"image\":{\"@id\":\"https:\/\/derechoyreligion-uc.urantiacos.cl\/en\/call-for-papers-recepcion-trabajos-hasta-30-de-abril-de-2023\/#primaryimage\"},\"thumbnailUrl\":\"https:\/\/derechoyreligion-uc.urantiacos.cl\/wp-content\/uploads\/2023\/01\/caratula_revista_2.png\",\"articleSection\":[\"Noticias\"],\"inLanguage\":\"en-US\"},{\"@type\":\"WebPage\",\"@id\":\"https:\/\/derechoyreligion-uc.urantiacos.cl\/en\/call-for-papers-recepcion-trabajos-hasta-30-de-abril-de-2023\/\",\"url\":\"https:\/\/derechoyreligion-uc.urantiacos.cl\/en\/call-for-papers-recepcion-trabajos-hasta-30-de-abril-de-2023\/\",\"name\":\"Call for Papers: recepci\u00f3n trabajos hasta 30 de abril de 2023 - Centro UC Derecho y Religi\u00f3n\",\"isPartOf\":{\"@id\":\"https:\/\/derechoyreligion-uc.urantiacos.cl\/en\/#website\"},\"primaryImageOfPage\":{\"@id\":\"https:\/\/derechoyreligion-uc.urantiacos.cl\/en\/call-for-papers-recepcion-trabajos-hasta-30-de-abril-de-2023\/#primaryimage\"},\"image\":{\"@id\":\"https:\/\/derechoyreligion-uc.urantiacos.cl\/en\/call-for-papers-recepcion-trabajos-hasta-30-de-abril-de-2023\/#primaryimage\"},\"thumbnailUrl\":\"https:\/\/derechoyreligion-uc.urantiacos.cl\/wp-content\/uploads\/2023\/01\/caratula_revista_2.png\",\"datePublished\":\"2023-01-27T03:00:00+00:00\",\"author\":{\"@id\":\"https:\/\/derechoyreligion-uc.urantiacos.cl\/en\/#\/schema\/person\/6cc7f593e2f49e3b770a06f63b58e3b1\"},\"breadcrumb\":{\"@id\":\"https:\/\/derechoyreligion-uc.urantiacos.cl\/en\/call-for-papers-recepcion-trabajos-hasta-30-de-abril-de-2023\/#breadcrumb\"},\"inLanguage\":\"en-US\",\"potentialAction\":[{\"@type\":\"ReadAction\",\"target\":[\"https:\/\/derechoyreligion-uc.urantiacos.cl\/en\/call-for-papers-recepcion-trabajos-hasta-30-de-abril-de-2023\/\"]}]},{\"@type\":\"ImageObject\",\"inLanguage\":\"en-US\",\"@id\":\"https:\/\/derechoyreligion-uc.urantiacos.cl\/en\/call-for-papers-recepcion-trabajos-hasta-30-de-abril-de-2023\/#primaryimage\",\"url\":\"https:\/\/derechoyreligion-uc.urantiacos.cl\/wp-content\/uploads\/2023\/01\/caratula_revista_2.png\",\"contentUrl\":\"https:\/\/derechoyreligion-uc.urantiacos.cl\/wp-content\/uploads\/2023\/01\/caratula_revista_2.png\",\"width\":199,\"height\":254},{\"@type\":\"BreadcrumbList\",\"@id\":\"https:\/\/derechoyreligion-uc.urantiacos.cl\/en\/call-for-papers-recepcion-trabajos-hasta-30-de-abril-de-2023\/#breadcrumb\",\"itemListElement\":[{\"@type\":\"ListItem\",\"position\":1,\"name\":\"Portada\",\"item\":\"https:\/\/derechoyreligion-uc.urantiacos.cl\/en\/\"},{\"@type\":\"ListItem\",\"position\":2,\"name\":\"Call for Papers: recepci\u00f3n trabajos hasta 30 de abril de 2023\"}]},{\"@type\":\"WebSite\",\"@id\":\"https:\/\/derechoyreligion-uc.urantiacos.cl\/en\/#website\",\"url\":\"https:\/\/derechoyreligion-uc.urantiacos.cl\/en\/\",\"name\":\"Centro UC Derecho y Religi\u00f3n\",\"description\":\"\",\"potentialAction\":[{\"@type\":\"SearchAction\",\"target\":{\"@type\":\"EntryPoint\",\"urlTemplate\":\"https:\/\/derechoyreligion-uc.urantiacos.cl\/en\/?s={search_term_string}\"},\"query-input\":{\"@type\":\"PropertyValueSpecification\",\"valueRequired\":true,\"valueName\":\"search_term_string\"}}],\"inLanguage\":\"en-US\"},{\"@type\":\"Person\",\"@id\":\"https:\/\/derechoyreligion-uc.urantiacos.cl\/en\/#\/schema\/person\/6cc7f593e2f49e3b770a06f63b58e3b1\",\"name\":\"manadmin\",\"sameAs\":[\"https:\/\/derechoyreligion-uc.urantiacos.cl\"]}]}<\/script>\n<!-- \/ Yoast SEO plugin. -->","yoast_head_json":{"title":"Call for Papers: recepci\u00f3n trabajos hasta 30 de abril de 2023 - Centro UC Derecho y Religi\u00f3n","robots":{"index":"index","follow":"follow","max-snippet":"max-snippet:-1","max-image-preview":"max-image-preview:large","max-video-preview":"max-video-preview:-1"},"canonical":"https:\/\/derechoyreligion-uc.urantiacos.cl\/en\/call-for-papers-recepcion-trabajos-hasta-30-de-abril-de-2023\/","og_locale":"en_US","og_type":"article","og_title":"Call for Papers: recepci\u00f3n trabajos hasta 30 de abril de 2023 - Centro UC Derecho y Religi\u00f3n","og_description":"Convocatoria de Trabajos \/ Call For Papers","og_url":"https:\/\/derechoyreligion-uc.urantiacos.cl\/en\/call-for-papers-recepcion-trabajos-hasta-30-de-abril-de-2023\/","og_site_name":"Centro UC Derecho y Religi\u00f3n","article_published_time":"2023-01-27T03:00:00+00:00","og_image":[{"width":199,"height":254,"url":"https:\/\/derechoyreligion-uc.urantiacos.cl\/wp-content\/uploads\/2023\/01\/caratula_revista_2.png","type":"image\/png"}],"author":"manadmin","twitter_card":"summary_large_image","twitter_misc":{"Written by":"manadmin","Est. reading time":"5 minutes"},"schema":{"@context":"https:\/\/schema.org","@graph":[{"@type":"Article","@id":"https:\/\/derechoyreligion-uc.urantiacos.cl\/en\/call-for-papers-recepcion-trabajos-hasta-30-de-abril-de-2023\/#article","isPartOf":{"@id":"https:\/\/derechoyreligion-uc.urantiacos.cl\/en\/call-for-papers-recepcion-trabajos-hasta-30-de-abril-de-2023\/"},"author":{"name":"manadmin","@id":"https:\/\/derechoyreligion-uc.urantiacos.cl\/en\/#\/schema\/person\/6cc7f593e2f49e3b770a06f63b58e3b1"},"headline":"Call for Papers: recepci\u00f3n trabajos hasta 30 de abril de 2023","datePublished":"2023-01-27T03:00:00+00:00","mainEntityOfPage":{"@id":"https:\/\/derechoyreligion-uc.urantiacos.cl\/en\/call-for-papers-recepcion-trabajos-hasta-30-de-abril-de-2023\/"},"wordCount":959,"image":{"@id":"https:\/\/derechoyreligion-uc.urantiacos.cl\/en\/call-for-papers-recepcion-trabajos-hasta-30-de-abril-de-2023\/#primaryimage"},"thumbnailUrl":"https:\/\/derechoyreligion-uc.urantiacos.cl\/wp-content\/uploads\/2023\/01\/caratula_revista_2.png","articleSection":["Noticias"],"inLanguage":"en-US"},{"@type":"WebPage","@id":"https:\/\/derechoyreligion-uc.urantiacos.cl\/en\/call-for-papers-recepcion-trabajos-hasta-30-de-abril-de-2023\/","url":"https:\/\/derechoyreligion-uc.urantiacos.cl\/en\/call-for-papers-recepcion-trabajos-hasta-30-de-abril-de-2023\/","name":"Call for Papers: recepci\u00f3n trabajos hasta 30 de abril de 2023 - Centro UC Derecho y Religi\u00f3n","isPartOf":{"@id":"https:\/\/derechoyreligion-uc.urantiacos.cl\/en\/#website"},"primaryImageOfPage":{"@id":"https:\/\/derechoyreligion-uc.urantiacos.cl\/en\/call-for-papers-recepcion-trabajos-hasta-30-de-abril-de-2023\/#primaryimage"},"image":{"@id":"https:\/\/derechoyreligion-uc.urantiacos.cl\/en\/call-for-papers-recepcion-trabajos-hasta-30-de-abril-de-2023\/#primaryimage"},"thumbnailUrl":"https:\/\/derechoyreligion-uc.urantiacos.cl\/wp-content\/uploads\/2023\/01\/caratula_revista_2.png","datePublished":"2023-01-27T03:00:00+00:00","author":{"@id":"https:\/\/derechoyreligion-uc.urantiacos.cl\/en\/#\/schema\/person\/6cc7f593e2f49e3b770a06f63b58e3b1"},"breadcrumb":{"@id":"https:\/\/derechoyreligion-uc.urantiacos.cl\/en\/call-for-papers-recepcion-trabajos-hasta-30-de-abril-de-2023\/#breadcrumb"},"inLanguage":"en-US","potentialAction":[{"@type":"ReadAction","target":["https:\/\/derechoyreligion-uc.urantiacos.cl\/en\/call-for-papers-recepcion-trabajos-hasta-30-de-abril-de-2023\/"]}]},{"@type":"ImageObject","inLanguage":"en-US","@id":"https:\/\/derechoyreligion-uc.urantiacos.cl\/en\/call-for-papers-recepcion-trabajos-hasta-30-de-abril-de-2023\/#primaryimage","url":"https:\/\/derechoyreligion-uc.urantiacos.cl\/wp-content\/uploads\/2023\/01\/caratula_revista_2.png","contentUrl":"https:\/\/derechoyreligion-uc.urantiacos.cl\/wp-content\/uploads\/2023\/01\/caratula_revista_2.png","width":199,"height":254},{"@type":"BreadcrumbList","@id":"https:\/\/derechoyreligion-uc.urantiacos.cl\/en\/call-for-papers-recepcion-trabajos-hasta-30-de-abril-de-2023\/#breadcrumb","itemListElement":[{"@type":"ListItem","position":1,"name":"Portada","item":"https:\/\/derechoyreligion-uc.urantiacos.cl\/en\/"},{"@type":"ListItem","position":2,"name":"Call for Papers: recepci\u00f3n trabajos hasta 30 de abril de 2023"}]},{"@type":"WebSite","@id":"https:\/\/derechoyreligion-uc.urantiacos.cl\/en\/#website","url":"https:\/\/derechoyreligion-uc.urantiacos.cl\/en\/","name":"Centro UC Derecho y Religi\u00f3n","description":"","potentialAction":[{"@type":"SearchAction","target":{"@type":"EntryPoint","urlTemplate":"https:\/\/derechoyreligion-uc.urantiacos.cl\/en\/?s={search_term_string}"},"query-input":{"@type":"PropertyValueSpecification","valueRequired":true,"valueName":"search_term_string"}}],"inLanguage":"en-US"},{"@type":"Person","@id":"https:\/\/derechoyreligion-uc.urantiacos.cl\/en\/#\/schema\/person\/6cc7f593e2f49e3b770a06f63b58e3b1","name":"manadmin","sameAs":["https:\/\/derechoyreligion-uc.urantiacos.cl"]}]}},"_links":{"self":[{"href":"https:\/\/derechoyreligion-uc.urantiacos.cl\/en\/wp-json\/wp\/v2\/posts\/1355","targetHints":{"allow":["GET"]}}],"collection":[{"href":"https:\/\/derechoyreligion-uc.urantiacos.cl\/en\/wp-json\/wp\/v2\/posts"}],"about":[{"href":"https:\/\/derechoyreligion-uc.urantiacos.cl\/en\/wp-json\/wp\/v2\/types\/post"}],"author":[{"embeddable":true,"href":"https:\/\/derechoyreligion-uc.urantiacos.cl\/en\/wp-json\/wp\/v2\/users\/1"}],"replies":[{"embeddable":true,"href":"https:\/\/derechoyreligion-uc.urantiacos.cl\/en\/wp-json\/wp\/v2\/comments?post=1355"}],"version-history":[{"count":0,"href":"https:\/\/derechoyreligion-uc.urantiacos.cl\/en\/wp-json\/wp\/v2\/posts\/1355\/revisions"}],"wp:featuredmedia":[{"embeddable":true,"href":"https:\/\/derechoyreligion-uc.urantiacos.cl\/en\/wp-json\/wp\/v2\/media\/1502"}],"wp:attachment":[{"href":"https:\/\/derechoyreligion-uc.urantiacos.cl\/en\/wp-json\/wp\/v2\/media?parent=1355"}],"wp:term":[{"taxonomy":"category","embeddable":true,"href":"https:\/\/derechoyreligion-uc.urantiacos.cl\/en\/wp-json\/wp\/v2\/categories?post=1355"},{"taxonomy":"post_tag","embeddable":true,"href":"https:\/\/derechoyreligion-uc.urantiacos.cl\/en\/wp-json\/wp\/v2\/tags?post=1355"}],"curies":[{"name":"wp","href":"https:\/\/api.w.org\/{rel}","templated":true}]}}