
{"id":1354,"date":"2023-03-07T00:00:00","date_gmt":"2023-03-07T03:00:00","guid":{"rendered":"https:\/\/derechoyreligion-uc.urantiacos.cl\/centro-participa-en-simposio-latinoamericano-de-libertad-religiosa\/"},"modified":"2023-03-07T00:00:00","modified_gmt":"2023-03-07T03:00:00","slug":"centro-participa-en-simposio-latinoamericano-de-libertad-religiosa","status":"publish","type":"post","link":"https:\/\/derechoyreligion-uc.urantiacos.cl\/en\/centro-participa-en-simposio-latinoamericano-de-libertad-religiosa\/","title":{"rendered":"Centro participa en Simposio Latinoamericano de Libertad Religiosa"},"content":{"rendered":"<article>\n<span><br \/>\n<\/span><\/p>\n<p><img decoding=\"async\" alt=\"Caratula Simposio\" src=\"https:\/\/derechoyreligion-uc.urantiacos.cl\/wp-content\/uploads\/imagenes\/Caratula_Simposio.png\"\/><\/p>\n<p>\u00a0<\/p>\n<p>El 7 de marzo de 2023 se llev\u00f3 a cabo el Simposio Latinoamericano de Libertad Religiosa en Ciudad de Guatemala, que cont\u00f3 con la participaci\u00f3n de las profesoras Ana Mar\u00eda Celis y Mar\u00eda Elena Pimstein del Centro UC Derecho y Religi\u00f3n.<\/p>\n<p>El encuentro fue organizado por la Universidad Panamericana de Guatemala, el <em>International Center for Law and Religion Studies de la Universidad Brigham Young University<\/em>, la Mesa Multireligiosa de Guatemala y la asociaci\u00f3n Estamos Unidos. Asistieron expositores de Argentina, Costa Rica, Chile, El Salvador, Estados Unidos, Guatemala, Honduras y M\u00e9xico.<\/p>\n<p>La directora del Centro UC Derecho y Religi\u00f3n, Mar\u00eda Elena Pimstein present\u00f3 la ponencia &#8220;El pluralismo basado en el respeto como proyecci\u00f3n para la paz, seguridad y armon\u00eda en la sociedad&#8221; y particip\u00f3 como panelista en el Foro &#8220;Importancia de la Libertad Religiosa \u00bfPor qu\u00e9 necesitamos legislaci\u00f3n si ya gozamos de la Libertad Religiosa?. La profesora Ana Mar\u00eda Celis, ex presidenta del Consorcio Latinoamericano de Libertad Religiosa y del <em>International Consortium for Law and Religion Studies<\/em>, particip\u00f3 en la sesi\u00f3n de la tarde con el tema &#8220;La protecci\u00f3n de la Libertad Religiosa: un desaf\u00edo para Am\u00e9rica Latina&#8221;.<\/p>\n<p>El encuentro se desarroll\u00f3 en el marco de la Semana por la Vida y la Familia en Guatemala y cont\u00f3 con la participaci\u00f3n del presidente de la rep\u00fablica, Alejandro Giammattei, quien se\u00f1al\u00f3: &#8220;Agradezco la invitaci\u00f3n al Simposio Latinoamericano de Libertad Religiosa. Estoy convencido de que a trav\u00e9s de la fe, respetando nuestras creencias, fomentando la unidad e impulsando igualdad de oportunidades a todas las religiones, encontraremos la paz social que nos hace falta&#8221;. La profesora Pimstein tuvo ocasi\u00f3n de participar en una reuni\u00f3n con el presidente para conversar sobre los temas debatidos en el Simposio.<\/p>\n<p>\u00a0<\/p>\n<p>Revisa la intervenci\u00f3n de la profesora Mar\u00eda Elena Pimstein <a href=\"https:\/\/www.youtube.com\/watch?v=i19VLIDmC3w\" target=\"_blank\">aqui<\/a><\/p>\n<p>\u00a0<\/p>\n<p>Revisa la intervenci\u00f3n de la profesora Ana Mar\u00eda Celis <a href=\"https:\/\/www.youtube.com\/watch?v=qfEiQawSQ7s\" target=\"_blank\">aqui<\/a><\/p>\n<p>\u00a0<\/p>\n<p>Galer\u00eda de Fotos<\/p>\n<p>\u00a0<\/p>\n<p><img decoding=\"async\" alt=\"Guatemala 1\" src=\"https:\/\/derechoyreligion-uc.urantiacos.cl\/wp-content\/uploads\/imagenes\/Guatemala_1.jpeg\"\/><\/p>\n<p><span>Profesoras Mar\u00eda Elena Pimstein y Ana Mar\u00eda Celis con profesor Juan Navarro Floria de la Pontificia Universidad Cat\u00f3lica Argentina y Gary B. Doxey, profesor y director asociado del Centro Internacional de Estudios de Derecho y Religi\u00f3n en la Universidad Brigham Young (BYU), Utah, Estados Unidos<\/span><\/p>\n<p>\u00a0<\/p>\n<p><img decoding=\"async\" alt=\"Guatemala 2\" src=\"https:\/\/derechoyreligion-uc.urantiacos.cl\/wp-content\/uploads\/imagenes\/Guatemala_2.jpeg\"\/><\/p>\n<p><span>Profesoras Ana Mar\u00eda Celis y Mar\u00eda Elena Pimstein<\/span><\/p>\n<p>\u00a0<\/p>\n<p><img decoding=\"async\" alt=\"Guatemala 3\" src=\"https:\/\/derechoyreligion-uc.urantiacos.cl\/wp-content\/uploads\/imagenes\/Guatemala_3.jpeg\"\/><\/p>\n<p><span>Profesora Mar\u00eda Elena Pimstein con Alejandro Giammattei, presidente de la Rep\u00fablica de Guatemala<\/span><\/p>\n<\/article>\n","protected":false},"excerpt":{"rendered":"<p>El 7 de marzo de 2023 se llev\u00f3 a cabo el Simposio Latinoamericano de Libertad Religiosa en Ciudad de Guatemala, que cont\u00f3 con la participaci\u00f3n de las profesoras Ana Mar\u00eda Celis y Mar\u00eda Elena Pimstein del Centro UC Derecho y Religi\u00f3n.<\/p>\n","protected":false},"author":1,"featured_media":1501,"comment_status":"","ping_status":"","sticky":false,"template":"","format":"standard","meta":{"_acf_changed":false,"footnotes":""},"categories":[1],"tags":[],"class_list":["post-1354","post","type-post","status-publish","format-standard","has-post-thumbnail","hentry","category-noticias"],"acf":[],"yoast_head":"<!-- This site is optimized with the Yoast SEO plugin v27.1.1 - https:\/\/yoast.com\/product\/yoast-seo-wordpress\/ -->\n<title>Centro participa en Simposio Latinoamericano de Libertad Religiosa - Centro UC Derecho y Religi\u00f3n<\/title>\n<meta name=\"robots\" content=\"index, follow, max-snippet:-1, max-image-preview:large, max-video-preview:-1\" \/>\n<link rel=\"canonical\" href=\"https:\/\/derechoyreligion-uc.urantiacos.cl\/en\/centro-participa-en-simposio-latinoamericano-de-libertad-religiosa\/\" \/>\n<meta property=\"og:locale\" content=\"en_US\" \/>\n<meta property=\"og:type\" content=\"article\" \/>\n<meta property=\"og:title\" content=\"Centro participa en Simposio Latinoamericano de Libertad Religiosa - Centro UC Derecho y Religi\u00f3n\" \/>\n<meta property=\"og:description\" content=\"El 7 de marzo de 2023 se llev\u00f3 a cabo el Simposio Latinoamericano de Libertad Religiosa en Ciudad de Guatemala, que cont\u00f3 con la participaci\u00f3n de las profesoras Ana Mar\u00eda Celis y Mar\u00eda Elena Pimstein del Centro UC Derecho y Religi\u00f3n.\" \/>\n<meta property=\"og:url\" content=\"https:\/\/derechoyreligion-uc.urantiacos.cl\/en\/centro-participa-en-simposio-latinoamericano-de-libertad-religiosa\/\" \/>\n<meta property=\"og:site_name\" content=\"Centro UC Derecho y Religi\u00f3n\" \/>\n<meta property=\"article:published_time\" content=\"2023-03-07T03:00:00+00:00\" \/>\n<meta property=\"og:image\" content=\"https:\/\/derechoyreligion-uc.urantiacos.cl\/wp-content\/uploads\/2023\/03\/Caratula_Simposio.png\" \/>\n\t<meta property=\"og:image:width\" content=\"1282\" \/>\n\t<meta property=\"og:image:height\" content=\"1336\" \/>\n\t<meta property=\"og:image:type\" content=\"image\/png\" \/>\n<meta name=\"author\" content=\"manadmin\" \/>\n<meta name=\"twitter:card\" content=\"summary_large_image\" \/>\n<meta name=\"twitter:label1\" content=\"Written by\" \/>\n\t<meta name=\"twitter:data1\" content=\"manadmin\" \/>\n\t<meta name=\"twitter:label2\" content=\"Est. reading time\" \/>\n\t<meta name=\"twitter:data2\" content=\"2 minutes\" \/>\n<script type=\"application\/ld+json\" class=\"yoast-schema-graph\">{\"@context\":\"https:\/\/schema.org\",\"@graph\":[{\"@type\":\"Article\",\"@id\":\"https:\/\/derechoyreligion-uc.urantiacos.cl\/en\/centro-participa-en-simposio-latinoamericano-de-libertad-religiosa\/#article\",\"isPartOf\":{\"@id\":\"https:\/\/derechoyreligion-uc.urantiacos.cl\/en\/centro-participa-en-simposio-latinoamericano-de-libertad-religiosa\/\"},\"author\":{\"name\":\"manadmin\",\"@id\":\"https:\/\/derechoyreligion-uc.urantiacos.cl\/en\/#\/schema\/person\/6cc7f593e2f49e3b770a06f63b58e3b1\"},\"headline\":\"Centro participa en Simposio Latinoamericano de Libertad Religiosa\",\"datePublished\":\"2023-03-07T03:00:00+00:00\",\"mainEntityOfPage\":{\"@id\":\"https:\/\/derechoyreligion-uc.urantiacos.cl\/en\/centro-participa-en-simposio-latinoamericano-de-libertad-religiosa\/\"},\"wordCount\":413,\"image\":{\"@id\":\"https:\/\/derechoyreligion-uc.urantiacos.cl\/en\/centro-participa-en-simposio-latinoamericano-de-libertad-religiosa\/#primaryimage\"},\"thumbnailUrl\":\"https:\/\/derechoyreligion-uc.urantiacos.cl\/wp-content\/uploads\/2023\/03\/Caratula_Simposio.png\",\"articleSection\":[\"Noticias\"],\"inLanguage\":\"en-US\"},{\"@type\":\"WebPage\",\"@id\":\"https:\/\/derechoyreligion-uc.urantiacos.cl\/en\/centro-participa-en-simposio-latinoamericano-de-libertad-religiosa\/\",\"url\":\"https:\/\/derechoyreligion-uc.urantiacos.cl\/en\/centro-participa-en-simposio-latinoamericano-de-libertad-religiosa\/\",\"name\":\"Centro participa en Simposio Latinoamericano de Libertad Religiosa - Centro UC Derecho y Religi\u00f3n\",\"isPartOf\":{\"@id\":\"https:\/\/derechoyreligion-uc.urantiacos.cl\/en\/#website\"},\"primaryImageOfPage\":{\"@id\":\"https:\/\/derechoyreligion-uc.urantiacos.cl\/en\/centro-participa-en-simposio-latinoamericano-de-libertad-religiosa\/#primaryimage\"},\"image\":{\"@id\":\"https:\/\/derechoyreligion-uc.urantiacos.cl\/en\/centro-participa-en-simposio-latinoamericano-de-libertad-religiosa\/#primaryimage\"},\"thumbnailUrl\":\"https:\/\/derechoyreligion-uc.urantiacos.cl\/wp-content\/uploads\/2023\/03\/Caratula_Simposio.png\",\"datePublished\":\"2023-03-07T03:00:00+00:00\",\"author\":{\"@id\":\"https:\/\/derechoyreligion-uc.urantiacos.cl\/en\/#\/schema\/person\/6cc7f593e2f49e3b770a06f63b58e3b1\"},\"breadcrumb\":{\"@id\":\"https:\/\/derechoyreligion-uc.urantiacos.cl\/en\/centro-participa-en-simposio-latinoamericano-de-libertad-religiosa\/#breadcrumb\"},\"inLanguage\":\"en-US\",\"potentialAction\":[{\"@type\":\"ReadAction\",\"target\":[\"https:\/\/derechoyreligion-uc.urantiacos.cl\/en\/centro-participa-en-simposio-latinoamericano-de-libertad-religiosa\/\"]}]},{\"@type\":\"ImageObject\",\"inLanguage\":\"en-US\",\"@id\":\"https:\/\/derechoyreligion-uc.urantiacos.cl\/en\/centro-participa-en-simposio-latinoamericano-de-libertad-religiosa\/#primaryimage\",\"url\":\"https:\/\/derechoyreligion-uc.urantiacos.cl\/wp-content\/uploads\/2023\/03\/Caratula_Simposio.png\",\"contentUrl\":\"https:\/\/derechoyreligion-uc.urantiacos.cl\/wp-content\/uploads\/2023\/03\/Caratula_Simposio.png\",\"width\":1282,\"height\":1336},{\"@type\":\"BreadcrumbList\",\"@id\":\"https:\/\/derechoyreligion-uc.urantiacos.cl\/en\/centro-participa-en-simposio-latinoamericano-de-libertad-religiosa\/#breadcrumb\",\"itemListElement\":[{\"@type\":\"ListItem\",\"position\":1,\"name\":\"Portada\",\"item\":\"https:\/\/derechoyreligion-uc.urantiacos.cl\/en\/\"},{\"@type\":\"ListItem\",\"position\":2,\"name\":\"Centro participa en Simposio Latinoamericano de Libertad Religiosa\"}]},{\"@type\":\"WebSite\",\"@id\":\"https:\/\/derechoyreligion-uc.urantiacos.cl\/en\/#website\",\"url\":\"https:\/\/derechoyreligion-uc.urantiacos.cl\/en\/\",\"name\":\"Centro UC Derecho y Religi\u00f3n\",\"description\":\"\",\"potentialAction\":[{\"@type\":\"SearchAction\",\"target\":{\"@type\":\"EntryPoint\",\"urlTemplate\":\"https:\/\/derechoyreligion-uc.urantiacos.cl\/en\/?s={search_term_string}\"},\"query-input\":{\"@type\":\"PropertyValueSpecification\",\"valueRequired\":true,\"valueName\":\"search_term_string\"}}],\"inLanguage\":\"en-US\"},{\"@type\":\"Person\",\"@id\":\"https:\/\/derechoyreligion-uc.urantiacos.cl\/en\/#\/schema\/person\/6cc7f593e2f49e3b770a06f63b58e3b1\",\"name\":\"manadmin\",\"sameAs\":[\"https:\/\/derechoyreligion-uc.urantiacos.cl\"]}]}<\/script>\n<!-- \/ Yoast SEO plugin. -->","yoast_head_json":{"title":"Centro participa en Simposio Latinoamericano de Libertad Religiosa - Centro UC Derecho y Religi\u00f3n","robots":{"index":"index","follow":"follow","max-snippet":"max-snippet:-1","max-image-preview":"max-image-preview:large","max-video-preview":"max-video-preview:-1"},"canonical":"https:\/\/derechoyreligion-uc.urantiacos.cl\/en\/centro-participa-en-simposio-latinoamericano-de-libertad-religiosa\/","og_locale":"en_US","og_type":"article","og_title":"Centro participa en Simposio Latinoamericano de Libertad Religiosa - Centro UC Derecho y Religi\u00f3n","og_description":"El 7 de marzo de 2023 se llev\u00f3 a cabo el Simposio Latinoamericano de Libertad Religiosa en Ciudad de Guatemala, que cont\u00f3 con la participaci\u00f3n de las profesoras Ana Mar\u00eda Celis y Mar\u00eda Elena Pimstein del Centro UC Derecho y Religi\u00f3n.","og_url":"https:\/\/derechoyreligion-uc.urantiacos.cl\/en\/centro-participa-en-simposio-latinoamericano-de-libertad-religiosa\/","og_site_name":"Centro UC Derecho y Religi\u00f3n","article_published_time":"2023-03-07T03:00:00+00:00","og_image":[{"width":1282,"height":1336,"url":"https:\/\/derechoyreligion-uc.urantiacos.cl\/wp-content\/uploads\/2023\/03\/Caratula_Simposio.png","type":"image\/png"}],"author":"manadmin","twitter_card":"summary_large_image","twitter_misc":{"Written by":"manadmin","Est. reading time":"2 minutes"},"schema":{"@context":"https:\/\/schema.org","@graph":[{"@type":"Article","@id":"https:\/\/derechoyreligion-uc.urantiacos.cl\/en\/centro-participa-en-simposio-latinoamericano-de-libertad-religiosa\/#article","isPartOf":{"@id":"https:\/\/derechoyreligion-uc.urantiacos.cl\/en\/centro-participa-en-simposio-latinoamericano-de-libertad-religiosa\/"},"author":{"name":"manadmin","@id":"https:\/\/derechoyreligion-uc.urantiacos.cl\/en\/#\/schema\/person\/6cc7f593e2f49e3b770a06f63b58e3b1"},"headline":"Centro participa en Simposio Latinoamericano de Libertad Religiosa","datePublished":"2023-03-07T03:00:00+00:00","mainEntityOfPage":{"@id":"https:\/\/derechoyreligion-uc.urantiacos.cl\/en\/centro-participa-en-simposio-latinoamericano-de-libertad-religiosa\/"},"wordCount":413,"image":{"@id":"https:\/\/derechoyreligion-uc.urantiacos.cl\/en\/centro-participa-en-simposio-latinoamericano-de-libertad-religiosa\/#primaryimage"},"thumbnailUrl":"https:\/\/derechoyreligion-uc.urantiacos.cl\/wp-content\/uploads\/2023\/03\/Caratula_Simposio.png","articleSection":["Noticias"],"inLanguage":"en-US"},{"@type":"WebPage","@id":"https:\/\/derechoyreligion-uc.urantiacos.cl\/en\/centro-participa-en-simposio-latinoamericano-de-libertad-religiosa\/","url":"https:\/\/derechoyreligion-uc.urantiacos.cl\/en\/centro-participa-en-simposio-latinoamericano-de-libertad-religiosa\/","name":"Centro participa en Simposio Latinoamericano de Libertad Religiosa - Centro UC Derecho y Religi\u00f3n","isPartOf":{"@id":"https:\/\/derechoyreligion-uc.urantiacos.cl\/en\/#website"},"primaryImageOfPage":{"@id":"https:\/\/derechoyreligion-uc.urantiacos.cl\/en\/centro-participa-en-simposio-latinoamericano-de-libertad-religiosa\/#primaryimage"},"image":{"@id":"https:\/\/derechoyreligion-uc.urantiacos.cl\/en\/centro-participa-en-simposio-latinoamericano-de-libertad-religiosa\/#primaryimage"},"thumbnailUrl":"https:\/\/derechoyreligion-uc.urantiacos.cl\/wp-content\/uploads\/2023\/03\/Caratula_Simposio.png","datePublished":"2023-03-07T03:00:00+00:00","author":{"@id":"https:\/\/derechoyreligion-uc.urantiacos.cl\/en\/#\/schema\/person\/6cc7f593e2f49e3b770a06f63b58e3b1"},"breadcrumb":{"@id":"https:\/\/derechoyreligion-uc.urantiacos.cl\/en\/centro-participa-en-simposio-latinoamericano-de-libertad-religiosa\/#breadcrumb"},"inLanguage":"en-US","potentialAction":[{"@type":"ReadAction","target":["https:\/\/derechoyreligion-uc.urantiacos.cl\/en\/centro-participa-en-simposio-latinoamericano-de-libertad-religiosa\/"]}]},{"@type":"ImageObject","inLanguage":"en-US","@id":"https:\/\/derechoyreligion-uc.urantiacos.cl\/en\/centro-participa-en-simposio-latinoamericano-de-libertad-religiosa\/#primaryimage","url":"https:\/\/derechoyreligion-uc.urantiacos.cl\/wp-content\/uploads\/2023\/03\/Caratula_Simposio.png","contentUrl":"https:\/\/derechoyreligion-uc.urantiacos.cl\/wp-content\/uploads\/2023\/03\/Caratula_Simposio.png","width":1282,"height":1336},{"@type":"BreadcrumbList","@id":"https:\/\/derechoyreligion-uc.urantiacos.cl\/en\/centro-participa-en-simposio-latinoamericano-de-libertad-religiosa\/#breadcrumb","itemListElement":[{"@type":"ListItem","position":1,"name":"Portada","item":"https:\/\/derechoyreligion-uc.urantiacos.cl\/en\/"},{"@type":"ListItem","position":2,"name":"Centro participa en Simposio Latinoamericano de Libertad Religiosa"}]},{"@type":"WebSite","@id":"https:\/\/derechoyreligion-uc.urantiacos.cl\/en\/#website","url":"https:\/\/derechoyreligion-uc.urantiacos.cl\/en\/","name":"Centro UC Derecho y Religi\u00f3n","description":"","potentialAction":[{"@type":"SearchAction","target":{"@type":"EntryPoint","urlTemplate":"https:\/\/derechoyreligion-uc.urantiacos.cl\/en\/?s={search_term_string}"},"query-input":{"@type":"PropertyValueSpecification","valueRequired":true,"valueName":"search_term_string"}}],"inLanguage":"en-US"},{"@type":"Person","@id":"https:\/\/derechoyreligion-uc.urantiacos.cl\/en\/#\/schema\/person\/6cc7f593e2f49e3b770a06f63b58e3b1","name":"manadmin","sameAs":["https:\/\/derechoyreligion-uc.urantiacos.cl"]}]}},"_links":{"self":[{"href":"https:\/\/derechoyreligion-uc.urantiacos.cl\/en\/wp-json\/wp\/v2\/posts\/1354","targetHints":{"allow":["GET"]}}],"collection":[{"href":"https:\/\/derechoyreligion-uc.urantiacos.cl\/en\/wp-json\/wp\/v2\/posts"}],"about":[{"href":"https:\/\/derechoyreligion-uc.urantiacos.cl\/en\/wp-json\/wp\/v2\/types\/post"}],"author":[{"embeddable":true,"href":"https:\/\/derechoyreligion-uc.urantiacos.cl\/en\/wp-json\/wp\/v2\/users\/1"}],"replies":[{"embeddable":true,"href":"https:\/\/derechoyreligion-uc.urantiacos.cl\/en\/wp-json\/wp\/v2\/comments?post=1354"}],"version-history":[{"count":0,"href":"https:\/\/derechoyreligion-uc.urantiacos.cl\/en\/wp-json\/wp\/v2\/posts\/1354\/revisions"}],"wp:featuredmedia":[{"embeddable":true,"href":"https:\/\/derechoyreligion-uc.urantiacos.cl\/en\/wp-json\/wp\/v2\/media\/1501"}],"wp:attachment":[{"href":"https:\/\/derechoyreligion-uc.urantiacos.cl\/en\/wp-json\/wp\/v2\/media?parent=1354"}],"wp:term":[{"taxonomy":"category","embeddable":true,"href":"https:\/\/derechoyreligion-uc.urantiacos.cl\/en\/wp-json\/wp\/v2\/categories?post=1354"},{"taxonomy":"post_tag","embeddable":true,"href":"https:\/\/derechoyreligion-uc.urantiacos.cl\/en\/wp-json\/wp\/v2\/tags?post=1354"}],"curies":[{"name":"wp","href":"https:\/\/api.w.org\/{rel}","templated":true}]}}