
{"id":1353,"date":"2023-04-10T00:00:00","date_gmt":"2023-04-10T04:00:00","guid":{"rendered":"https:\/\/derechoyreligion-uc.urantiacos.cl\/postulaciones-abiertas-para-pasantia-2023\/"},"modified":"2023-04-10T00:00:00","modified_gmt":"2023-04-10T04:00:00","slug":"postulaciones-abiertas-para-pasantia-2023","status":"publish","type":"post","link":"https:\/\/derechoyreligion-uc.urantiacos.cl\/en\/postulaciones-abiertas-para-pasantia-2023\/","title":{"rendered":"Postulaciones abiertas para Pasant\u00eda 2023"},"content":{"rendered":"<article>\n<span><br \/>\n<\/span><\/p>\n<p><img decoding=\"async\" alt=\"Pasantia palabra2\" src=\"https:\/\/derechoyreligion-uc.urantiacos.cl\/wp-content\/uploads\/imagenes\/Pasantia_palabra2_3.png\"\/><\/p>\n<p>\u00a0<\/p>\n<p>El Centro UC Derecho y Religi\u00f3n invita a postular al Concurso de Pasant\u00edas 2023:<\/p>\n<p>\u00a0<\/p>\n<p><strong>PROGRAMA DE PASANT\u00cdA EN CENTRO UC DERECHO Y RELIGI\u00d3N \u2013 2023<\/strong><\/p>\n<p>\u00a0<\/p>\n<p>PRESENTACI\u00d3N<\/p>\n<p>El Centro UC Derecho y Religi\u00f3n de la Facultad de Derecho de la Pontificia Universidad de Chile se dedica al estudio de materias que abordan el derecho y la religi\u00f3n desde la perspectiva de la libertad religiosa. Esto incluye el estudio de las relaciones entre las entidades religiosas y el Estado, ya que al tratarse de un derecho humano fundamental consagrado en los tratados internacionales, este \u00faltimo debe procurar su respeto y promoci\u00f3n. De tal manera, son de inter\u00e9s del Centro asuntos tales como: religi\u00f3n y educaci\u00f3n; ense\u00f1anza de la religi\u00f3n en las escuelas p\u00fablicas; admisi\u00f3n de estudiantes en base a proyectos educativos; objeci\u00f3n de conciencia; asistencia espiritual en recintos especiales, como FFAA, hospitales y c\u00e1rceles; religi\u00f3n y derecho del trabajo; patrimonio cultural religioso; reconocimiento de s\u00edmbolos religiosos; la autonom\u00eda y la auto organizaci\u00f3n interna de las iglesias y de las organizaciones sociales de orientaci\u00f3n religiosa (escuelas, hospitales, etc); estatuto jur\u00eddico de las comunidades religiosas; estatuto jur\u00eddico de los ministros de culto; reconocimiento de los actos de culto; financiamiento de las confesiones religiosas; estudio y an\u00e1lisis cr\u00edtico del Derecho Eclesi\u00e1stico (normas jur\u00eddicas emanadas del Estado que se refieren al fen\u00f3meno religioso); acuerdos entre Estado y confesiones religiosas; entre otros.<br \/>El Centro UC Derecho y Religi\u00f3n desde sus inicios en 2005 ha contado con la generosa colaboraci\u00f3n de alumnos de la Facultad de Derecho de la Pontificia Universidad Cat\u00f3lica de Chile. Con el transcurso del tiempo, dicha ayuda se hizo m\u00e1s espor\u00e1dica, se requiri\u00f3 mayor especializaci\u00f3n, y estabilidad de los colaboradores con un t\u00edtulo profesional<br \/>En 2021, se implement\u00f3 un Programa de Pasant\u00edas con un doble prop\u00f3sito: contar con la ayuda necesaria en todos los \u00e1mbitos en los que el Centro desarrolla su quehacer, y las de gesti\u00f3n para desarrollarlas y, al mismo tiempo, contribuir en la formaci\u00f3n y experiencia de los alumnos, a trav\u00e9s del seguimiento de los encargos, retroalimentaci\u00f3n e intercambio entre los miembros del Centro o gracias a actividades de extensi\u00f3n.<br \/>Desde 2023, el Programa de Pasantes busca promover el trabajo interdisciplinario, entrenando y capacitando a alumnos de distintas disciplinas a quienes les interese profundizar \u2013desde la suya- en materias relacionadas con el derecho y la religi\u00f3n. Lo anterior se vincula con la investigaci\u00f3n, organizaci\u00f3n de la informaci\u00f3n, difusi\u00f3n, educaci\u00f3n continua, labores administrativas, destrezas en redes sociales, entre otras.<br \/>Las convocatorias se realizar\u00e1n generalmente en marzo y agosto de cada a\u00f1o, sin perjuicio de que se admita la postulaci\u00f3n en otro momento en la medida que hayan vacantes. Podr\u00e1n postular estudiantes y egresados de otras universidades pero tendr\u00e1n preferencia los de la Pontificia Universidad Cat\u00f3lica de Chile.<\/p>\n<p><strong>CARACTER\u00cdSTICAS DE LA PASANT\u00cdA<\/strong><br \/>1. La pasant\u00eda consiste en la realizaci\u00f3n de las tareas encomendadas por el profesor gu\u00eda, en el proyecto o proyectos al que sea asignado el pasante. Dependiendo de la naturaleza del proyecto, puede consistir en b\u00fasqueda, identificaci\u00f3n y fichaje de informaci\u00f3n; revisi\u00f3n de normativa, jurisprudencia y bibliograf\u00eda; proponer sistematizaci\u00f3n; elaboraci\u00f3n de documentos; colaboraci\u00f3n en dise\u00f1o de bases de datos y alimentarlas con informaci\u00f3n; planificaci\u00f3n y divulgaci\u00f3n de actividades acad\u00e9micas; elaboraci\u00f3n y organizaci\u00f3n de archivos; edici\u00f3n en revista digital; en general, colaborar en lo que requiera el proyecto.<br \/>2. Tambi\u00e9n podr\u00e1 rotar entre distintas tareas, dependiendo de la naturaleza y duraci\u00f3n de las mismas.<br \/>3. Colaborar en aspectos administrativos de las dos publicaciones electr\u00f3nicas del Centro: Bolet\u00edn Jur\u00eddico mensual de Latinoam\u00e9rica y el Caribe y, Revista Latinoamericana de Derecho y Religi\u00f3n.<br \/>4. Coordinar actividades de extensi\u00f3n del Centro, contactos con redes internacionales, redes sociales, etc.<br \/>5. Para la realizaci\u00f3n de las tareas mencionadas, se espera que los pasantes colaboren pro bono durante un per\u00edodo de seis meses con dedicaci\u00f3n de cinco horas a la semana \u2013 en horario flexible\u2013, incluyendo una reuni\u00f3n semanal a fijar con el profesor gu\u00eda. La Pasant\u00eda puede ser renovable por una vez. Al finalizar la pasant\u00eda, se entregar\u00e1 un certificado acreditando su participaci\u00f3n en la misma como en los documentos publicados o actividades realizadas en el Centro UC Derecho y Religi\u00f3n, seg\u00fan corresponda. Si por razones de fuerza mayor necesitan interrumpir el per\u00edodo se debe completar el mismo a fin de obtener el certificado. En la medida de lo posible, los pasantes pasar\u00e1n por al menos dos tareas durante el per\u00edodo de la pasant\u00eda.<\/p>\n<p>\u00a0<\/p>\n<p><strong>REQUISITOS<\/strong><br \/>1. Tener la calidad de egresado o alumno regular con disponibilidad inmediata.<br \/>1. Haber aprobado favorablemente determinados cursos. En el caso de estudiantes de Derecho: Derecho Constitucional; Derecho administrativo; Derecho Can\u00f3nico o alg\u00fan curso optativo en materia de libertad religiosa o las relaciones institucionales entre el Estado y las organizaciones religiosas. En el caso de los estudiantes de Comunicaciones: Taller de Periodismo en Prensa; Narraci\u00f3n Interactiva y\/o \u00c9tica de las comunicaciones. En el caso de otras carreras se evaluar\u00e1 individualmente.<br \/>2. Tener promedio de notas de al menos 5,5 en alguno de los cursos mencionados.<br \/>3. Presentar curriculum vitae y carta de motivaci\u00f3n personal. Fundamentar el inter\u00e9s por profundizar en las materias del Centro. Indicar si tiene preferencia por alguna de las \u00e1reas de trabajo ofrecidas.<br \/>4. Enviar los antecedentes a la coordinadora del Centro, Paulina Eyzaguirre <span>Esta direcci\u00f3n de correo electr\u00f3nico est\u00e1 siendo protegida contra los robots de spam. Necesita tener JavaScript habilitado para poder verlo.<\/span><br \/>5. Los postulantes ser\u00e1n citados a una entrevista.<br \/>6. El plazo de postulaci\u00f3n ser\u00e1 hasta el 14 de abril de 2023.<br \/>7. Una vez aceptado, deber\u00e1 firmar un compromiso de confidencialidad.<\/p>\n<p>\u00a0<\/p>\n<p><strong>MODALIDAD DE TRABAJO<\/strong><br \/>Para realizar su trabajo, los pasantes pueden realizarlo de manera no presencial en aquellos horarios compatibles con sus otras obligaciones.<br \/>Para su trabajo, cada pasante debe utilizar su propio computador. Los archivos se trabajan en Drives compartidos a los que acceden luego de firmar el compromiso de confidencialidad atendido tambi\u00e9n el C\u00f3digo de Honor de la Pontificia Universidad Cat\u00f3lica de Chile. Cada colaborador no deber\u00e1 utilizar la informaci\u00f3n obtenida durante la pasant\u00eda para fines personales. En caso de necesitarla para un fin espec\u00edfico, deber\u00e1 solicitarlo por escrito. La respuesta tambi\u00e9n se le dar\u00e1 por escrito.<br \/>En la medida de lo posible habr\u00e1 un(a) Coordinador(a) de Pasantes a fin de facilitar el trabajo de cada uno, identificar sus necesidades, proveer con los materiales que requieran, resolver sus dudas, etc. y mantener la debida comunicaci\u00f3n con el Consejo Directivo del Centro.<\/p>\n<p>\u00a0<\/p>\n<p><strong>\u00c1MBITOS DE TRABAJO 2023<\/strong><br \/>Durante 2023, los \u00e1mbitos de las pasant\u00edas en el Centro UC Derecho y Religi\u00f3n son las siguientes, las que pueden estar sujetas a modificaciones de acuerdo a la cantidad de pasantes con las que se cuente:<\/p>\n<p><span>COLABORACI\u00d3N EN PUBLICACIONES DEL CENTRO Y OTRAS COLABORACIONES INTERNAS<\/span><\/p>\n<p>\u00a0<\/p>\n<p><strong>BOLET\u00cdN JUR\u00cdDICO \u2013 OBSERVATORIO DE LIBERTAD RELIGIOSA EN AM\u00c9RICA LATINA Y EL CARIBE<\/strong><br \/>Profesor: Ren\u00e9 Cort\u00ednez S.J.<br \/>Destinatarios: estudiantes de derecho, comunicaciones, literatura, sociolog\u00eda, ingenier\u00eda, econom\u00eda, matem\u00e1ticas, geograf\u00eda, college y otras disciplinas afines<br \/>Duraci\u00f3n 2, 4 o 6 meses<br \/>Cantidad de alumnos: todos los interesados<br \/>Necesidades del proyecto:<br \/>a) Descripci\u00f3n de los contenidos publicados en el BJ, utilizando el Thesauro Vox (UE)<br \/>b) Identificar las voces que resulta necesario incorporar al Thesauro<br \/>c) Examinar el material publicado, reunido hasta la fecha, as\u00ed como el buscador de OJS, y formular un diagn\u00f3stico en cuanto a la conveniencia o no de contar con una base de datos independiente, debiendo identificar ventajas y dificultades de las opciones posibles.<br \/>Resultados esperados: permitir la recuperaci\u00f3n de informaci\u00f3n correspondiente a los documentos publicados, aunque los descriptores no formen parte del t\u00edtulo consignado en OJS.<\/p>\n<p><strong>RECABAR INFORMACI\u00d3N \u2013 REVISTA LATINOAMERICANA DE DERECHO Y RELIGI\u00d3N<\/strong><br \/>Profesora: Ana Mar\u00eda Celis<br \/>Destinatarios: estudiantes de derecho, periodismo, literatura, sociolog\u00eda, historia, college<br \/>Duraci\u00f3n 2 meses (por pareja de pasantes de cualquier disciplina), 6 meses el proyecto<br \/>Cantidad de alumnos: 2<br \/>Necesidades del proyecto:<br \/>a) Identificar posibles autores para pr\u00f3ximos n\u00fameros de la revista<br \/>b) Identificar posibles evaluadores para la revista<br \/>c) Colaborar en el proceso de indexaci\u00f3n<br \/>Resultados esperados: actualizar la informaci\u00f3n necesaria para la indexaci\u00f3n y para el buen desarrollo de la revista.<\/p>\n<p><strong>PREPARACI\u00d3N DE CONGRESO SOBRE PLURALISMO EN LA EDUCACI\u00d3N EN AM\u00c9RICA LATINA (8\u20139 DE MAYO)<\/strong><br \/>Profesora: Ana Mar\u00eda Celis<br \/>Destinatarios: estudiantes de derecho, periodismo, literatura, sociolog\u00eda, historia, ingenier\u00eda, econom\u00eda, college<br \/>Duraci\u00f3n: 5 meses<br \/>Cantidad de alumnos: 2<br \/>Necesidades del proyecto:<br \/>a) Planificar el Congreso<br \/>b) Divulgarlo<br \/>c) Preparar todos los aspectos log\u00edsticos: salas, traducci\u00f3n, invitados, etc.<br \/>d) Llevar la contabilidad<br \/>e) Mantener la comunicaci\u00f3n con los asistentes<br \/>f) Elaborar programa, etc.<br \/>g) Elaborar archivo digital con ponencias, video, etc.<br \/>Resultados esperados: realizar el congreso sobre el tema de investigaci\u00f3n junto a la Universidad de Notre Dame con los fondos de ND \u2013UC \/ Chile Luksic Scholars Joint Research Award.<\/p>\n<p><strong>ACTUALIZACI\u00d3N Y MEJORAMIENTO DE P\u00c1GINA WEB<\/strong><br \/>Coordinadora: Paulina Eyzaguirre<br \/>Destinatarios: estudiantes de derecho, periodismo, comunicaciones, historia, college, literatura, blibliotecolog\u00eda, archiv\u00edstica, arte, dise\u00f1o, ingenier\u00eda y otras disciplinas afines<br \/>Duraci\u00f3n: 4 meses<br \/>Cantidad de alumnos: 4 (idealmente que conozcan sistema Joomla)<br \/>Necesidades del proyecto:<br \/>a) Actualizar destacados, redactar notas, completar notas existentes, agregar fotograf\u00edas y metadatos<br \/>b) Actualizar CV de miembros y colaboradores del Centro<br \/>c) Identificar links de documentos, webinars, seminarios, etc. para que queden disponibles para su consulta<br \/>d) En secci\u00f3n Bolet\u00edn Jur\u00eddico: revisi\u00f3n de enlaces y evaluar estado y mejoramiento de metadatos<br \/>e) Revisar funcionamiento y actualizar secci\u00f3n enlaces de inter\u00e9s e identificar otros<br \/>f) Dise\u00f1o, organizaci\u00f3n y contenido de secci\u00f3n documentos<br \/>g) Habilitar men\u00fa en ingl\u00e9s, con traducci\u00f3n de t\u00edtulos de las secciones, que faciliten la navegaci\u00f3n de personas de habla inglesa, aunque el contenido de los documentos seguir\u00e1n siendo en espa\u00f1ol<br \/>h) Colaborar en redise\u00f1o y organizaci\u00f3n de la p\u00e1gina<br \/>Resultados esperados: p\u00e1gina web que cubra las actividades del Centro, con informaci\u00f3n que permita acceder a contenidos y que facilite la b\u00fasqueda de informaci\u00f3n para promover la difusi\u00f3n de los temas propios del Centro.<\/p>\n<p><span>COLABORACI\u00d3N PARA ART\u00cdCULOS ACAD\u00c9MICOS<\/span><\/p>\n<p>Duraci\u00f3n: 3 meses por pareja de pasantes por 6 meses en total<\/p>\n<p><strong>LAICIDAD EN LATINOAM\u00c9RICA<\/strong><br \/>Profesora: Ana Mar\u00eda Celis<br \/>Destinatarios: estudiantes de derecho, periodismo, literatura, sociolog\u00eda, historia, ingenier\u00eda, econom\u00eda, matem\u00e1ticas, geograf\u00eda, college y otras disciplinas afines<br \/>Duraci\u00f3n: 2, 4 o 6 meses<br \/>Cantidad de alumnos: 2<br \/>Necesidades del proyecto:<br \/>a) Actualizar informaci\u00f3n disponible<br \/>b) Fichar art\u00edculos y sentencias<br \/>c) Traspasarlo a los archivos necesarios (Excel, cuestionario Google, otro)<br \/>d) Proponer sistematizaci\u00f3n<br \/>e) Contacto con el ingeniero para traspasar la informaci\u00f3n a pbi y dejarla disponible en el sitio web nuestro<br \/>f) Transcribir lo necesario<br \/>g) Hacer las notas a pie de p\u00e1gina<br \/>h) Editar<br \/>Resultados esperados: a) art\u00edculo en revista relevante a nivel internacional; b) preparar los insumos para presentaci\u00f3n en pbi que se pueda instalar en nuestro sitio web con las constituciones, TTII y Acuerdos de la Santa Sede con pa\u00edses de la regi\u00f3n y, c) preparaci\u00f3n y clasificaci\u00f3n de material para el eventual libro sobre el tema en LA.<br \/>Nota: eventualmente, convendr\u00eda traducir este art\u00edculo para publicarlo en revista en ingl\u00e9s.<\/p>\n<p>\u00a0<\/p>\n<p><strong>ACTUALIZACI\u00d3N DE LA OBRA PUBLICADA EN 2010: DERECHO ECLESI\u00c1STICO CHILENO<\/strong><br \/>Profesores: Ana Mar\u00eda Celis, Ren\u00e9 Cort\u00ednez S.J. y Mar\u00eda Elena Pimstein<br \/>Destinatarios: estudiantes de derecho, periodismo, college<br \/>Duraci\u00f3n 2, 4 o 6 meses<br \/>Cantidad de alumnos: todos los interesados<br \/>Necesidades del proyecto:<br \/>a) Actualizaci\u00f3n de las normas jur\u00eddicas incluidas en la obra original<br \/>b) Revisi\u00f3n de las leyes dictadas desde 2019 a 2023<br \/>c) Revisi\u00f3n de los tratados internacionales, y sus modificaciones, desde 2019 a 2023<br \/>d) Revisi\u00f3n de jurisprudencia relevante relacionada<br \/>e) Revisi\u00f3n de las modificaciones al C\u00f3digo de Derecho Can\u00f3nico, y su legislaci\u00f3n complementaria, desde 2019 a 2023<br \/>f) Actualizaci\u00f3n de la bibliograf\u00eda publicada desde 2019 a 2023<br \/>g) Seguimiento de los trabajos para una nueva constituci\u00f3n en los temas relacionados<br \/>Resultados esperados: publicaci\u00f3n de una edici\u00f3n actualizada y aumentada de la obra original<\/p>\n<p><strong>ACTUALIZACI\u00d3N DE ART\u00cdCULO ACERCA DEL FINANCIAMIENTO DE LAS ORGANIZACIONES RELIGIOSAS EN CHILE<\/strong><br \/>Profesora: Ana Mar\u00eda Celis<br \/>Destinatarios: estudiantes de derecho, periodismo, college<br \/>Duraci\u00f3n 2 meses (por pareja de pasantes de cualquier disciplina), 4 meses el proyecto<br \/>Cantidad de alumnos: 2<br \/>Necesidades del proyecto:<br \/>a) Revisar informaci\u00f3n necesaria de actualizar<br \/>b) Revisar bibliograf\u00eda<br \/>c) Proponer sistematizaci\u00f3n<br \/>d) Preparar la primera redacci\u00f3n, incluyendo notas<br \/>Resultados esperados: art\u00edculo para publicar en revista de impacto nacional.<\/p>\n<p><strong>APLICACI\u00d3N DE LA LEY N\u00ba19.638, SOBRE PERSONALIDAD JUR\u00cdDICA DE ENTIDADES RELIGIOSAS EN CHILE \u2013 PROYECTO PUENTE<\/strong><br \/>Profesores: Ana Mar\u00eda Celis y Ren\u00e9 Cort\u00ednez S.J.<br \/>Destinatarios: Estudiantes de derecho, periodismo, sociolog\u00eda, historia<br \/>Duraci\u00f3n 2, 4 o 6 meses (por pareja de pasantes de cualquier disciplina), 6 meses el proyecto<br \/>Cantidad de alumnos: 6<br \/>Necesidades del proyecto:<br \/>a) Revisi\u00f3n de expedientes de otorgamiento de personalidad jur\u00eddica disponibles en el Ministerio de Justicia y fichar la informaci\u00f3n<br \/>b) Identificar aspectos relevantes de su tramitaci\u00f3n, intervinientes u otros<br \/>c) Consignar y describir el &#8220;derecho propio&#8221; de dichas organizaciones, en los casos en que les sea especialmente reconocido<br \/>d) Identificar las caracter\u00edsticas de una base de datos adecuada para el manejo de la informaci\u00f3n, e ingresar la que se encuentra disponible.<br \/>e) Proponer sistematizaci\u00f3n<br \/>f) Proponer estructura del art\u00edculo<br \/>Resultados esperados: a) art\u00edculo para publicar en revista de impacto nacional; b) actualizar la informaci\u00f3n sobre las iglesias constituidas desde la vigencia de la ley y hasta 2023; c) disponer de una base de datos que permita &#8220;leer&#8221; la informaci\u00f3n disponible para un an\u00e1lisis de la aplicaci\u00f3n de la ley, de cara a formular propuestas de modificaci\u00f3n.<\/p>\n<p><strong>CONCORDATOS Y ACUERDOS CELEBRADOS ENTRE LA SANTA SEDE Y LOS ESTADOS DEL MUNDO<\/strong><br \/>Profesores: Ana Mar\u00eda Celis y Ren\u00e9 Cort\u00ednez S.J.<br \/>Destinatarios: Estudiantes de historia, periodismo, pedagog\u00eda, literatura, derecho, bibliotecolog\u00eda, archiv\u00edstica, arte, dise\u00f1o, matem\u00e1ticas, ingenier\u00eda, econom\u00eda, estad\u00edstica, geograf\u00eda y otras disciplinas afines<br \/>Duraci\u00f3n 2, 4 o 6 meses<br \/>Cantidad de alumnos: todos los interesados<br \/>Necesidades del proyecto:<br \/>a) Revisar informaci\u00f3n necesaria de actualizar<br \/>b) Revisar bibliograf\u00eda<br \/>c) Identificar las caracter\u00edsticas de una base de datos adecuada para el manejo de la informaci\u00f3n, e ingresar la que se encuentra disponible.<br \/>d) Proponer sistematizaci\u00f3n<br \/>e) Proponer estructura del art\u00edculo<br \/>Resultados esperados: a) publicaci\u00f3n de una recopilaci\u00f3n de los acuerdos celebrados por la Santa Sede, se encuentren vigentes o no, con un comentario a los textos y an\u00e1lisis en perspectiva de la evoluci\u00f3n de estos instrumentos jur\u00eddicos; b) base de datos, de f\u00e1cil consulta, que incluya la representaci\u00f3n gr\u00e1fica de continentes, pa\u00edses, materias, vigencia, etc.<\/p>\n<p>\u00a0<\/p>\n<p><span>INVESTIGACIONES INTERDISCIPLINARIAS<\/span><\/p>\n<p><span><\/span><br \/><strong>PUEBLOS ORIGINARIOS Y CREENCIAS<\/strong><br \/>Profesor: Ren\u00e9 Cort\u00ednez S.J.<br \/>Destinatarios: estudiantes de derecho, historia, sociolog\u00eda, geograf\u00eda, antropolog\u00eda<br \/>Duraci\u00f3n 2, 4 o 6 meses<br \/>Cantidad de alumnos: todos los interesados<br \/>Necesidades del proyecto:<br \/>a) Identificaci\u00f3n de las manifestaciones de creencias, sabidur\u00edas ancestrales, relaciones con la naturaleza y el medio ambiente, de los pueblos originarios presentes en Chile<br \/>b) Identificaci\u00f3n de las normas jur\u00eddicas estatales que refieren a las creencias, lugares ceremoniales, mediadores reconocidos, cementerios, celebraciones, relaciones particulares con la naturaleza, etc.<br \/>c) Identificaci\u00f3n de la jurisprudencia en la que se aplican estas normas, o incluyen pronunciamientos sobre estas materias.<br \/>d) Identificaci\u00f3n de las normas jur\u00eddicas internacionales que obligan al Estado de Chile, en las materias ya descritas.<br \/>Resultados esperados: art\u00edculo cient\u00edfico sobre el estatuto jur\u00eddico que se reconoce en Chile a las creencias y cosmovisiones de los pueblos originarios.<\/p>\n<p><strong>ESTATUTO JUR\u00cdDICO DEL PATRIMONIO CULTURAL DE LAS ENTIDADES RELIGIOSAS EN CHILE<\/strong><br \/>Profesor: Ren\u00e9 Cort\u00ednez S.J.<br \/>Destinatarios: estudiantes de historia, arquitectura, periodismo, pedagog\u00eda, literatura, derecho, bibliotecolog\u00eda, archiv\u00edstica, arte, dise\u00f1o, geograf\u00eda, m\u00fasica y otras disciplinas afines<br \/>Duraci\u00f3n 2, 4 o 6 meses<br \/>Cantidad de alumnos: todos los interesados<br \/>Necesidades del proyecto:<br \/>a) Diagn\u00f3stico sobre la identificaci\u00f3n del patrimonio cultural de las confesiones y entidades religiosas en Chile, de car\u00e1cter material e inmaterial; declaratorias y\/o reconocimientos del que han sido objeto.<br \/>b) Identificaci\u00f3n de las normas jur\u00eddicas estatales que refieren al patrimonio cultural perteneciente u originado por las confesiones religiosas (obras art\u00edsticas, edificios, lugares, fiestas, patrimonio inmaterial, archivos, bibliotecas)<br \/>c) Identificaci\u00f3n de la jurisprudencia en la que se aplican estas normas, o incluyen pronunciamientos sobre estas materias.<br \/>d) Identificaci\u00f3n de las normas jur\u00eddicas internacionales que obligan al Estado de Chile, en las materias ya descritas.<br \/>e) Revisi\u00f3n del estatuto jur\u00eddico aplicable en Am\u00e9rica Latina y El Caribe<br \/>f) Revisi\u00f3n del estatuto jur\u00eddico aplicable en: Espa\u00f1a, Italia, Alemania, Gran Breta\u00f1a y Estados Unidos de Am\u00e9rica.<br \/>Resultados esperados: art\u00edculo cient\u00edfico sobre el estatuto jur\u00eddico que se reconoce en Chile al patrimonio cultural de las confesiones y entidades religiosas.<\/p>\n<p><span>INVESTIGACI\u00d3N INTERDISCIPLINARIAS CON UNIVERSIDAD DE NOTRE DAME<\/span><br \/>La interdisciplinariedad del proyecto es tanto a nivel nacional (educaci\u00f3n, sociolog\u00eda, ingenier\u00eda) como internacional (derecho, educaci\u00f3n) con profesores de la Universidad de Notre Dame.<\/p>\n<p><strong>PLURALISMO Y EDUCACI\u00d3N EN AM\u00c9RICA LATINA<\/strong><br \/>Profesora: Ana Mar\u00eda Celis<br \/>Se trata de un proyecto que tiene 3 partes que requieren de colaboraci\u00f3n:<\/p>\n<p><strong>EDUCACI\u00d3N ESCOLAR Y RELIGI\u00d3N EN LATINOAM\u00c9RICA<\/strong><br \/>Se trata de la recopilaci\u00f3n (en ingl\u00e9s y espa\u00f1ol) normativa y jurisprudencial de pa\u00edses de la regi\u00f3n como insumo para s\u00edntesis de cada pa\u00eds. Se debe adem\u00e1s colaborar en la traducci\u00f3n de dichas s\u00edntesis que se alojar\u00e1n en el sitio web de Kellogg y reiterados en nuestros propios sitios. Est\u00e1 en su fase final de recopilaci\u00f3n a la que seguir\u00e1 la etapa de capacitaci\u00f3n, por lo que sirve adem\u00e1s dejar preparado el material.<br \/>Duraci\u00f3n 2 meses (por pareja de pasantes de cualquier disciplina), 6 meses el proyecto.<br \/>Cantidad de alumnos: 6 en total<br \/>Necesidades del proyecto:<br \/>a) Revisar informaci\u00f3n necesaria de actualizar<br \/>b) Revisar bibliograf\u00eda para la parte hist\u00f3rica<br \/>c) Mantener contacto con el equipo de investigaci\u00f3n<br \/>d) Enviar y recibir respuesta de revisores regionales<br \/>e) Fichar la jurisprudencia teniendo presente que sirva como insumo de posteriores capacitaciones.<br \/>f) Preparar material para la capacitaci\u00f3n de abogados especialistas en temas educacionales en la regi\u00f3n<br \/>Resultados esperados: libro junto a Nicole Garnett (U. Notre Dame) con el contenido de la investigaci\u00f3n.<\/p>\n<p><strong>APORTE\/CONTRIBUCI\u00d3N DE LAS ORGANIZACIONES BASADAS EN LA FE EN CHILE<\/strong><br \/>Se trata de la identificaci\u00f3n de las OBF de entre el listado de las Organizaciones de la Sociedad Civil que se debe completar con entrevistas seg\u00fan pauta. Los resultados sirven en dos idiomas.<br \/>Duraci\u00f3n 2 meses (por pareja de pasantes de cualquier disciplina), 4 meses el proyecto.<br \/>Cantidad de alumnos: 4 en total<br \/>Necesidades del proyecto:<br \/>a) Revisar informaci\u00f3n necesaria de actualizar<br \/>b) Revisar bibliograf\u00eda<br \/>c) Identificar las OBF en Chile y fichar<br \/>d) Realizar las entrevistas cuando se requiera<br \/>e) Proponer sistematizaci\u00f3n y an\u00e1lisis seg\u00fan lo observado<br \/>Resultados esperados: art\u00edculo en ingl\u00e9s junto al equipo de investigaci\u00f3n.<br \/>Nota: la idea es ampliar esta investigaci\u00f3n a otros pa\u00edses.<\/p>\n<p><strong>EDUCACION ESCOLAR Y RELIGI\u00d3N EN CHILE<\/strong><br \/>En esta fase de la investigaci\u00f3n se trata de confrontar<br \/>Duraci\u00f3n 2 meses (por pareja de pasantes de cualquier disciplina), 4 meses el proyecto.<br \/>Cantidad de alumnos: 4 en total<br \/>Necesidades del proyecto:<br \/>a) Revisar informaci\u00f3n necesaria de actualizar<br \/>b) Completar la base de datos en formato para su debido an\u00e1lisis (pbi)<br \/>c) Proponer an\u00e1lisis<br \/>Resultados esperados: art\u00edculo en ingl\u00e9s junto al equipo de investigaci\u00f3n.<br \/>Nota: la idea es ampliar esta investigaci\u00f3n a otros pa\u00edses.<\/p>\n<\/article>\n","protected":false},"excerpt":{"rendered":"<p>El Centro UC Derecho y Religi\u00f3n invita a postular al Concurso de Pasant\u00edas 2023:<\/p>\n","protected":false},"author":1,"featured_media":1499,"comment_status":"","ping_status":"","sticky":false,"template":"","format":"standard","meta":{"_acf_changed":false,"footnotes":""},"categories":[1],"tags":[],"class_list":["post-1353","post","type-post","status-publish","format-standard","has-post-thumbnail","hentry","category-noticias"],"acf":[],"yoast_head":"<!-- This site is optimized with the Yoast SEO plugin v27.1.1 - https:\/\/yoast.com\/product\/yoast-seo-wordpress\/ -->\n<title>Postulaciones abiertas para Pasant\u00eda 2023 - Centro UC Derecho y Religi\u00f3n<\/title>\n<meta name=\"robots\" content=\"index, follow, max-snippet:-1, max-image-preview:large, max-video-preview:-1\" \/>\n<link rel=\"canonical\" href=\"https:\/\/derechoyreligion-uc.urantiacos.cl\/en\/postulaciones-abiertas-para-pasantia-2023\/\" \/>\n<meta property=\"og:locale\" content=\"en_US\" \/>\n<meta property=\"og:type\" content=\"article\" \/>\n<meta property=\"og:title\" content=\"Postulaciones abiertas para Pasant\u00eda 2023 - Centro UC Derecho y Religi\u00f3n\" \/>\n<meta property=\"og:description\" content=\"El Centro UC Derecho y Religi\u00f3n invita a postular al Concurso de Pasant\u00edas 2023:\" \/>\n<meta property=\"og:url\" content=\"https:\/\/derechoyreligion-uc.urantiacos.cl\/en\/postulaciones-abiertas-para-pasantia-2023\/\" \/>\n<meta property=\"og:site_name\" content=\"Centro UC Derecho y Religi\u00f3n\" \/>\n<meta property=\"article:published_time\" content=\"2023-04-10T04:00:00+00:00\" \/>\n<meta property=\"og:image\" content=\"https:\/\/derechoyreligion-uc.urantiacos.cl\/wp-content\/uploads\/2023\/04\/Pasantia_palabra2_3.png\" \/>\n\t<meta property=\"og:image:width\" content=\"368\" \/>\n\t<meta property=\"og:image:height\" content=\"188\" \/>\n\t<meta property=\"og:image:type\" content=\"image\/png\" \/>\n<meta name=\"author\" content=\"manadmin\" \/>\n<meta name=\"twitter:card\" content=\"summary_large_image\" \/>\n<meta name=\"twitter:label1\" content=\"Written by\" \/>\n\t<meta name=\"twitter:data1\" content=\"manadmin\" \/>\n\t<meta name=\"twitter:label2\" content=\"Est. reading time\" \/>\n\t<meta name=\"twitter:data2\" content=\"17 minutes\" \/>\n<script type=\"application\/ld+json\" class=\"yoast-schema-graph\">{\"@context\":\"https:\/\/schema.org\",\"@graph\":[{\"@type\":\"Article\",\"@id\":\"https:\/\/derechoyreligion-uc.urantiacos.cl\/en\/postulaciones-abiertas-para-pasantia-2023\/#article\",\"isPartOf\":{\"@id\":\"https:\/\/derechoyreligion-uc.urantiacos.cl\/en\/postulaciones-abiertas-para-pasantia-2023\/\"},\"author\":{\"name\":\"manadmin\",\"@id\":\"https:\/\/derechoyreligion-uc.urantiacos.cl\/en\/#\/schema\/person\/6cc7f593e2f49e3b770a06f63b58e3b1\"},\"headline\":\"Postulaciones abiertas para Pasant\u00eda 2023\",\"datePublished\":\"2023-04-10T04:00:00+00:00\",\"mainEntityOfPage\":{\"@id\":\"https:\/\/derechoyreligion-uc.urantiacos.cl\/en\/postulaciones-abiertas-para-pasantia-2023\/\"},\"wordCount\":3341,\"image\":{\"@id\":\"https:\/\/derechoyreligion-uc.urantiacos.cl\/en\/postulaciones-abiertas-para-pasantia-2023\/#primaryimage\"},\"thumbnailUrl\":\"https:\/\/derechoyreligion-uc.urantiacos.cl\/wp-content\/uploads\/2023\/04\/Pasantia_palabra2_3.png\",\"articleSection\":[\"Noticias\"],\"inLanguage\":\"en-US\"},{\"@type\":\"WebPage\",\"@id\":\"https:\/\/derechoyreligion-uc.urantiacos.cl\/en\/postulaciones-abiertas-para-pasantia-2023\/\",\"url\":\"https:\/\/derechoyreligion-uc.urantiacos.cl\/en\/postulaciones-abiertas-para-pasantia-2023\/\",\"name\":\"Postulaciones abiertas para Pasant\u00eda 2023 - Centro UC Derecho y Religi\u00f3n\",\"isPartOf\":{\"@id\":\"https:\/\/derechoyreligion-uc.urantiacos.cl\/en\/#website\"},\"primaryImageOfPage\":{\"@id\":\"https:\/\/derechoyreligion-uc.urantiacos.cl\/en\/postulaciones-abiertas-para-pasantia-2023\/#primaryimage\"},\"image\":{\"@id\":\"https:\/\/derechoyreligion-uc.urantiacos.cl\/en\/postulaciones-abiertas-para-pasantia-2023\/#primaryimage\"},\"thumbnailUrl\":\"https:\/\/derechoyreligion-uc.urantiacos.cl\/wp-content\/uploads\/2023\/04\/Pasantia_palabra2_3.png\",\"datePublished\":\"2023-04-10T04:00:00+00:00\",\"author\":{\"@id\":\"https:\/\/derechoyreligion-uc.urantiacos.cl\/en\/#\/schema\/person\/6cc7f593e2f49e3b770a06f63b58e3b1\"},\"breadcrumb\":{\"@id\":\"https:\/\/derechoyreligion-uc.urantiacos.cl\/en\/postulaciones-abiertas-para-pasantia-2023\/#breadcrumb\"},\"inLanguage\":\"en-US\",\"potentialAction\":[{\"@type\":\"ReadAction\",\"target\":[\"https:\/\/derechoyreligion-uc.urantiacos.cl\/en\/postulaciones-abiertas-para-pasantia-2023\/\"]}]},{\"@type\":\"ImageObject\",\"inLanguage\":\"en-US\",\"@id\":\"https:\/\/derechoyreligion-uc.urantiacos.cl\/en\/postulaciones-abiertas-para-pasantia-2023\/#primaryimage\",\"url\":\"https:\/\/derechoyreligion-uc.urantiacos.cl\/wp-content\/uploads\/2023\/04\/Pasantia_palabra2_3.png\",\"contentUrl\":\"https:\/\/derechoyreligion-uc.urantiacos.cl\/wp-content\/uploads\/2023\/04\/Pasantia_palabra2_3.png\",\"width\":368,\"height\":188},{\"@type\":\"BreadcrumbList\",\"@id\":\"https:\/\/derechoyreligion-uc.urantiacos.cl\/en\/postulaciones-abiertas-para-pasantia-2023\/#breadcrumb\",\"itemListElement\":[{\"@type\":\"ListItem\",\"position\":1,\"name\":\"Portada\",\"item\":\"https:\/\/derechoyreligion-uc.urantiacos.cl\/en\/\"},{\"@type\":\"ListItem\",\"position\":2,\"name\":\"Postulaciones abiertas para Pasant\u00eda 2023\"}]},{\"@type\":\"WebSite\",\"@id\":\"https:\/\/derechoyreligion-uc.urantiacos.cl\/en\/#website\",\"url\":\"https:\/\/derechoyreligion-uc.urantiacos.cl\/en\/\",\"name\":\"Centro UC Derecho y Religi\u00f3n\",\"description\":\"\",\"potentialAction\":[{\"@type\":\"SearchAction\",\"target\":{\"@type\":\"EntryPoint\",\"urlTemplate\":\"https:\/\/derechoyreligion-uc.urantiacos.cl\/en\/?s={search_term_string}\"},\"query-input\":{\"@type\":\"PropertyValueSpecification\",\"valueRequired\":true,\"valueName\":\"search_term_string\"}}],\"inLanguage\":\"en-US\"},{\"@type\":\"Person\",\"@id\":\"https:\/\/derechoyreligion-uc.urantiacos.cl\/en\/#\/schema\/person\/6cc7f593e2f49e3b770a06f63b58e3b1\",\"name\":\"manadmin\",\"sameAs\":[\"https:\/\/derechoyreligion-uc.urantiacos.cl\"]}]}<\/script>\n<!-- \/ Yoast SEO plugin. -->","yoast_head_json":{"title":"Postulaciones abiertas para Pasant\u00eda 2023 - Centro UC Derecho y Religi\u00f3n","robots":{"index":"index","follow":"follow","max-snippet":"max-snippet:-1","max-image-preview":"max-image-preview:large","max-video-preview":"max-video-preview:-1"},"canonical":"https:\/\/derechoyreligion-uc.urantiacos.cl\/en\/postulaciones-abiertas-para-pasantia-2023\/","og_locale":"en_US","og_type":"article","og_title":"Postulaciones abiertas para Pasant\u00eda 2023 - Centro UC Derecho y Religi\u00f3n","og_description":"El Centro UC Derecho y Religi\u00f3n invita a postular al Concurso de Pasant\u00edas 2023:","og_url":"https:\/\/derechoyreligion-uc.urantiacos.cl\/en\/postulaciones-abiertas-para-pasantia-2023\/","og_site_name":"Centro UC Derecho y Religi\u00f3n","article_published_time":"2023-04-10T04:00:00+00:00","og_image":[{"width":368,"height":188,"url":"https:\/\/derechoyreligion-uc.urantiacos.cl\/wp-content\/uploads\/2023\/04\/Pasantia_palabra2_3.png","type":"image\/png"}],"author":"manadmin","twitter_card":"summary_large_image","twitter_misc":{"Written by":"manadmin","Est. reading time":"17 minutes"},"schema":{"@context":"https:\/\/schema.org","@graph":[{"@type":"Article","@id":"https:\/\/derechoyreligion-uc.urantiacos.cl\/en\/postulaciones-abiertas-para-pasantia-2023\/#article","isPartOf":{"@id":"https:\/\/derechoyreligion-uc.urantiacos.cl\/en\/postulaciones-abiertas-para-pasantia-2023\/"},"author":{"name":"manadmin","@id":"https:\/\/derechoyreligion-uc.urantiacos.cl\/en\/#\/schema\/person\/6cc7f593e2f49e3b770a06f63b58e3b1"},"headline":"Postulaciones abiertas para Pasant\u00eda 2023","datePublished":"2023-04-10T04:00:00+00:00","mainEntityOfPage":{"@id":"https:\/\/derechoyreligion-uc.urantiacos.cl\/en\/postulaciones-abiertas-para-pasantia-2023\/"},"wordCount":3341,"image":{"@id":"https:\/\/derechoyreligion-uc.urantiacos.cl\/en\/postulaciones-abiertas-para-pasantia-2023\/#primaryimage"},"thumbnailUrl":"https:\/\/derechoyreligion-uc.urantiacos.cl\/wp-content\/uploads\/2023\/04\/Pasantia_palabra2_3.png","articleSection":["Noticias"],"inLanguage":"en-US"},{"@type":"WebPage","@id":"https:\/\/derechoyreligion-uc.urantiacos.cl\/en\/postulaciones-abiertas-para-pasantia-2023\/","url":"https:\/\/derechoyreligion-uc.urantiacos.cl\/en\/postulaciones-abiertas-para-pasantia-2023\/","name":"Postulaciones abiertas para Pasant\u00eda 2023 - Centro UC Derecho y Religi\u00f3n","isPartOf":{"@id":"https:\/\/derechoyreligion-uc.urantiacos.cl\/en\/#website"},"primaryImageOfPage":{"@id":"https:\/\/derechoyreligion-uc.urantiacos.cl\/en\/postulaciones-abiertas-para-pasantia-2023\/#primaryimage"},"image":{"@id":"https:\/\/derechoyreligion-uc.urantiacos.cl\/en\/postulaciones-abiertas-para-pasantia-2023\/#primaryimage"},"thumbnailUrl":"https:\/\/derechoyreligion-uc.urantiacos.cl\/wp-content\/uploads\/2023\/04\/Pasantia_palabra2_3.png","datePublished":"2023-04-10T04:00:00+00:00","author":{"@id":"https:\/\/derechoyreligion-uc.urantiacos.cl\/en\/#\/schema\/person\/6cc7f593e2f49e3b770a06f63b58e3b1"},"breadcrumb":{"@id":"https:\/\/derechoyreligion-uc.urantiacos.cl\/en\/postulaciones-abiertas-para-pasantia-2023\/#breadcrumb"},"inLanguage":"en-US","potentialAction":[{"@type":"ReadAction","target":["https:\/\/derechoyreligion-uc.urantiacos.cl\/en\/postulaciones-abiertas-para-pasantia-2023\/"]}]},{"@type":"ImageObject","inLanguage":"en-US","@id":"https:\/\/derechoyreligion-uc.urantiacos.cl\/en\/postulaciones-abiertas-para-pasantia-2023\/#primaryimage","url":"https:\/\/derechoyreligion-uc.urantiacos.cl\/wp-content\/uploads\/2023\/04\/Pasantia_palabra2_3.png","contentUrl":"https:\/\/derechoyreligion-uc.urantiacos.cl\/wp-content\/uploads\/2023\/04\/Pasantia_palabra2_3.png","width":368,"height":188},{"@type":"BreadcrumbList","@id":"https:\/\/derechoyreligion-uc.urantiacos.cl\/en\/postulaciones-abiertas-para-pasantia-2023\/#breadcrumb","itemListElement":[{"@type":"ListItem","position":1,"name":"Portada","item":"https:\/\/derechoyreligion-uc.urantiacos.cl\/en\/"},{"@type":"ListItem","position":2,"name":"Postulaciones abiertas para Pasant\u00eda 2023"}]},{"@type":"WebSite","@id":"https:\/\/derechoyreligion-uc.urantiacos.cl\/en\/#website","url":"https:\/\/derechoyreligion-uc.urantiacos.cl\/en\/","name":"Centro UC Derecho y Religi\u00f3n","description":"","potentialAction":[{"@type":"SearchAction","target":{"@type":"EntryPoint","urlTemplate":"https:\/\/derechoyreligion-uc.urantiacos.cl\/en\/?s={search_term_string}"},"query-input":{"@type":"PropertyValueSpecification","valueRequired":true,"valueName":"search_term_string"}}],"inLanguage":"en-US"},{"@type":"Person","@id":"https:\/\/derechoyreligion-uc.urantiacos.cl\/en\/#\/schema\/person\/6cc7f593e2f49e3b770a06f63b58e3b1","name":"manadmin","sameAs":["https:\/\/derechoyreligion-uc.urantiacos.cl"]}]}},"_links":{"self":[{"href":"https:\/\/derechoyreligion-uc.urantiacos.cl\/en\/wp-json\/wp\/v2\/posts\/1353","targetHints":{"allow":["GET"]}}],"collection":[{"href":"https:\/\/derechoyreligion-uc.urantiacos.cl\/en\/wp-json\/wp\/v2\/posts"}],"about":[{"href":"https:\/\/derechoyreligion-uc.urantiacos.cl\/en\/wp-json\/wp\/v2\/types\/post"}],"author":[{"embeddable":true,"href":"https:\/\/derechoyreligion-uc.urantiacos.cl\/en\/wp-json\/wp\/v2\/users\/1"}],"replies":[{"embeddable":true,"href":"https:\/\/derechoyreligion-uc.urantiacos.cl\/en\/wp-json\/wp\/v2\/comments?post=1353"}],"version-history":[{"count":0,"href":"https:\/\/derechoyreligion-uc.urantiacos.cl\/en\/wp-json\/wp\/v2\/posts\/1353\/revisions"}],"wp:featuredmedia":[{"embeddable":true,"href":"https:\/\/derechoyreligion-uc.urantiacos.cl\/en\/wp-json\/wp\/v2\/media\/1499"}],"wp:attachment":[{"href":"https:\/\/derechoyreligion-uc.urantiacos.cl\/en\/wp-json\/wp\/v2\/media?parent=1353"}],"wp:term":[{"taxonomy":"category","embeddable":true,"href":"https:\/\/derechoyreligion-uc.urantiacos.cl\/en\/wp-json\/wp\/v2\/categories?post=1353"},{"taxonomy":"post_tag","embeddable":true,"href":"https:\/\/derechoyreligion-uc.urantiacos.cl\/en\/wp-json\/wp\/v2\/tags?post=1353"}],"curies":[{"name":"wp","href":"https:\/\/api.w.org\/{rel}","templated":true}]}}