
{"id":1352,"date":"2023-04-05T00:00:00","date_gmt":"2023-04-05T04:00:00","guid":{"rendered":"https:\/\/derechoyreligion-uc.urantiacos.cl\/centro-uc-derecho-y-religion-se-reune-con-oficina-nacional-de-asuntos-religiosos\/"},"modified":"2023-04-05T00:00:00","modified_gmt":"2023-04-05T04:00:00","slug":"centro-uc-derecho-y-religion-se-reune-con-oficina-nacional-de-asuntos-religiosos","status":"publish","type":"post","link":"https:\/\/derechoyreligion-uc.urantiacos.cl\/en\/centro-uc-derecho-y-religion-se-reune-con-oficina-nacional-de-asuntos-religiosos\/","title":{"rendered":"Centro UC Derecho y Religi\u00f3n se re\u00fane con Oficina Nacional de Asuntos Religiosos"},"content":{"rendered":"<article>\n<span><br \/>\n<\/span><\/p>\n<p>\u00a0<\/p>\n<p>\u00a0<img decoding=\"async\" alt=\"REunion-ONAR-050423\" src=\"https:\/\/derechoyreligion-uc.urantiacos.cl\/wp-content\/uploads\/imagenes\/REunion-ONAR-050423.jpg\"\/><\/p>\n<p>\u00a0<\/p>\n<p>\u00a0<\/p>\n<p>El 5 de abril pasado, el Centro UC Derecho y Religi\u00f3n se reuni\u00f3 con representantes de la Oficina Nacional de Asuntos Religiosos (ONAR): su Director Nacional, Omar Cort\u00e9s y parte de su equipo, los asesores Amador Sep\u00falveda y Marcos C\u00e1rdenas. Fueron recibidos por el decano de la Facultad de Derecho, Gabriel Bocksang y luego sostuvieron una reuni\u00f3n con Mar\u00eda Elena Pimstein y Paulina Eyzaguirre, directora y coordinadora del Centro UC Derecho y Religi\u00f3n, respectivamente.<\/p>\n<p>La ONAR tiene por misi\u00f3n promover -desde una perspectiva de Estado-, el goce del Derecho a la Libertad Religiosa, garantizado en la Constituci\u00f3n Pol\u00edtica de la Rep\u00fablica. Depende del Ministerio Secretar\u00eda General de la Presidencia y su principal objetivo es representar al Gobierno frente a las entidades religiosas.<\/p>\n<p>En la reuni\u00f3n, el Director Nacional enfatiz\u00f3 que los pilares sobre los que trabaja la Oficina son: privilegiar &#8220;una perspectiva de Estado y no de gobierno&#8221;, visibilizar el aporte de lo religioso en la sociedad, sobre todo en las primeras comunidades de acogida; respeto de la autonom\u00eda de las confesiones religiosas y colaboraci\u00f3n con las mismas. Tambi\u00e9n coment\u00f3 que ve\u00eda con preocupaci\u00f3n la intolerancia religiosa que se percib\u00eda en el pa\u00eds y llam\u00f3 a prevenir el discurso de odio religioso.<\/p>\n<p>El Centro UC Derecho y Religi\u00f3n, les entreg\u00f3 el texto que contiene su propuesta de art\u00edculo sobre libertad de religi\u00f3n y creencias para la nueva Constituci\u00f3n junto con un estudio sobre el Aporte de las Organizaciones basadas en la fe a la Sociedad Chilena. Ofreci\u00f3 toda su colaboraci\u00f3n en materias de inter\u00e9s com\u00fan &#8220;que permitan construir puentes de paz desde la perspectiva de la libertad religiosa y de creencias y contribuyan al bien com\u00fan de nuestro pa\u00eds&#8221;.<\/p>\n<\/article>\n","protected":false},"excerpt":{"rendered":"<p>El 5 de abril pasado, el Centro UC Derecho y Religi\u00f3n se reuni\u00f3 con representantes de la Oficina Nacional de Asuntos Religiosos (ONAR): su Director Nacional, Omar Cort\u00e9s y parte de su equipo, los asesores Amador Sep\u00falveda y Marcos C\u00e1rdenas. Fueron recibidos por el decano de la Facultad de Derecho, Gabriel Bocksang y luego sostuvieron una reuni\u00f3n con Mar\u00eda Elena Pimstein y Paulina Eyzaguirre, directora y coordinadora del Centro UC Derecho y Religi\u00f3n, respectivamente.<\/p>\n","protected":false},"author":1,"featured_media":1500,"comment_status":"","ping_status":"","sticky":false,"template":"","format":"standard","meta":{"_acf_changed":false,"footnotes":""},"categories":[1],"tags":[],"class_list":["post-1352","post","type-post","status-publish","format-standard","has-post-thumbnail","hentry","category-noticias"],"acf":[],"yoast_head":"<!-- This site is optimized with the Yoast SEO plugin v27.1.1 - https:\/\/yoast.com\/product\/yoast-seo-wordpress\/ -->\n<title>Centro UC Derecho y Religi\u00f3n se re\u00fane con Oficina Nacional de Asuntos Religiosos - Centro UC Derecho y Religi\u00f3n<\/title>\n<meta name=\"robots\" content=\"index, follow, max-snippet:-1, max-image-preview:large, max-video-preview:-1\" \/>\n<link rel=\"canonical\" href=\"https:\/\/derechoyreligion-uc.urantiacos.cl\/en\/centro-uc-derecho-y-religion-se-reune-con-oficina-nacional-de-asuntos-religiosos\/\" \/>\n<meta property=\"og:locale\" content=\"en_US\" \/>\n<meta property=\"og:type\" content=\"article\" \/>\n<meta property=\"og:title\" content=\"Centro UC Derecho y Religi\u00f3n se re\u00fane con Oficina Nacional de Asuntos Religiosos - Centro UC Derecho y Religi\u00f3n\" \/>\n<meta property=\"og:description\" content=\"El 5 de abril pasado, el Centro UC Derecho y Religi\u00f3n se reuni\u00f3 con representantes de la Oficina Nacional de Asuntos Religiosos (ONAR): su Director Nacional, Omar Cort\u00e9s y parte de su equipo, los asesores Amador Sep\u00falveda y Marcos C\u00e1rdenas. Fueron recibidos por el decano de la Facultad de Derecho, Gabriel Bocksang y luego sostuvieron una reuni\u00f3n con Mar\u00eda Elena Pimstein y Paulina Eyzaguirre, directora y coordinadora del Centro UC Derecho y Religi\u00f3n, respectivamente.\" \/>\n<meta property=\"og:url\" content=\"https:\/\/derechoyreligion-uc.urantiacos.cl\/en\/centro-uc-derecho-y-religion-se-reune-con-oficina-nacional-de-asuntos-religiosos\/\" \/>\n<meta property=\"og:site_name\" content=\"Centro UC Derecho y Religi\u00f3n\" \/>\n<meta property=\"article:published_time\" content=\"2023-04-05T04:00:00+00:00\" \/>\n<meta property=\"og:image\" content=\"https:\/\/derechoyreligion-uc.urantiacos.cl\/wp-content\/uploads\/2023\/04\/REunion-ONAR-050423.jpg\" \/>\n\t<meta property=\"og:image:width\" content=\"800\" \/>\n\t<meta property=\"og:image:height\" content=\"600\" \/>\n\t<meta property=\"og:image:type\" content=\"image\/jpeg\" \/>\n<meta name=\"author\" content=\"manadmin\" \/>\n<meta name=\"twitter:card\" content=\"summary_large_image\" \/>\n<meta name=\"twitter:label1\" content=\"Written by\" \/>\n\t<meta name=\"twitter:data1\" content=\"manadmin\" \/>\n\t<meta name=\"twitter:label2\" content=\"Est. reading time\" \/>\n\t<meta name=\"twitter:data2\" content=\"2 minutes\" \/>\n<script type=\"application\/ld+json\" class=\"yoast-schema-graph\">{\"@context\":\"https:\/\/schema.org\",\"@graph\":[{\"@type\":\"Article\",\"@id\":\"https:\/\/derechoyreligion-uc.urantiacos.cl\/en\/centro-uc-derecho-y-religion-se-reune-con-oficina-nacional-de-asuntos-religiosos\/#article\",\"isPartOf\":{\"@id\":\"https:\/\/derechoyreligion-uc.urantiacos.cl\/en\/centro-uc-derecho-y-religion-se-reune-con-oficina-nacional-de-asuntos-religiosos\/\"},\"author\":{\"name\":\"manadmin\",\"@id\":\"https:\/\/derechoyreligion-uc.urantiacos.cl\/en\/#\/schema\/person\/6cc7f593e2f49e3b770a06f63b58e3b1\"},\"headline\":\"Centro UC Derecho y Religi\u00f3n se re\u00fane con Oficina Nacional de Asuntos Religiosos\",\"datePublished\":\"2023-04-05T04:00:00+00:00\",\"mainEntityOfPage\":{\"@id\":\"https:\/\/derechoyreligion-uc.urantiacos.cl\/en\/centro-uc-derecho-y-religion-se-reune-con-oficina-nacional-de-asuntos-religiosos\/\"},\"wordCount\":322,\"image\":{\"@id\":\"https:\/\/derechoyreligion-uc.urantiacos.cl\/en\/centro-uc-derecho-y-religion-se-reune-con-oficina-nacional-de-asuntos-religiosos\/#primaryimage\"},\"thumbnailUrl\":\"https:\/\/derechoyreligion-uc.urantiacos.cl\/wp-content\/uploads\/2023\/04\/REunion-ONAR-050423.jpg\",\"articleSection\":[\"Noticias\"],\"inLanguage\":\"en-US\"},{\"@type\":\"WebPage\",\"@id\":\"https:\/\/derechoyreligion-uc.urantiacos.cl\/en\/centro-uc-derecho-y-religion-se-reune-con-oficina-nacional-de-asuntos-religiosos\/\",\"url\":\"https:\/\/derechoyreligion-uc.urantiacos.cl\/en\/centro-uc-derecho-y-religion-se-reune-con-oficina-nacional-de-asuntos-religiosos\/\",\"name\":\"Centro UC Derecho y Religi\u00f3n se re\u00fane con Oficina Nacional de Asuntos Religiosos - Centro UC Derecho y Religi\u00f3n\",\"isPartOf\":{\"@id\":\"https:\/\/derechoyreligion-uc.urantiacos.cl\/en\/#website\"},\"primaryImageOfPage\":{\"@id\":\"https:\/\/derechoyreligion-uc.urantiacos.cl\/en\/centro-uc-derecho-y-religion-se-reune-con-oficina-nacional-de-asuntos-religiosos\/#primaryimage\"},\"image\":{\"@id\":\"https:\/\/derechoyreligion-uc.urantiacos.cl\/en\/centro-uc-derecho-y-religion-se-reune-con-oficina-nacional-de-asuntos-religiosos\/#primaryimage\"},\"thumbnailUrl\":\"https:\/\/derechoyreligion-uc.urantiacos.cl\/wp-content\/uploads\/2023\/04\/REunion-ONAR-050423.jpg\",\"datePublished\":\"2023-04-05T04:00:00+00:00\",\"author\":{\"@id\":\"https:\/\/derechoyreligion-uc.urantiacos.cl\/en\/#\/schema\/person\/6cc7f593e2f49e3b770a06f63b58e3b1\"},\"breadcrumb\":{\"@id\":\"https:\/\/derechoyreligion-uc.urantiacos.cl\/en\/centro-uc-derecho-y-religion-se-reune-con-oficina-nacional-de-asuntos-religiosos\/#breadcrumb\"},\"inLanguage\":\"en-US\",\"potentialAction\":[{\"@type\":\"ReadAction\",\"target\":[\"https:\/\/derechoyreligion-uc.urantiacos.cl\/en\/centro-uc-derecho-y-religion-se-reune-con-oficina-nacional-de-asuntos-religiosos\/\"]}]},{\"@type\":\"ImageObject\",\"inLanguage\":\"en-US\",\"@id\":\"https:\/\/derechoyreligion-uc.urantiacos.cl\/en\/centro-uc-derecho-y-religion-se-reune-con-oficina-nacional-de-asuntos-religiosos\/#primaryimage\",\"url\":\"https:\/\/derechoyreligion-uc.urantiacos.cl\/wp-content\/uploads\/2023\/04\/REunion-ONAR-050423.jpg\",\"contentUrl\":\"https:\/\/derechoyreligion-uc.urantiacos.cl\/wp-content\/uploads\/2023\/04\/REunion-ONAR-050423.jpg\",\"width\":800,\"height\":600},{\"@type\":\"BreadcrumbList\",\"@id\":\"https:\/\/derechoyreligion-uc.urantiacos.cl\/en\/centro-uc-derecho-y-religion-se-reune-con-oficina-nacional-de-asuntos-religiosos\/#breadcrumb\",\"itemListElement\":[{\"@type\":\"ListItem\",\"position\":1,\"name\":\"Portada\",\"item\":\"https:\/\/derechoyreligion-uc.urantiacos.cl\/en\/\"},{\"@type\":\"ListItem\",\"position\":2,\"name\":\"Centro UC Derecho y Religi\u00f3n se re\u00fane con Oficina Nacional de Asuntos Religiosos\"}]},{\"@type\":\"WebSite\",\"@id\":\"https:\/\/derechoyreligion-uc.urantiacos.cl\/en\/#website\",\"url\":\"https:\/\/derechoyreligion-uc.urantiacos.cl\/en\/\",\"name\":\"Centro UC Derecho y Religi\u00f3n\",\"description\":\"\",\"potentialAction\":[{\"@type\":\"SearchAction\",\"target\":{\"@type\":\"EntryPoint\",\"urlTemplate\":\"https:\/\/derechoyreligion-uc.urantiacos.cl\/en\/?s={search_term_string}\"},\"query-input\":{\"@type\":\"PropertyValueSpecification\",\"valueRequired\":true,\"valueName\":\"search_term_string\"}}],\"inLanguage\":\"en-US\"},{\"@type\":\"Person\",\"@id\":\"https:\/\/derechoyreligion-uc.urantiacos.cl\/en\/#\/schema\/person\/6cc7f593e2f49e3b770a06f63b58e3b1\",\"name\":\"manadmin\",\"sameAs\":[\"https:\/\/derechoyreligion-uc.urantiacos.cl\"]}]}<\/script>\n<!-- \/ Yoast SEO plugin. -->","yoast_head_json":{"title":"Centro UC Derecho y Religi\u00f3n se re\u00fane con Oficina Nacional de Asuntos Religiosos - Centro UC Derecho y Religi\u00f3n","robots":{"index":"index","follow":"follow","max-snippet":"max-snippet:-1","max-image-preview":"max-image-preview:large","max-video-preview":"max-video-preview:-1"},"canonical":"https:\/\/derechoyreligion-uc.urantiacos.cl\/en\/centro-uc-derecho-y-religion-se-reune-con-oficina-nacional-de-asuntos-religiosos\/","og_locale":"en_US","og_type":"article","og_title":"Centro UC Derecho y Religi\u00f3n se re\u00fane con Oficina Nacional de Asuntos Religiosos - Centro UC Derecho y Religi\u00f3n","og_description":"El 5 de abril pasado, el Centro UC Derecho y Religi\u00f3n se reuni\u00f3 con representantes de la Oficina Nacional de Asuntos Religiosos (ONAR): su Director Nacional, Omar Cort\u00e9s y parte de su equipo, los asesores Amador Sep\u00falveda y Marcos C\u00e1rdenas. Fueron recibidos por el decano de la Facultad de Derecho, Gabriel Bocksang y luego sostuvieron una reuni\u00f3n con Mar\u00eda Elena Pimstein y Paulina Eyzaguirre, directora y coordinadora del Centro UC Derecho y Religi\u00f3n, respectivamente.","og_url":"https:\/\/derechoyreligion-uc.urantiacos.cl\/en\/centro-uc-derecho-y-religion-se-reune-con-oficina-nacional-de-asuntos-religiosos\/","og_site_name":"Centro UC Derecho y Religi\u00f3n","article_published_time":"2023-04-05T04:00:00+00:00","og_image":[{"width":800,"height":600,"url":"https:\/\/derechoyreligion-uc.urantiacos.cl\/wp-content\/uploads\/2023\/04\/REunion-ONAR-050423.jpg","type":"image\/jpeg"}],"author":"manadmin","twitter_card":"summary_large_image","twitter_misc":{"Written by":"manadmin","Est. reading time":"2 minutes"},"schema":{"@context":"https:\/\/schema.org","@graph":[{"@type":"Article","@id":"https:\/\/derechoyreligion-uc.urantiacos.cl\/en\/centro-uc-derecho-y-religion-se-reune-con-oficina-nacional-de-asuntos-religiosos\/#article","isPartOf":{"@id":"https:\/\/derechoyreligion-uc.urantiacos.cl\/en\/centro-uc-derecho-y-religion-se-reune-con-oficina-nacional-de-asuntos-religiosos\/"},"author":{"name":"manadmin","@id":"https:\/\/derechoyreligion-uc.urantiacos.cl\/en\/#\/schema\/person\/6cc7f593e2f49e3b770a06f63b58e3b1"},"headline":"Centro UC Derecho y Religi\u00f3n se re\u00fane con Oficina Nacional de Asuntos Religiosos","datePublished":"2023-04-05T04:00:00+00:00","mainEntityOfPage":{"@id":"https:\/\/derechoyreligion-uc.urantiacos.cl\/en\/centro-uc-derecho-y-religion-se-reune-con-oficina-nacional-de-asuntos-religiosos\/"},"wordCount":322,"image":{"@id":"https:\/\/derechoyreligion-uc.urantiacos.cl\/en\/centro-uc-derecho-y-religion-se-reune-con-oficina-nacional-de-asuntos-religiosos\/#primaryimage"},"thumbnailUrl":"https:\/\/derechoyreligion-uc.urantiacos.cl\/wp-content\/uploads\/2023\/04\/REunion-ONAR-050423.jpg","articleSection":["Noticias"],"inLanguage":"en-US"},{"@type":"WebPage","@id":"https:\/\/derechoyreligion-uc.urantiacos.cl\/en\/centro-uc-derecho-y-religion-se-reune-con-oficina-nacional-de-asuntos-religiosos\/","url":"https:\/\/derechoyreligion-uc.urantiacos.cl\/en\/centro-uc-derecho-y-religion-se-reune-con-oficina-nacional-de-asuntos-religiosos\/","name":"Centro UC Derecho y Religi\u00f3n se re\u00fane con Oficina Nacional de Asuntos Religiosos - Centro UC Derecho y Religi\u00f3n","isPartOf":{"@id":"https:\/\/derechoyreligion-uc.urantiacos.cl\/en\/#website"},"primaryImageOfPage":{"@id":"https:\/\/derechoyreligion-uc.urantiacos.cl\/en\/centro-uc-derecho-y-religion-se-reune-con-oficina-nacional-de-asuntos-religiosos\/#primaryimage"},"image":{"@id":"https:\/\/derechoyreligion-uc.urantiacos.cl\/en\/centro-uc-derecho-y-religion-se-reune-con-oficina-nacional-de-asuntos-religiosos\/#primaryimage"},"thumbnailUrl":"https:\/\/derechoyreligion-uc.urantiacos.cl\/wp-content\/uploads\/2023\/04\/REunion-ONAR-050423.jpg","datePublished":"2023-04-05T04:00:00+00:00","author":{"@id":"https:\/\/derechoyreligion-uc.urantiacos.cl\/en\/#\/schema\/person\/6cc7f593e2f49e3b770a06f63b58e3b1"},"breadcrumb":{"@id":"https:\/\/derechoyreligion-uc.urantiacos.cl\/en\/centro-uc-derecho-y-religion-se-reune-con-oficina-nacional-de-asuntos-religiosos\/#breadcrumb"},"inLanguage":"en-US","potentialAction":[{"@type":"ReadAction","target":["https:\/\/derechoyreligion-uc.urantiacos.cl\/en\/centro-uc-derecho-y-religion-se-reune-con-oficina-nacional-de-asuntos-religiosos\/"]}]},{"@type":"ImageObject","inLanguage":"en-US","@id":"https:\/\/derechoyreligion-uc.urantiacos.cl\/en\/centro-uc-derecho-y-religion-se-reune-con-oficina-nacional-de-asuntos-religiosos\/#primaryimage","url":"https:\/\/derechoyreligion-uc.urantiacos.cl\/wp-content\/uploads\/2023\/04\/REunion-ONAR-050423.jpg","contentUrl":"https:\/\/derechoyreligion-uc.urantiacos.cl\/wp-content\/uploads\/2023\/04\/REunion-ONAR-050423.jpg","width":800,"height":600},{"@type":"BreadcrumbList","@id":"https:\/\/derechoyreligion-uc.urantiacos.cl\/en\/centro-uc-derecho-y-religion-se-reune-con-oficina-nacional-de-asuntos-religiosos\/#breadcrumb","itemListElement":[{"@type":"ListItem","position":1,"name":"Portada","item":"https:\/\/derechoyreligion-uc.urantiacos.cl\/en\/"},{"@type":"ListItem","position":2,"name":"Centro UC Derecho y Religi\u00f3n se re\u00fane con Oficina Nacional de Asuntos Religiosos"}]},{"@type":"WebSite","@id":"https:\/\/derechoyreligion-uc.urantiacos.cl\/en\/#website","url":"https:\/\/derechoyreligion-uc.urantiacos.cl\/en\/","name":"Centro UC Derecho y Religi\u00f3n","description":"","potentialAction":[{"@type":"SearchAction","target":{"@type":"EntryPoint","urlTemplate":"https:\/\/derechoyreligion-uc.urantiacos.cl\/en\/?s={search_term_string}"},"query-input":{"@type":"PropertyValueSpecification","valueRequired":true,"valueName":"search_term_string"}}],"inLanguage":"en-US"},{"@type":"Person","@id":"https:\/\/derechoyreligion-uc.urantiacos.cl\/en\/#\/schema\/person\/6cc7f593e2f49e3b770a06f63b58e3b1","name":"manadmin","sameAs":["https:\/\/derechoyreligion-uc.urantiacos.cl"]}]}},"_links":{"self":[{"href":"https:\/\/derechoyreligion-uc.urantiacos.cl\/en\/wp-json\/wp\/v2\/posts\/1352","targetHints":{"allow":["GET"]}}],"collection":[{"href":"https:\/\/derechoyreligion-uc.urantiacos.cl\/en\/wp-json\/wp\/v2\/posts"}],"about":[{"href":"https:\/\/derechoyreligion-uc.urantiacos.cl\/en\/wp-json\/wp\/v2\/types\/post"}],"author":[{"embeddable":true,"href":"https:\/\/derechoyreligion-uc.urantiacos.cl\/en\/wp-json\/wp\/v2\/users\/1"}],"replies":[{"embeddable":true,"href":"https:\/\/derechoyreligion-uc.urantiacos.cl\/en\/wp-json\/wp\/v2\/comments?post=1352"}],"version-history":[{"count":0,"href":"https:\/\/derechoyreligion-uc.urantiacos.cl\/en\/wp-json\/wp\/v2\/posts\/1352\/revisions"}],"wp:featuredmedia":[{"embeddable":true,"href":"https:\/\/derechoyreligion-uc.urantiacos.cl\/en\/wp-json\/wp\/v2\/media\/1500"}],"wp:attachment":[{"href":"https:\/\/derechoyreligion-uc.urantiacos.cl\/en\/wp-json\/wp\/v2\/media?parent=1352"}],"wp:term":[{"taxonomy":"category","embeddable":true,"href":"https:\/\/derechoyreligion-uc.urantiacos.cl\/en\/wp-json\/wp\/v2\/categories?post=1352"},{"taxonomy":"post_tag","embeddable":true,"href":"https:\/\/derechoyreligion-uc.urantiacos.cl\/en\/wp-json\/wp\/v2\/tags?post=1352"}],"curies":[{"name":"wp","href":"https:\/\/api.w.org\/{rel}","templated":true}]}}