
{"id":1351,"date":"2023-04-24T00:00:00","date_gmt":"2023-04-24T04:00:00","guid":{"rendered":"https:\/\/derechoyreligion-uc.urantiacos.cl\/propuesta-de-articulado-para-la-nueva-constitucion-libertad-de-religion-y-creencias\/"},"modified":"2023-04-24T00:00:00","modified_gmt":"2023-04-24T04:00:00","slug":"propuesta-de-articulado-para-la-nueva-constitucion-libertad-de-religion-y-creencias","status":"publish","type":"post","link":"https:\/\/derechoyreligion-uc.urantiacos.cl\/en\/propuesta-de-articulado-para-la-nueva-constitucion-libertad-de-religion-y-creencias\/","title":{"rendered":"Propuesta de articulado para la nueva Constituci\u00f3n. Libertad de religi\u00f3n y creencias"},"content":{"rendered":"<article>\n<span><br \/>\n<\/span><\/p>\n<p><img decoding=\"async\" alt=\"Afiche propuesta-religion-y-creencias-abril 2023 page-0001\" src=\"https:\/\/derechoyreligion-uc.urantiacos.cl\/wp-content\/uploads\/imagenes\/Afiche_propuesta-religion-y-creencias-abril_2023_page-0001.jpg\"\/><\/p>\n<p>\u00a0<\/p>\n<p>El Centro UC Derecho y Religi\u00f3n participa en la comisi\u00f3n de creencias del Foro Constitucional UC,\u00a0 iniciativa de la Facultad de Derecho UC que tiene por objeto contribuir con una reflexi\u00f3n desde la academia al proceso constituyente.\u00a0<\/p>\n<p>En concordancia a su misi\u00f3n de ser un aporte al debate, recientemente se present\u00f3 el documento &#8220;Propuesta de articulado para la nueva Constituci\u00f3n: Libertad de religi\u00f3n y creencias&#8221;.<\/p>\n<p>El texto se refiere al contenido y alcances de la libertad religiosa y de creencias, y luego hace una propuesta concreta de articulado para este derecho y la fundamenta. Se refiere al contenido esencial del derecho a la libertad de pensamiento, conciencia, religi\u00f3n o creencias, as\u00ed como sus l\u00edmites y la inmunidad de coerci\u00f3n. Tambi\u00e9n aborda la autonom\u00eda y bienes de las entidades religiosas, as\u00ed como un sistema de relaciones institucionales sustentado en la colaboraci\u00f3n. Finaliza con el derecho de los padres o tutores legales para que sus hijos o pupilos reciban la educaci\u00f3n religiosa que est\u00e9 de acuerdo con sus propias convicciones.\u00a0<\/p>\n<p>Puedes ver el documento\u00a0 <a href=\"https:\/\/derechoyreligion.uc.cl\/es\/docman\/publicaciones\/1399--3\" target=\"_blank\">aqui<\/a><\/p>\n<p>\u00a0<\/p>\n<p>\u00a0<\/p>\n<\/article>\n","protected":false},"excerpt":{"rendered":"<p>El Centro UC Derecho y Religi\u00f3n participa en la comisi\u00f3n de creencias del Foro Constitucional UC,\u00a0 iniciativa de la Facultad de Derecho UC que tiene por objeto contribuir con una reflexi\u00f3n desde la academia al proceso constituyente.<\/p>\n","protected":false},"author":1,"featured_media":1498,"comment_status":"","ping_status":"","sticky":false,"template":"","format":"standard","meta":{"_acf_changed":false,"footnotes":""},"categories":[1],"tags":[],"class_list":["post-1351","post","type-post","status-publish","format-standard","has-post-thumbnail","hentry","category-noticias"],"acf":[],"yoast_head":"<!-- This site is optimized with the Yoast SEO plugin v27.1.1 - https:\/\/yoast.com\/product\/yoast-seo-wordpress\/ -->\n<title>Propuesta de articulado para la nueva Constituci\u00f3n. Libertad de religi\u00f3n y creencias - Centro UC Derecho y Religi\u00f3n<\/title>\n<meta name=\"robots\" content=\"index, follow, max-snippet:-1, max-image-preview:large, max-video-preview:-1\" \/>\n<link rel=\"canonical\" href=\"https:\/\/derechoyreligion-uc.urantiacos.cl\/en\/propuesta-de-articulado-para-la-nueva-constitucion-libertad-de-religion-y-creencias\/\" \/>\n<meta property=\"og:locale\" content=\"en_US\" \/>\n<meta property=\"og:type\" content=\"article\" \/>\n<meta property=\"og:title\" content=\"Propuesta de articulado para la nueva Constituci\u00f3n. Libertad de religi\u00f3n y creencias - Centro UC Derecho y Religi\u00f3n\" \/>\n<meta property=\"og:description\" content=\"El Centro UC Derecho y Religi\u00f3n participa en la comisi\u00f3n de creencias del Foro Constitucional UC,\u00a0 iniciativa de la Facultad de Derecho UC que tiene por objeto contribuir con una reflexi\u00f3n desde la academia al proceso constituyente.\" \/>\n<meta property=\"og:url\" content=\"https:\/\/derechoyreligion-uc.urantiacos.cl\/en\/propuesta-de-articulado-para-la-nueva-constitucion-libertad-de-religion-y-creencias\/\" \/>\n<meta property=\"og:site_name\" content=\"Centro UC Derecho y Religi\u00f3n\" \/>\n<meta property=\"article:published_time\" content=\"2023-04-24T04:00:00+00:00\" \/>\n<meta property=\"og:image\" content=\"https:\/\/derechoyreligion-uc.urantiacos.cl\/wp-content\/uploads\/2023\/04\/Afiche_propuesta-religion-y-creencias-abril_2023_page-0001.jpg\" \/>\n\t<meta property=\"og:image:width\" content=\"1275\" \/>\n\t<meta property=\"og:image:height\" content=\"1650\" \/>\n\t<meta property=\"og:image:type\" content=\"image\/jpeg\" \/>\n<meta name=\"author\" content=\"manadmin\" \/>\n<meta name=\"twitter:card\" content=\"summary_large_image\" \/>\n<meta name=\"twitter:label1\" content=\"Written by\" \/>\n\t<meta name=\"twitter:data1\" content=\"manadmin\" \/>\n\t<meta name=\"twitter:label2\" content=\"Est. reading time\" \/>\n\t<meta name=\"twitter:data2\" content=\"1 minute\" \/>\n<script type=\"application\/ld+json\" class=\"yoast-schema-graph\">{\"@context\":\"https:\/\/schema.org\",\"@graph\":[{\"@type\":\"Article\",\"@id\":\"https:\/\/derechoyreligion-uc.urantiacos.cl\/en\/propuesta-de-articulado-para-la-nueva-constitucion-libertad-de-religion-y-creencias\/#article\",\"isPartOf\":{\"@id\":\"https:\/\/derechoyreligion-uc.urantiacos.cl\/en\/propuesta-de-articulado-para-la-nueva-constitucion-libertad-de-religion-y-creencias\/\"},\"author\":{\"name\":\"manadmin\",\"@id\":\"https:\/\/derechoyreligion-uc.urantiacos.cl\/en\/#\/schema\/person\/6cc7f593e2f49e3b770a06f63b58e3b1\"},\"headline\":\"Propuesta de articulado para la nueva Constituci\u00f3n. Libertad de religi\u00f3n y creencias\",\"datePublished\":\"2023-04-24T04:00:00+00:00\",\"mainEntityOfPage\":{\"@id\":\"https:\/\/derechoyreligion-uc.urantiacos.cl\/en\/propuesta-de-articulado-para-la-nueva-constitucion-libertad-de-religion-y-creencias\/\"},\"wordCount\":200,\"image\":{\"@id\":\"https:\/\/derechoyreligion-uc.urantiacos.cl\/en\/propuesta-de-articulado-para-la-nueva-constitucion-libertad-de-religion-y-creencias\/#primaryimage\"},\"thumbnailUrl\":\"https:\/\/derechoyreligion-uc.urantiacos.cl\/wp-content\/uploads\/2023\/04\/Afiche_propuesta-religion-y-creencias-abril_2023_page-0001.jpg\",\"articleSection\":[\"Noticias\"],\"inLanguage\":\"en-US\"},{\"@type\":\"WebPage\",\"@id\":\"https:\/\/derechoyreligion-uc.urantiacos.cl\/en\/propuesta-de-articulado-para-la-nueva-constitucion-libertad-de-religion-y-creencias\/\",\"url\":\"https:\/\/derechoyreligion-uc.urantiacos.cl\/en\/propuesta-de-articulado-para-la-nueva-constitucion-libertad-de-religion-y-creencias\/\",\"name\":\"Propuesta de articulado para la nueva Constituci\u00f3n. Libertad de religi\u00f3n y creencias - Centro UC Derecho y Religi\u00f3n\",\"isPartOf\":{\"@id\":\"https:\/\/derechoyreligion-uc.urantiacos.cl\/en\/#website\"},\"primaryImageOfPage\":{\"@id\":\"https:\/\/derechoyreligion-uc.urantiacos.cl\/en\/propuesta-de-articulado-para-la-nueva-constitucion-libertad-de-religion-y-creencias\/#primaryimage\"},\"image\":{\"@id\":\"https:\/\/derechoyreligion-uc.urantiacos.cl\/en\/propuesta-de-articulado-para-la-nueva-constitucion-libertad-de-religion-y-creencias\/#primaryimage\"},\"thumbnailUrl\":\"https:\/\/derechoyreligion-uc.urantiacos.cl\/wp-content\/uploads\/2023\/04\/Afiche_propuesta-religion-y-creencias-abril_2023_page-0001.jpg\",\"datePublished\":\"2023-04-24T04:00:00+00:00\",\"author\":{\"@id\":\"https:\/\/derechoyreligion-uc.urantiacos.cl\/en\/#\/schema\/person\/6cc7f593e2f49e3b770a06f63b58e3b1\"},\"breadcrumb\":{\"@id\":\"https:\/\/derechoyreligion-uc.urantiacos.cl\/en\/propuesta-de-articulado-para-la-nueva-constitucion-libertad-de-religion-y-creencias\/#breadcrumb\"},\"inLanguage\":\"en-US\",\"potentialAction\":[{\"@type\":\"ReadAction\",\"target\":[\"https:\/\/derechoyreligion-uc.urantiacos.cl\/en\/propuesta-de-articulado-para-la-nueva-constitucion-libertad-de-religion-y-creencias\/\"]}]},{\"@type\":\"ImageObject\",\"inLanguage\":\"en-US\",\"@id\":\"https:\/\/derechoyreligion-uc.urantiacos.cl\/en\/propuesta-de-articulado-para-la-nueva-constitucion-libertad-de-religion-y-creencias\/#primaryimage\",\"url\":\"https:\/\/derechoyreligion-uc.urantiacos.cl\/wp-content\/uploads\/2023\/04\/Afiche_propuesta-religion-y-creencias-abril_2023_page-0001.jpg\",\"contentUrl\":\"https:\/\/derechoyreligion-uc.urantiacos.cl\/wp-content\/uploads\/2023\/04\/Afiche_propuesta-religion-y-creencias-abril_2023_page-0001.jpg\",\"width\":1275,\"height\":1650},{\"@type\":\"BreadcrumbList\",\"@id\":\"https:\/\/derechoyreligion-uc.urantiacos.cl\/en\/propuesta-de-articulado-para-la-nueva-constitucion-libertad-de-religion-y-creencias\/#breadcrumb\",\"itemListElement\":[{\"@type\":\"ListItem\",\"position\":1,\"name\":\"Portada\",\"item\":\"https:\/\/derechoyreligion-uc.urantiacos.cl\/en\/\"},{\"@type\":\"ListItem\",\"position\":2,\"name\":\"Propuesta de articulado para la nueva Constituci\u00f3n. Libertad de religi\u00f3n y creencias\"}]},{\"@type\":\"WebSite\",\"@id\":\"https:\/\/derechoyreligion-uc.urantiacos.cl\/en\/#website\",\"url\":\"https:\/\/derechoyreligion-uc.urantiacos.cl\/en\/\",\"name\":\"Centro UC Derecho y Religi\u00f3n\",\"description\":\"\",\"potentialAction\":[{\"@type\":\"SearchAction\",\"target\":{\"@type\":\"EntryPoint\",\"urlTemplate\":\"https:\/\/derechoyreligion-uc.urantiacos.cl\/en\/?s={search_term_string}\"},\"query-input\":{\"@type\":\"PropertyValueSpecification\",\"valueRequired\":true,\"valueName\":\"search_term_string\"}}],\"inLanguage\":\"en-US\"},{\"@type\":\"Person\",\"@id\":\"https:\/\/derechoyreligion-uc.urantiacos.cl\/en\/#\/schema\/person\/6cc7f593e2f49e3b770a06f63b58e3b1\",\"name\":\"manadmin\",\"sameAs\":[\"https:\/\/derechoyreligion-uc.urantiacos.cl\"]}]}<\/script>\n<!-- \/ Yoast SEO plugin. -->","yoast_head_json":{"title":"Propuesta de articulado para la nueva Constituci\u00f3n. Libertad de religi\u00f3n y creencias - Centro UC Derecho y Religi\u00f3n","robots":{"index":"index","follow":"follow","max-snippet":"max-snippet:-1","max-image-preview":"max-image-preview:large","max-video-preview":"max-video-preview:-1"},"canonical":"https:\/\/derechoyreligion-uc.urantiacos.cl\/en\/propuesta-de-articulado-para-la-nueva-constitucion-libertad-de-religion-y-creencias\/","og_locale":"en_US","og_type":"article","og_title":"Propuesta de articulado para la nueva Constituci\u00f3n. Libertad de religi\u00f3n y creencias - Centro UC Derecho y Religi\u00f3n","og_description":"El Centro UC Derecho y Religi\u00f3n participa en la comisi\u00f3n de creencias del Foro Constitucional UC,\u00a0 iniciativa de la Facultad de Derecho UC que tiene por objeto contribuir con una reflexi\u00f3n desde la academia al proceso constituyente.","og_url":"https:\/\/derechoyreligion-uc.urantiacos.cl\/en\/propuesta-de-articulado-para-la-nueva-constitucion-libertad-de-religion-y-creencias\/","og_site_name":"Centro UC Derecho y Religi\u00f3n","article_published_time":"2023-04-24T04:00:00+00:00","og_image":[{"width":1275,"height":1650,"url":"https:\/\/derechoyreligion-uc.urantiacos.cl\/wp-content\/uploads\/2023\/04\/Afiche_propuesta-religion-y-creencias-abril_2023_page-0001.jpg","type":"image\/jpeg"}],"author":"manadmin","twitter_card":"summary_large_image","twitter_misc":{"Written by":"manadmin","Est. reading time":"1 minute"},"schema":{"@context":"https:\/\/schema.org","@graph":[{"@type":"Article","@id":"https:\/\/derechoyreligion-uc.urantiacos.cl\/en\/propuesta-de-articulado-para-la-nueva-constitucion-libertad-de-religion-y-creencias\/#article","isPartOf":{"@id":"https:\/\/derechoyreligion-uc.urantiacos.cl\/en\/propuesta-de-articulado-para-la-nueva-constitucion-libertad-de-religion-y-creencias\/"},"author":{"name":"manadmin","@id":"https:\/\/derechoyreligion-uc.urantiacos.cl\/en\/#\/schema\/person\/6cc7f593e2f49e3b770a06f63b58e3b1"},"headline":"Propuesta de articulado para la nueva Constituci\u00f3n. Libertad de religi\u00f3n y creencias","datePublished":"2023-04-24T04:00:00+00:00","mainEntityOfPage":{"@id":"https:\/\/derechoyreligion-uc.urantiacos.cl\/en\/propuesta-de-articulado-para-la-nueva-constitucion-libertad-de-religion-y-creencias\/"},"wordCount":200,"image":{"@id":"https:\/\/derechoyreligion-uc.urantiacos.cl\/en\/propuesta-de-articulado-para-la-nueva-constitucion-libertad-de-religion-y-creencias\/#primaryimage"},"thumbnailUrl":"https:\/\/derechoyreligion-uc.urantiacos.cl\/wp-content\/uploads\/2023\/04\/Afiche_propuesta-religion-y-creencias-abril_2023_page-0001.jpg","articleSection":["Noticias"],"inLanguage":"en-US"},{"@type":"WebPage","@id":"https:\/\/derechoyreligion-uc.urantiacos.cl\/en\/propuesta-de-articulado-para-la-nueva-constitucion-libertad-de-religion-y-creencias\/","url":"https:\/\/derechoyreligion-uc.urantiacos.cl\/en\/propuesta-de-articulado-para-la-nueva-constitucion-libertad-de-religion-y-creencias\/","name":"Propuesta de articulado para la nueva Constituci\u00f3n. Libertad de religi\u00f3n y creencias - Centro UC Derecho y Religi\u00f3n","isPartOf":{"@id":"https:\/\/derechoyreligion-uc.urantiacos.cl\/en\/#website"},"primaryImageOfPage":{"@id":"https:\/\/derechoyreligion-uc.urantiacos.cl\/en\/propuesta-de-articulado-para-la-nueva-constitucion-libertad-de-religion-y-creencias\/#primaryimage"},"image":{"@id":"https:\/\/derechoyreligion-uc.urantiacos.cl\/en\/propuesta-de-articulado-para-la-nueva-constitucion-libertad-de-religion-y-creencias\/#primaryimage"},"thumbnailUrl":"https:\/\/derechoyreligion-uc.urantiacos.cl\/wp-content\/uploads\/2023\/04\/Afiche_propuesta-religion-y-creencias-abril_2023_page-0001.jpg","datePublished":"2023-04-24T04:00:00+00:00","author":{"@id":"https:\/\/derechoyreligion-uc.urantiacos.cl\/en\/#\/schema\/person\/6cc7f593e2f49e3b770a06f63b58e3b1"},"breadcrumb":{"@id":"https:\/\/derechoyreligion-uc.urantiacos.cl\/en\/propuesta-de-articulado-para-la-nueva-constitucion-libertad-de-religion-y-creencias\/#breadcrumb"},"inLanguage":"en-US","potentialAction":[{"@type":"ReadAction","target":["https:\/\/derechoyreligion-uc.urantiacos.cl\/en\/propuesta-de-articulado-para-la-nueva-constitucion-libertad-de-religion-y-creencias\/"]}]},{"@type":"ImageObject","inLanguage":"en-US","@id":"https:\/\/derechoyreligion-uc.urantiacos.cl\/en\/propuesta-de-articulado-para-la-nueva-constitucion-libertad-de-religion-y-creencias\/#primaryimage","url":"https:\/\/derechoyreligion-uc.urantiacos.cl\/wp-content\/uploads\/2023\/04\/Afiche_propuesta-religion-y-creencias-abril_2023_page-0001.jpg","contentUrl":"https:\/\/derechoyreligion-uc.urantiacos.cl\/wp-content\/uploads\/2023\/04\/Afiche_propuesta-religion-y-creencias-abril_2023_page-0001.jpg","width":1275,"height":1650},{"@type":"BreadcrumbList","@id":"https:\/\/derechoyreligion-uc.urantiacos.cl\/en\/propuesta-de-articulado-para-la-nueva-constitucion-libertad-de-religion-y-creencias\/#breadcrumb","itemListElement":[{"@type":"ListItem","position":1,"name":"Portada","item":"https:\/\/derechoyreligion-uc.urantiacos.cl\/en\/"},{"@type":"ListItem","position":2,"name":"Propuesta de articulado para la nueva Constituci\u00f3n. Libertad de religi\u00f3n y creencias"}]},{"@type":"WebSite","@id":"https:\/\/derechoyreligion-uc.urantiacos.cl\/en\/#website","url":"https:\/\/derechoyreligion-uc.urantiacos.cl\/en\/","name":"Centro UC Derecho y Religi\u00f3n","description":"","potentialAction":[{"@type":"SearchAction","target":{"@type":"EntryPoint","urlTemplate":"https:\/\/derechoyreligion-uc.urantiacos.cl\/en\/?s={search_term_string}"},"query-input":{"@type":"PropertyValueSpecification","valueRequired":true,"valueName":"search_term_string"}}],"inLanguage":"en-US"},{"@type":"Person","@id":"https:\/\/derechoyreligion-uc.urantiacos.cl\/en\/#\/schema\/person\/6cc7f593e2f49e3b770a06f63b58e3b1","name":"manadmin","sameAs":["https:\/\/derechoyreligion-uc.urantiacos.cl"]}]}},"_links":{"self":[{"href":"https:\/\/derechoyreligion-uc.urantiacos.cl\/en\/wp-json\/wp\/v2\/posts\/1351","targetHints":{"allow":["GET"]}}],"collection":[{"href":"https:\/\/derechoyreligion-uc.urantiacos.cl\/en\/wp-json\/wp\/v2\/posts"}],"about":[{"href":"https:\/\/derechoyreligion-uc.urantiacos.cl\/en\/wp-json\/wp\/v2\/types\/post"}],"author":[{"embeddable":true,"href":"https:\/\/derechoyreligion-uc.urantiacos.cl\/en\/wp-json\/wp\/v2\/users\/1"}],"replies":[{"embeddable":true,"href":"https:\/\/derechoyreligion-uc.urantiacos.cl\/en\/wp-json\/wp\/v2\/comments?post=1351"}],"version-history":[{"count":0,"href":"https:\/\/derechoyreligion-uc.urantiacos.cl\/en\/wp-json\/wp\/v2\/posts\/1351\/revisions"}],"wp:featuredmedia":[{"embeddable":true,"href":"https:\/\/derechoyreligion-uc.urantiacos.cl\/en\/wp-json\/wp\/v2\/media\/1498"}],"wp:attachment":[{"href":"https:\/\/derechoyreligion-uc.urantiacos.cl\/en\/wp-json\/wp\/v2\/media?parent=1351"}],"wp:term":[{"taxonomy":"category","embeddable":true,"href":"https:\/\/derechoyreligion-uc.urantiacos.cl\/en\/wp-json\/wp\/v2\/categories?post=1351"},{"taxonomy":"post_tag","embeddable":true,"href":"https:\/\/derechoyreligion-uc.urantiacos.cl\/en\/wp-json\/wp\/v2\/tags?post=1351"}],"curies":[{"name":"wp","href":"https:\/\/api.w.org\/{rel}","templated":true}]}}