
{"id":1335,"date":"2023-10-03T00:00:00","date_gmt":"2023-10-03T03:00:00","guid":{"rendered":"https:\/\/derechoyreligion-uc.urantiacos.cl\/3-de-noviembre-a-4-diciembre-curso-iv-del-diplomado-los-delitos-mas-graves-en-derecho-canonico\/"},"modified":"2023-10-03T00:00:00","modified_gmt":"2023-10-03T03:00:00","slug":"3-de-noviembre-a-4-diciembre-curso-iv-del-diplomado-los-delitos-mas-graves-en-derecho-canonico","status":"publish","type":"post","link":"https:\/\/derechoyreligion-uc.urantiacos.cl\/en\/3-de-noviembre-a-4-diciembre-curso-iv-del-diplomado-los-delitos-mas-graves-en-derecho-canonico\/","title":{"rendered":"3 de noviembre a 4 diciembre: Curso IV del Diplomado Los delitos m\u00e1s graves en Derecho Can\u00f3nico"},"content":{"rendered":"<article>\n<span><br \/>\n<\/span><\/p>\n<p><a href=\"https:\/\/educacioncontinua.uc.cl\/programas\/los-delitos-mas-graves-en-derecho-canonico-recursos-y-reparacion\/?seccion_id=3357\" target=\"_blank\"><img decoding=\"async\" alt=\"Afiche Curso los delitos mas graves en derecho can\u00f3nico para mail\" src=\"https:\/\/derechoyreligion-uc.urantiacos.cl\/wp-content\/uploads\/imagenes\/Afiche_Curso_los_delitos_mas_graves_en_derecho_can\u00f3nico_para_mail.png\"\/><\/a><\/p>\n<\/article>\n","protected":false},"excerpt":{"rendered":"","protected":false},"author":1,"featured_media":0,"comment_status":"","ping_status":"","sticky":false,"template":"","format":"standard","meta":{"_acf_changed":false,"footnotes":""},"categories":[1],"tags":[],"class_list":["post-1335","post","type-post","status-publish","format-standard","hentry","category-noticias"],"acf":[],"yoast_head":"<!-- This site is optimized with the Yoast SEO plugin v27.1.1 - https:\/\/yoast.com\/product\/yoast-seo-wordpress\/ -->\n<title>3 de noviembre a 4 diciembre: Curso IV del Diplomado Los delitos m\u00e1s graves en Derecho Can\u00f3nico - Centro UC Derecho y Religi\u00f3n<\/title>\n<meta name=\"robots\" content=\"index, follow, max-snippet:-1, max-image-preview:large, max-video-preview:-1\" \/>\n<link rel=\"canonical\" href=\"https:\/\/derechoyreligion-uc.urantiacos.cl\/en\/3-de-noviembre-a-4-diciembre-curso-iv-del-diplomado-los-delitos-mas-graves-en-derecho-canonico\/\" \/>\n<meta property=\"og:locale\" content=\"en_US\" \/>\n<meta property=\"og:type\" content=\"article\" \/>\n<meta property=\"og:title\" content=\"3 de noviembre a 4 diciembre: Curso IV del Diplomado Los delitos m\u00e1s graves en Derecho Can\u00f3nico - Centro UC Derecho y Religi\u00f3n\" \/>\n<meta property=\"og:url\" content=\"https:\/\/derechoyreligion-uc.urantiacos.cl\/en\/3-de-noviembre-a-4-diciembre-curso-iv-del-diplomado-los-delitos-mas-graves-en-derecho-canonico\/\" \/>\n<meta property=\"og:site_name\" content=\"Centro UC Derecho y Religi\u00f3n\" \/>\n<meta property=\"article:published_time\" content=\"2023-10-03T03:00:00+00:00\" \/>\n<meta name=\"author\" content=\"manadmin\" \/>\n<meta name=\"twitter:card\" content=\"summary_large_image\" \/>\n<meta name=\"twitter:label1\" content=\"Written by\" \/>\n\t<meta name=\"twitter:data1\" content=\"manadmin\" \/>\n<script type=\"application\/ld+json\" class=\"yoast-schema-graph\">{\"@context\":\"https:\/\/schema.org\",\"@graph\":[{\"@type\":\"Article\",\"@id\":\"https:\/\/derechoyreligion-uc.urantiacos.cl\/en\/3-de-noviembre-a-4-diciembre-curso-iv-del-diplomado-los-delitos-mas-graves-en-derecho-canonico\/#article\",\"isPartOf\":{\"@id\":\"https:\/\/derechoyreligion-uc.urantiacos.cl\/en\/3-de-noviembre-a-4-diciembre-curso-iv-del-diplomado-los-delitos-mas-graves-en-derecho-canonico\/\"},\"author\":{\"name\":\"manadmin\",\"@id\":\"https:\/\/derechoyreligion-uc.urantiacos.cl\/en\/#\/schema\/person\/6cc7f593e2f49e3b770a06f63b58e3b1\"},\"headline\":\"3 de noviembre a 4 diciembre: Curso IV del Diplomado Los delitos m\u00e1s graves en Derecho Can\u00f3nico\",\"datePublished\":\"2023-10-03T03:00:00+00:00\",\"mainEntityOfPage\":{\"@id\":\"https:\/\/derechoyreligion-uc.urantiacos.cl\/en\/3-de-noviembre-a-4-diciembre-curso-iv-del-diplomado-los-delitos-mas-graves-en-derecho-canonico\/\"},\"wordCount\":17,\"articleSection\":[\"Noticias\"],\"inLanguage\":\"en-US\"},{\"@type\":\"WebPage\",\"@id\":\"https:\/\/derechoyreligion-uc.urantiacos.cl\/en\/3-de-noviembre-a-4-diciembre-curso-iv-del-diplomado-los-delitos-mas-graves-en-derecho-canonico\/\",\"url\":\"https:\/\/derechoyreligion-uc.urantiacos.cl\/en\/3-de-noviembre-a-4-diciembre-curso-iv-del-diplomado-los-delitos-mas-graves-en-derecho-canonico\/\",\"name\":\"3 de noviembre a 4 diciembre: Curso IV del Diplomado Los delitos m\u00e1s graves en Derecho Can\u00f3nico - Centro UC Derecho y Religi\u00f3n\",\"isPartOf\":{\"@id\":\"https:\/\/derechoyreligion-uc.urantiacos.cl\/en\/#website\"},\"datePublished\":\"2023-10-03T03:00:00+00:00\",\"author\":{\"@id\":\"https:\/\/derechoyreligion-uc.urantiacos.cl\/en\/#\/schema\/person\/6cc7f593e2f49e3b770a06f63b58e3b1\"},\"breadcrumb\":{\"@id\":\"https:\/\/derechoyreligion-uc.urantiacos.cl\/en\/3-de-noviembre-a-4-diciembre-curso-iv-del-diplomado-los-delitos-mas-graves-en-derecho-canonico\/#breadcrumb\"},\"inLanguage\":\"en-US\",\"potentialAction\":[{\"@type\":\"ReadAction\",\"target\":[\"https:\/\/derechoyreligion-uc.urantiacos.cl\/en\/3-de-noviembre-a-4-diciembre-curso-iv-del-diplomado-los-delitos-mas-graves-en-derecho-canonico\/\"]}]},{\"@type\":\"BreadcrumbList\",\"@id\":\"https:\/\/derechoyreligion-uc.urantiacos.cl\/en\/3-de-noviembre-a-4-diciembre-curso-iv-del-diplomado-los-delitos-mas-graves-en-derecho-canonico\/#breadcrumb\",\"itemListElement\":[{\"@type\":\"ListItem\",\"position\":1,\"name\":\"Portada\",\"item\":\"https:\/\/derechoyreligion-uc.urantiacos.cl\/en\/\"},{\"@type\":\"ListItem\",\"position\":2,\"name\":\"3 de noviembre a 4 diciembre: Curso IV del Diplomado Los delitos m\u00e1s graves en Derecho Can\u00f3nico\"}]},{\"@type\":\"WebSite\",\"@id\":\"https:\/\/derechoyreligion-uc.urantiacos.cl\/en\/#website\",\"url\":\"https:\/\/derechoyreligion-uc.urantiacos.cl\/en\/\",\"name\":\"Centro UC Derecho y Religi\u00f3n\",\"description\":\"\",\"potentialAction\":[{\"@type\":\"SearchAction\",\"target\":{\"@type\":\"EntryPoint\",\"urlTemplate\":\"https:\/\/derechoyreligion-uc.urantiacos.cl\/en\/?s={search_term_string}\"},\"query-input\":{\"@type\":\"PropertyValueSpecification\",\"valueRequired\":true,\"valueName\":\"search_term_string\"}}],\"inLanguage\":\"en-US\"},{\"@type\":\"Person\",\"@id\":\"https:\/\/derechoyreligion-uc.urantiacos.cl\/en\/#\/schema\/person\/6cc7f593e2f49e3b770a06f63b58e3b1\",\"name\":\"manadmin\",\"sameAs\":[\"https:\/\/derechoyreligion-uc.urantiacos.cl\"]}]}<\/script>\n<!-- \/ Yoast SEO plugin. -->","yoast_head_json":{"title":"3 de noviembre a 4 diciembre: Curso IV del Diplomado Los delitos m\u00e1s graves en Derecho Can\u00f3nico - Centro UC Derecho y Religi\u00f3n","robots":{"index":"index","follow":"follow","max-snippet":"max-snippet:-1","max-image-preview":"max-image-preview:large","max-video-preview":"max-video-preview:-1"},"canonical":"https:\/\/derechoyreligion-uc.urantiacos.cl\/en\/3-de-noviembre-a-4-diciembre-curso-iv-del-diplomado-los-delitos-mas-graves-en-derecho-canonico\/","og_locale":"en_US","og_type":"article","og_title":"3 de noviembre a 4 diciembre: Curso IV del Diplomado Los delitos m\u00e1s graves en Derecho Can\u00f3nico - Centro UC Derecho y Religi\u00f3n","og_url":"https:\/\/derechoyreligion-uc.urantiacos.cl\/en\/3-de-noviembre-a-4-diciembre-curso-iv-del-diplomado-los-delitos-mas-graves-en-derecho-canonico\/","og_site_name":"Centro UC Derecho y Religi\u00f3n","article_published_time":"2023-10-03T03:00:00+00:00","author":"manadmin","twitter_card":"summary_large_image","twitter_misc":{"Written by":"manadmin"},"schema":{"@context":"https:\/\/schema.org","@graph":[{"@type":"Article","@id":"https:\/\/derechoyreligion-uc.urantiacos.cl\/en\/3-de-noviembre-a-4-diciembre-curso-iv-del-diplomado-los-delitos-mas-graves-en-derecho-canonico\/#article","isPartOf":{"@id":"https:\/\/derechoyreligion-uc.urantiacos.cl\/en\/3-de-noviembre-a-4-diciembre-curso-iv-del-diplomado-los-delitos-mas-graves-en-derecho-canonico\/"},"author":{"name":"manadmin","@id":"https:\/\/derechoyreligion-uc.urantiacos.cl\/en\/#\/schema\/person\/6cc7f593e2f49e3b770a06f63b58e3b1"},"headline":"3 de noviembre a 4 diciembre: Curso IV del Diplomado Los delitos m\u00e1s graves en Derecho Can\u00f3nico","datePublished":"2023-10-03T03:00:00+00:00","mainEntityOfPage":{"@id":"https:\/\/derechoyreligion-uc.urantiacos.cl\/en\/3-de-noviembre-a-4-diciembre-curso-iv-del-diplomado-los-delitos-mas-graves-en-derecho-canonico\/"},"wordCount":17,"articleSection":["Noticias"],"inLanguage":"en-US"},{"@type":"WebPage","@id":"https:\/\/derechoyreligion-uc.urantiacos.cl\/en\/3-de-noviembre-a-4-diciembre-curso-iv-del-diplomado-los-delitos-mas-graves-en-derecho-canonico\/","url":"https:\/\/derechoyreligion-uc.urantiacos.cl\/en\/3-de-noviembre-a-4-diciembre-curso-iv-del-diplomado-los-delitos-mas-graves-en-derecho-canonico\/","name":"3 de noviembre a 4 diciembre: Curso IV del Diplomado Los delitos m\u00e1s graves en Derecho Can\u00f3nico - Centro UC Derecho y Religi\u00f3n","isPartOf":{"@id":"https:\/\/derechoyreligion-uc.urantiacos.cl\/en\/#website"},"datePublished":"2023-10-03T03:00:00+00:00","author":{"@id":"https:\/\/derechoyreligion-uc.urantiacos.cl\/en\/#\/schema\/person\/6cc7f593e2f49e3b770a06f63b58e3b1"},"breadcrumb":{"@id":"https:\/\/derechoyreligion-uc.urantiacos.cl\/en\/3-de-noviembre-a-4-diciembre-curso-iv-del-diplomado-los-delitos-mas-graves-en-derecho-canonico\/#breadcrumb"},"inLanguage":"en-US","potentialAction":[{"@type":"ReadAction","target":["https:\/\/derechoyreligion-uc.urantiacos.cl\/en\/3-de-noviembre-a-4-diciembre-curso-iv-del-diplomado-los-delitos-mas-graves-en-derecho-canonico\/"]}]},{"@type":"BreadcrumbList","@id":"https:\/\/derechoyreligion-uc.urantiacos.cl\/en\/3-de-noviembre-a-4-diciembre-curso-iv-del-diplomado-los-delitos-mas-graves-en-derecho-canonico\/#breadcrumb","itemListElement":[{"@type":"ListItem","position":1,"name":"Portada","item":"https:\/\/derechoyreligion-uc.urantiacos.cl\/en\/"},{"@type":"ListItem","position":2,"name":"3 de noviembre a 4 diciembre: Curso IV del Diplomado Los delitos m\u00e1s graves en Derecho Can\u00f3nico"}]},{"@type":"WebSite","@id":"https:\/\/derechoyreligion-uc.urantiacos.cl\/en\/#website","url":"https:\/\/derechoyreligion-uc.urantiacos.cl\/en\/","name":"Centro UC Derecho y Religi\u00f3n","description":"","potentialAction":[{"@type":"SearchAction","target":{"@type":"EntryPoint","urlTemplate":"https:\/\/derechoyreligion-uc.urantiacos.cl\/en\/?s={search_term_string}"},"query-input":{"@type":"PropertyValueSpecification","valueRequired":true,"valueName":"search_term_string"}}],"inLanguage":"en-US"},{"@type":"Person","@id":"https:\/\/derechoyreligion-uc.urantiacos.cl\/en\/#\/schema\/person\/6cc7f593e2f49e3b770a06f63b58e3b1","name":"manadmin","sameAs":["https:\/\/derechoyreligion-uc.urantiacos.cl"]}]}},"_links":{"self":[{"href":"https:\/\/derechoyreligion-uc.urantiacos.cl\/en\/wp-json\/wp\/v2\/posts\/1335","targetHints":{"allow":["GET"]}}],"collection":[{"href":"https:\/\/derechoyreligion-uc.urantiacos.cl\/en\/wp-json\/wp\/v2\/posts"}],"about":[{"href":"https:\/\/derechoyreligion-uc.urantiacos.cl\/en\/wp-json\/wp\/v2\/types\/post"}],"author":[{"embeddable":true,"href":"https:\/\/derechoyreligion-uc.urantiacos.cl\/en\/wp-json\/wp\/v2\/users\/1"}],"replies":[{"embeddable":true,"href":"https:\/\/derechoyreligion-uc.urantiacos.cl\/en\/wp-json\/wp\/v2\/comments?post=1335"}],"version-history":[{"count":0,"href":"https:\/\/derechoyreligion-uc.urantiacos.cl\/en\/wp-json\/wp\/v2\/posts\/1335\/revisions"}],"wp:attachment":[{"href":"https:\/\/derechoyreligion-uc.urantiacos.cl\/en\/wp-json\/wp\/v2\/media?parent=1335"}],"wp:term":[{"taxonomy":"category","embeddable":true,"href":"https:\/\/derechoyreligion-uc.urantiacos.cl\/en\/wp-json\/wp\/v2\/categories?post=1335"},{"taxonomy":"post_tag","embeddable":true,"href":"https:\/\/derechoyreligion-uc.urantiacos.cl\/en\/wp-json\/wp\/v2\/tags?post=1335"}],"curies":[{"name":"wp","href":"https:\/\/api.w.org\/{rel}","templated":true}]}}