
{"id":1318,"date":"2024-08-12T00:00:00","date_gmt":"2024-08-12T04:00:00","guid":{"rendered":"https:\/\/derechoyreligion-uc.urantiacos.cl\/conferencia-impacto-de-la-jurisprudencia-de-la-cidh\/"},"modified":"2024-08-12T00:00:00","modified_gmt":"2024-08-12T04:00:00","slug":"conferencia-impacto-de-la-jurisprudencia-de-la-cidh","status":"publish","type":"post","link":"https:\/\/derechoyreligion-uc.urantiacos.cl\/en\/conferencia-impacto-de-la-jurisprudencia-de-la-cidh\/","title":{"rendered":"Conferencia: Impacto de la jurisprudencia de la CIDH"},"content":{"rendered":"<article>\n<span><br \/>\n<\/span><\/p>\n<p><img decoding=\"async\" alt=\"IMG 3942 8\" src=\"https:\/\/derechoyreligion-uc.urantiacos.cl\/wp-content\/uploads\/imagenes\/IMG_3942_8.jpg\"\/><\/p>\n<p>\u00a0<\/p>\n<p>El 12 de agosto pasado el Centro recibi\u00f3 la visita de Pablo Saavedra Alessandri, secretario ejecutivo de la <a href=\"https:\/\/www.corteidh.or.cr\/\" target=\"_blank\">Corte Interamericana de Derechos Humanos<\/a> (CIDH). En el Sal\u00f3n de Honor Aquiles Portaluppi se realiz\u00f3 un encuentro con profesores de la Facultad y alumnos, en el que expuso sobre el Impacto de la Jurisprudencia de la CIDH. Tambi\u00e9n concurri\u00f3 a la cita el decano de la Facultad, Sr. Gabriel Bocksang.<\/p>\n<p>La CIDH est\u00e1 cumpliendo 45 a\u00f1os. Pablo Saavedra explic\u00f3 que la competencia de la Corte incluye casos contenciosos, opiniones consultivas y medidas provisionales. En sus inicios el objetivo fue tratar los casos de graves vulneraciones a los derechos humanos en las Am\u00e9ricas y desde los a\u00f1os 80 empez\u00f3 a abordar temas que pr\u00e1cticamente no hab\u00edan sido tratados en la jurisprudencia. Por ejemplo, en casos contenciosos, en una sentencia de 1987 la Corte toc\u00f3 el tema de la desaparici\u00f3n forzada y defini\u00f3 sus elementos principales; se\u00f1al\u00f3 que las normas de auto amnist\u00eda en Per\u00fa eran contrarias a derecho; desarroll\u00f3 el concepto de reparaci\u00f3n integral a prop\u00f3sito del proceso de paz en Colombia; ha abordado el tema de la independencia judicial el Per\u00fa, Ecuador y Venezuela; se ha referido a temas sobre libertad de expresi\u00f3n y el rol de los medios de comunicaci\u00f3n en democracia en casos de Ecuador y Venezuela, entre otros.<\/p>\n<p>En el rol de opini\u00f3n consultiva, ha tratado el tema de la reelecci\u00f3n presidencial indefinida, personas vulnerables, derecho de propiedad comunal ind\u00edgena, temas de privados de libertad en situaciones especiales, como personas con discapacidad o mujeres con ni\u00f1os, movilidad humana y migraci\u00f3n, ni\u00f1os no acompa\u00f1ados, etc. A prop\u00f3sito de la opini\u00f3n consultiva expresada por la CIDH, se han efectuado cambios legislativos en los pa\u00edses y tambi\u00e9n en organismos internacionales como ACNUR (Agencia de Naciones Unidas para los refugiados). Actualmente est\u00e1n ingresando temas sobre cambio clim\u00e1tico y derecho ambiental.<\/p>\n<p>Comenta que la Corte est\u00e1 en un reflexi\u00f3n sobre c\u00f3mo los estados est\u00e1n recogiendo los temas que trata la Corte y su interpretaci\u00f3n evolutiva.<\/p>\n<p>A continuaci\u00f3n, se abri\u00f3 un espacio para preguntas e intercambio. En este contexto, Pablo Saavedra se\u00f1al\u00f3 que la Corte tiene un sistema de pasant\u00eda y cuenta con un Convenio con la UC, de manera que las puertas est\u00e1n abiertas para estudiantes de la Facultad.<\/p>\n<p><strong>Pablo Saavedra Alessandri<\/strong> es secretario de la Corte Interamericana de Derechos Humanos desde el a\u00f1o 2004 a la fecha. Previamente fue secretario Adjunto de la Corte entre agosto de 2001 y diciembre de 2003. Adem\u00e1s, fue abogado de la Comisi\u00f3n Interamericana de Derechos Humanos entre 1997 y julio de 2001.<\/p>\n<p>Estudi\u00f3 Derecho en la Universidad Diego Portales en Chile. Realiz\u00f3 una Maestr\u00eda en Derecho Internacional de los Derechos Humanos en la Universidad de Notre Dame, Estados Unidos.<\/p>\n<p>Desde el a\u00f1o 2016 es profesor en la American University, Washington College of Law y permanentemente es profesor invitado en la Universidad de Navarra de Espa\u00f1a; Universidad Panamericana de M\u00e9xico y la Universidad La Sabana de Colombia. Recientemente fue profesor invitado a la Universidad a la Universidad de Notre Dame y colabora de manera constante con el Instituto Max Planck de Heidelberg. Tiene diversas publicaciones en materias de derechos humanos. Es miembro del Consejo Editorial del Netherlands Quarterly of Human Rights.<\/p>\n<p>Galer\u00eda de fotos<\/p>\n<p>\u00a0<\/p>\n<p>\u00a0<img decoding=\"async\" alt=\"IMG 3923 1\" src=\"https:\/\/derechoyreligion-uc.urantiacos.cl\/wp-content\/uploads\/imagenes\/IMG_3923_1.jpg\"\/><\/p>\n<p><img decoding=\"async\" alt=\"IMG 3926-2\" src=\"https:\/\/derechoyreligion-uc.urantiacos.cl\/wp-content\/uploads\/imagenes\/IMG_3926-2.jpg\"\/><\/p>\n<p><img decoding=\"async\" alt=\"IMG 3932 4\" src=\"https:\/\/derechoyreligion-uc.urantiacos.cl\/wp-content\/uploads\/imagenes\/IMG_3932_4.jpg\"\/><\/p>\n<p><img decoding=\"async\" alt=\"IMG 392834\" src=\"https:\/\/derechoyreligion-uc.urantiacos.cl\/wp-content\/uploads\/imagenes\/IMG_392834.jpg\"\/><\/p>\n<p><img decoding=\"async\" alt=\"IMG 3934 5\" src=\"https:\/\/derechoyreligion-uc.urantiacos.cl\/wp-content\/uploads\/imagenes\/IMG_3934_5.jpg\"\/><\/p>\n<p><img decoding=\"async\" alt=\"IMG 3937 6\" src=\"https:\/\/derechoyreligion-uc.urantiacos.cl\/wp-content\/uploads\/imagenes\/IMG_3937_6.jpg\"\/><\/p>\n<p><img decoding=\"async\" alt=\"IMG 3938 7\" src=\"https:\/\/derechoyreligion-uc.urantiacos.cl\/wp-content\/uploads\/imagenes\/IMG_3938_7.jpg\"\/><\/p>\n<p>\u00a0<\/p>\n<p>\u00a0<\/p>\n<\/article>\n","protected":false},"excerpt":{"rendered":"<p>El 12 de agosto pasado el Centro recibi\u00f3 la visita de Pablo Saavedra Alessandri, secretario ejecutivo de laCorte Interamericana de Derechos Humanos(CIDH). En el Sal\u00f3n de Honor Aquiles Portaluppi se realiz\u00f3 un encuentro con profesores de la Facultad y alumnos, en el que expuso sobre el Impacto de la Jurisprudencia de la CIDH. Tambi\u00e9n concurri\u00f3 a la cita el decano de la Facultad, Sr. Gabriel Bocksang.<\/p>\n","protected":false},"author":1,"featured_media":1465,"comment_status":"","ping_status":"","sticky":false,"template":"","format":"standard","meta":{"_acf_changed":false,"footnotes":""},"categories":[1],"tags":[],"class_list":["post-1318","post","type-post","status-publish","format-standard","has-post-thumbnail","hentry","category-noticias"],"acf":[],"yoast_head":"<!-- This site is optimized with the Yoast SEO plugin v27.1.1 - https:\/\/yoast.com\/product\/yoast-seo-wordpress\/ -->\n<title>Conferencia: Impacto de la jurisprudencia de la CIDH - Centro UC Derecho y Religi\u00f3n<\/title>\n<meta name=\"robots\" content=\"index, follow, max-snippet:-1, max-image-preview:large, max-video-preview:-1\" \/>\n<link rel=\"canonical\" href=\"https:\/\/derechoyreligion-uc.urantiacos.cl\/en\/conferencia-impacto-de-la-jurisprudencia-de-la-cidh\/\" \/>\n<meta property=\"og:locale\" content=\"en_US\" \/>\n<meta property=\"og:type\" content=\"article\" \/>\n<meta property=\"og:title\" content=\"Conferencia: Impacto de la jurisprudencia de la CIDH - Centro UC Derecho y Religi\u00f3n\" \/>\n<meta property=\"og:description\" content=\"El 12 de agosto pasado el Centro recibi\u00f3 la visita de Pablo Saavedra Alessandri, secretario ejecutivo de laCorte Interamericana de Derechos Humanos(CIDH). En el Sal\u00f3n de Honor Aquiles Portaluppi se realiz\u00f3 un encuentro con profesores de la Facultad y alumnos, en el que expuso sobre el Impacto de la Jurisprudencia de la CIDH. Tambi\u00e9n concurri\u00f3 a la cita el decano de la Facultad, Sr. Gabriel Bocksang.\" \/>\n<meta property=\"og:url\" content=\"https:\/\/derechoyreligion-uc.urantiacos.cl\/en\/conferencia-impacto-de-la-jurisprudencia-de-la-cidh\/\" \/>\n<meta property=\"og:site_name\" content=\"Centro UC Derecho y Religi\u00f3n\" \/>\n<meta property=\"article:published_time\" content=\"2024-08-12T04:00:00+00:00\" \/>\n<meta property=\"og:image\" content=\"https:\/\/derechoyreligion-uc.urantiacos.cl\/wp-content\/uploads\/2024\/08\/IMG_3942_8-scaled.jpg\" \/>\n\t<meta property=\"og:image:width\" content=\"1920\" \/>\n\t<meta property=\"og:image:height\" content=\"2560\" \/>\n\t<meta property=\"og:image:type\" content=\"image\/jpeg\" \/>\n<meta name=\"author\" content=\"manadmin\" \/>\n<meta name=\"twitter:card\" content=\"summary_large_image\" \/>\n<meta name=\"twitter:label1\" content=\"Written by\" \/>\n\t<meta name=\"twitter:data1\" content=\"manadmin\" \/>\n\t<meta name=\"twitter:label2\" content=\"Est. reading time\" \/>\n\t<meta name=\"twitter:data2\" content=\"3 minutes\" \/>\n<script type=\"application\/ld+json\" class=\"yoast-schema-graph\">{\"@context\":\"https:\/\/schema.org\",\"@graph\":[{\"@type\":\"Article\",\"@id\":\"https:\/\/derechoyreligion-uc.urantiacos.cl\/en\/conferencia-impacto-de-la-jurisprudencia-de-la-cidh\/#article\",\"isPartOf\":{\"@id\":\"https:\/\/derechoyreligion-uc.urantiacos.cl\/en\/conferencia-impacto-de-la-jurisprudencia-de-la-cidh\/\"},\"author\":{\"name\":\"manadmin\",\"@id\":\"https:\/\/derechoyreligion-uc.urantiacos.cl\/en\/#\/schema\/person\/6cc7f593e2f49e3b770a06f63b58e3b1\"},\"headline\":\"Conferencia: Impacto de la jurisprudencia de la CIDH\",\"datePublished\":\"2024-08-12T04:00:00+00:00\",\"mainEntityOfPage\":{\"@id\":\"https:\/\/derechoyreligion-uc.urantiacos.cl\/en\/conferencia-impacto-de-la-jurisprudencia-de-la-cidh\/\"},\"wordCount\":577,\"image\":{\"@id\":\"https:\/\/derechoyreligion-uc.urantiacos.cl\/en\/conferencia-impacto-de-la-jurisprudencia-de-la-cidh\/#primaryimage\"},\"thumbnailUrl\":\"https:\/\/derechoyreligion-uc.urantiacos.cl\/wp-content\/uploads\/2024\/08\/IMG_3942_8-scaled.jpg\",\"articleSection\":[\"Noticias\"],\"inLanguage\":\"en-US\"},{\"@type\":\"WebPage\",\"@id\":\"https:\/\/derechoyreligion-uc.urantiacos.cl\/en\/conferencia-impacto-de-la-jurisprudencia-de-la-cidh\/\",\"url\":\"https:\/\/derechoyreligion-uc.urantiacos.cl\/en\/conferencia-impacto-de-la-jurisprudencia-de-la-cidh\/\",\"name\":\"Conferencia: Impacto de la jurisprudencia de la CIDH - Centro UC Derecho y Religi\u00f3n\",\"isPartOf\":{\"@id\":\"https:\/\/derechoyreligion-uc.urantiacos.cl\/en\/#website\"},\"primaryImageOfPage\":{\"@id\":\"https:\/\/derechoyreligion-uc.urantiacos.cl\/en\/conferencia-impacto-de-la-jurisprudencia-de-la-cidh\/#primaryimage\"},\"image\":{\"@id\":\"https:\/\/derechoyreligion-uc.urantiacos.cl\/en\/conferencia-impacto-de-la-jurisprudencia-de-la-cidh\/#primaryimage\"},\"thumbnailUrl\":\"https:\/\/derechoyreligion-uc.urantiacos.cl\/wp-content\/uploads\/2024\/08\/IMG_3942_8-scaled.jpg\",\"datePublished\":\"2024-08-12T04:00:00+00:00\",\"author\":{\"@id\":\"https:\/\/derechoyreligion-uc.urantiacos.cl\/en\/#\/schema\/person\/6cc7f593e2f49e3b770a06f63b58e3b1\"},\"breadcrumb\":{\"@id\":\"https:\/\/derechoyreligion-uc.urantiacos.cl\/en\/conferencia-impacto-de-la-jurisprudencia-de-la-cidh\/#breadcrumb\"},\"inLanguage\":\"en-US\",\"potentialAction\":[{\"@type\":\"ReadAction\",\"target\":[\"https:\/\/derechoyreligion-uc.urantiacos.cl\/en\/conferencia-impacto-de-la-jurisprudencia-de-la-cidh\/\"]}]},{\"@type\":\"ImageObject\",\"inLanguage\":\"en-US\",\"@id\":\"https:\/\/derechoyreligion-uc.urantiacos.cl\/en\/conferencia-impacto-de-la-jurisprudencia-de-la-cidh\/#primaryimage\",\"url\":\"https:\/\/derechoyreligion-uc.urantiacos.cl\/wp-content\/uploads\/2024\/08\/IMG_3942_8-scaled.jpg\",\"contentUrl\":\"https:\/\/derechoyreligion-uc.urantiacos.cl\/wp-content\/uploads\/2024\/08\/IMG_3942_8-scaled.jpg\",\"width\":1920,\"height\":2560},{\"@type\":\"BreadcrumbList\",\"@id\":\"https:\/\/derechoyreligion-uc.urantiacos.cl\/en\/conferencia-impacto-de-la-jurisprudencia-de-la-cidh\/#breadcrumb\",\"itemListElement\":[{\"@type\":\"ListItem\",\"position\":1,\"name\":\"Portada\",\"item\":\"https:\/\/derechoyreligion-uc.urantiacos.cl\/en\/\"},{\"@type\":\"ListItem\",\"position\":2,\"name\":\"Conferencia: Impacto de la jurisprudencia de la CIDH\"}]},{\"@type\":\"WebSite\",\"@id\":\"https:\/\/derechoyreligion-uc.urantiacos.cl\/en\/#website\",\"url\":\"https:\/\/derechoyreligion-uc.urantiacos.cl\/en\/\",\"name\":\"Centro UC Derecho y Religi\u00f3n\",\"description\":\"\",\"potentialAction\":[{\"@type\":\"SearchAction\",\"target\":{\"@type\":\"EntryPoint\",\"urlTemplate\":\"https:\/\/derechoyreligion-uc.urantiacos.cl\/en\/?s={search_term_string}\"},\"query-input\":{\"@type\":\"PropertyValueSpecification\",\"valueRequired\":true,\"valueName\":\"search_term_string\"}}],\"inLanguage\":\"en-US\"},{\"@type\":\"Person\",\"@id\":\"https:\/\/derechoyreligion-uc.urantiacos.cl\/en\/#\/schema\/person\/6cc7f593e2f49e3b770a06f63b58e3b1\",\"name\":\"manadmin\",\"sameAs\":[\"https:\/\/derechoyreligion-uc.urantiacos.cl\"]}]}<\/script>\n<!-- \/ Yoast SEO plugin. -->","yoast_head_json":{"title":"Conferencia: Impacto de la jurisprudencia de la CIDH - Centro UC Derecho y Religi\u00f3n","robots":{"index":"index","follow":"follow","max-snippet":"max-snippet:-1","max-image-preview":"max-image-preview:large","max-video-preview":"max-video-preview:-1"},"canonical":"https:\/\/derechoyreligion-uc.urantiacos.cl\/en\/conferencia-impacto-de-la-jurisprudencia-de-la-cidh\/","og_locale":"en_US","og_type":"article","og_title":"Conferencia: Impacto de la jurisprudencia de la CIDH - Centro UC Derecho y Religi\u00f3n","og_description":"El 12 de agosto pasado el Centro recibi\u00f3 la visita de Pablo Saavedra Alessandri, secretario ejecutivo de laCorte Interamericana de Derechos Humanos(CIDH). En el Sal\u00f3n de Honor Aquiles Portaluppi se realiz\u00f3 un encuentro con profesores de la Facultad y alumnos, en el que expuso sobre el Impacto de la Jurisprudencia de la CIDH. Tambi\u00e9n concurri\u00f3 a la cita el decano de la Facultad, Sr. Gabriel Bocksang.","og_url":"https:\/\/derechoyreligion-uc.urantiacos.cl\/en\/conferencia-impacto-de-la-jurisprudencia-de-la-cidh\/","og_site_name":"Centro UC Derecho y Religi\u00f3n","article_published_time":"2024-08-12T04:00:00+00:00","og_image":[{"width":1920,"height":2560,"url":"https:\/\/derechoyreligion-uc.urantiacos.cl\/wp-content\/uploads\/2024\/08\/IMG_3942_8-scaled.jpg","type":"image\/jpeg"}],"author":"manadmin","twitter_card":"summary_large_image","twitter_misc":{"Written by":"manadmin","Est. reading time":"3 minutes"},"schema":{"@context":"https:\/\/schema.org","@graph":[{"@type":"Article","@id":"https:\/\/derechoyreligion-uc.urantiacos.cl\/en\/conferencia-impacto-de-la-jurisprudencia-de-la-cidh\/#article","isPartOf":{"@id":"https:\/\/derechoyreligion-uc.urantiacos.cl\/en\/conferencia-impacto-de-la-jurisprudencia-de-la-cidh\/"},"author":{"name":"manadmin","@id":"https:\/\/derechoyreligion-uc.urantiacos.cl\/en\/#\/schema\/person\/6cc7f593e2f49e3b770a06f63b58e3b1"},"headline":"Conferencia: Impacto de la jurisprudencia de la CIDH","datePublished":"2024-08-12T04:00:00+00:00","mainEntityOfPage":{"@id":"https:\/\/derechoyreligion-uc.urantiacos.cl\/en\/conferencia-impacto-de-la-jurisprudencia-de-la-cidh\/"},"wordCount":577,"image":{"@id":"https:\/\/derechoyreligion-uc.urantiacos.cl\/en\/conferencia-impacto-de-la-jurisprudencia-de-la-cidh\/#primaryimage"},"thumbnailUrl":"https:\/\/derechoyreligion-uc.urantiacos.cl\/wp-content\/uploads\/2024\/08\/IMG_3942_8-scaled.jpg","articleSection":["Noticias"],"inLanguage":"en-US"},{"@type":"WebPage","@id":"https:\/\/derechoyreligion-uc.urantiacos.cl\/en\/conferencia-impacto-de-la-jurisprudencia-de-la-cidh\/","url":"https:\/\/derechoyreligion-uc.urantiacos.cl\/en\/conferencia-impacto-de-la-jurisprudencia-de-la-cidh\/","name":"Conferencia: Impacto de la jurisprudencia de la CIDH - Centro UC Derecho y Religi\u00f3n","isPartOf":{"@id":"https:\/\/derechoyreligion-uc.urantiacos.cl\/en\/#website"},"primaryImageOfPage":{"@id":"https:\/\/derechoyreligion-uc.urantiacos.cl\/en\/conferencia-impacto-de-la-jurisprudencia-de-la-cidh\/#primaryimage"},"image":{"@id":"https:\/\/derechoyreligion-uc.urantiacos.cl\/en\/conferencia-impacto-de-la-jurisprudencia-de-la-cidh\/#primaryimage"},"thumbnailUrl":"https:\/\/derechoyreligion-uc.urantiacos.cl\/wp-content\/uploads\/2024\/08\/IMG_3942_8-scaled.jpg","datePublished":"2024-08-12T04:00:00+00:00","author":{"@id":"https:\/\/derechoyreligion-uc.urantiacos.cl\/en\/#\/schema\/person\/6cc7f593e2f49e3b770a06f63b58e3b1"},"breadcrumb":{"@id":"https:\/\/derechoyreligion-uc.urantiacos.cl\/en\/conferencia-impacto-de-la-jurisprudencia-de-la-cidh\/#breadcrumb"},"inLanguage":"en-US","potentialAction":[{"@type":"ReadAction","target":["https:\/\/derechoyreligion-uc.urantiacos.cl\/en\/conferencia-impacto-de-la-jurisprudencia-de-la-cidh\/"]}]},{"@type":"ImageObject","inLanguage":"en-US","@id":"https:\/\/derechoyreligion-uc.urantiacos.cl\/en\/conferencia-impacto-de-la-jurisprudencia-de-la-cidh\/#primaryimage","url":"https:\/\/derechoyreligion-uc.urantiacos.cl\/wp-content\/uploads\/2024\/08\/IMG_3942_8-scaled.jpg","contentUrl":"https:\/\/derechoyreligion-uc.urantiacos.cl\/wp-content\/uploads\/2024\/08\/IMG_3942_8-scaled.jpg","width":1920,"height":2560},{"@type":"BreadcrumbList","@id":"https:\/\/derechoyreligion-uc.urantiacos.cl\/en\/conferencia-impacto-de-la-jurisprudencia-de-la-cidh\/#breadcrumb","itemListElement":[{"@type":"ListItem","position":1,"name":"Portada","item":"https:\/\/derechoyreligion-uc.urantiacos.cl\/en\/"},{"@type":"ListItem","position":2,"name":"Conferencia: Impacto de la jurisprudencia de la CIDH"}]},{"@type":"WebSite","@id":"https:\/\/derechoyreligion-uc.urantiacos.cl\/en\/#website","url":"https:\/\/derechoyreligion-uc.urantiacos.cl\/en\/","name":"Centro UC Derecho y Religi\u00f3n","description":"","potentialAction":[{"@type":"SearchAction","target":{"@type":"EntryPoint","urlTemplate":"https:\/\/derechoyreligion-uc.urantiacos.cl\/en\/?s={search_term_string}"},"query-input":{"@type":"PropertyValueSpecification","valueRequired":true,"valueName":"search_term_string"}}],"inLanguage":"en-US"},{"@type":"Person","@id":"https:\/\/derechoyreligion-uc.urantiacos.cl\/en\/#\/schema\/person\/6cc7f593e2f49e3b770a06f63b58e3b1","name":"manadmin","sameAs":["https:\/\/derechoyreligion-uc.urantiacos.cl"]}]}},"_links":{"self":[{"href":"https:\/\/derechoyreligion-uc.urantiacos.cl\/en\/wp-json\/wp\/v2\/posts\/1318","targetHints":{"allow":["GET"]}}],"collection":[{"href":"https:\/\/derechoyreligion-uc.urantiacos.cl\/en\/wp-json\/wp\/v2\/posts"}],"about":[{"href":"https:\/\/derechoyreligion-uc.urantiacos.cl\/en\/wp-json\/wp\/v2\/types\/post"}],"author":[{"embeddable":true,"href":"https:\/\/derechoyreligion-uc.urantiacos.cl\/en\/wp-json\/wp\/v2\/users\/1"}],"replies":[{"embeddable":true,"href":"https:\/\/derechoyreligion-uc.urantiacos.cl\/en\/wp-json\/wp\/v2\/comments?post=1318"}],"version-history":[{"count":0,"href":"https:\/\/derechoyreligion-uc.urantiacos.cl\/en\/wp-json\/wp\/v2\/posts\/1318\/revisions"}],"wp:featuredmedia":[{"embeddable":true,"href":"https:\/\/derechoyreligion-uc.urantiacos.cl\/en\/wp-json\/wp\/v2\/media\/1465"}],"wp:attachment":[{"href":"https:\/\/derechoyreligion-uc.urantiacos.cl\/en\/wp-json\/wp\/v2\/media?parent=1318"}],"wp:term":[{"taxonomy":"category","embeddable":true,"href":"https:\/\/derechoyreligion-uc.urantiacos.cl\/en\/wp-json\/wp\/v2\/categories?post=1318"},{"taxonomy":"post_tag","embeddable":true,"href":"https:\/\/derechoyreligion-uc.urantiacos.cl\/en\/wp-json\/wp\/v2\/tags?post=1318"}],"curies":[{"name":"wp","href":"https:\/\/api.w.org\/{rel}","templated":true}]}}