
{"id":1317,"date":"2024-06-26T00:00:00","date_gmt":"2024-06-26T04:00:00","guid":{"rendered":"https:\/\/derechoyreligion-uc.urantiacos.cl\/conversatorio-en-celam-el-abuso-sexual-en-contexto-eclesial-analisis-del-caso-chileno\/"},"modified":"2024-06-26T00:00:00","modified_gmt":"2024-06-26T04:00:00","slug":"conversatorio-en-celam-el-abuso-sexual-en-contexto-eclesial-analisis-del-caso-chileno","status":"publish","type":"post","link":"https:\/\/derechoyreligion-uc.urantiacos.cl\/en\/conversatorio-en-celam-el-abuso-sexual-en-contexto-eclesial-analisis-del-caso-chileno\/","title":{"rendered":"Conversatorio en Celam: &#8220;El abuso sexual en contexto eclesial. An\u00e1lisis del caso chileno&#8221;"},"content":{"rendered":"<article>\n<span><br \/>\n<\/span><\/p>\n<p><img decoding=\"async\" alt=\"Conversatorio abuso sexual\" src=\"https:\/\/derechoyreligion-uc.urantiacos.cl\/wp-content\/uploads\/imagenes\/Conversatorio_abuso_sexual.png\"\/><\/p>\n<p>\u00a0<\/p>\n<p>\u00a0El 26 de junio pasado se realiz\u00f3 un conversatorio sobre el libro &#8220;<strong>El abuso sexual en contexto eclesial. An\u00e1lisis del caso chileno. Aprendizajes y Desaf\u00edos<\/strong>&#8220;, organizado por la Red Latinoamericana y Caribe\u00f1a para la Cultura del Cuidado, adscrita al Consejo Episcopal Latinoamericano y Caribe\u00f1o (CELAM).<\/p>\n<p>La actividad se desarroll\u00f3 de manera on line y fue moderada por Ana Mar\u00eda Celis, abogada, licenciada y doctora en derecho can\u00f3nico por la Pontificia Universidad Gregoriana (Roma) y ex directora del Centro UC Derecho y Religi\u00f3n. Cont\u00f3 con las exposiciones de Josefina Mart\u00ednez B. (psic\u00f3loga de la Pontificia Universidad Cat\u00f3lica de Chile y magister en psicolog\u00eda cl\u00ednica infanto juvenil por la Universidad de Chile) y Constanza Garrido M. (abogada, licenciada en derecho por la Pontificia Universidad Cat\u00f3lica de Chile y mag\u00edster en criminolog\u00eda por la Universidad de Cambridge, Reino Unido).<\/p>\n<p>El conversatorio trat\u00f3 sobre los resultados del estudio realizado por el <strong>Centro UC Derecho y Religi\u00f3n<\/strong> &#8220;Din\u00e1micas relacionales de abuso sexual en contexto eclesial en Chile: conocer para prevenir&#8221;, que dio origen al libro &#8220;El abuso sexual en contexto eclesial. An\u00e1lisis del caso chileno. Aprendizajes y Desaf\u00edos&#8221;.<\/p>\n<p>Ana Mar\u00eda Celis, investigadora principal del estudio, expuso sobre sus caracter\u00edsticas principales, el equipo investigador, financiamiento y contexto. Destac\u00f3 el apoyo y compromiso de la editorial PPC que da cobertura a las publicaciones de iniciativas y proyectos de la iglesia de habla hispana destinados a la prevenci\u00f3n, diagn\u00f3stico, gesti\u00f3n y reparaci\u00f3n del abuso sexual.<\/p>\n<p>La profesora Celis indic\u00f3 que el estudio se efectu\u00f3 por un equipo interdisciplinario y aborda aspectos cuantitativos y cualitativos. Su objeto fue analizar los estilos y din\u00e1micas relacionales que originan y dan forma a los abusos sexuales cometidos por cl\u00e9rigos y no cl\u00e9rigos en Chile. La duraci\u00f3n del estudio fue de 2019 a 2022 y se actualizaron cifras a 2023. Tambi\u00e9n destac\u00f3 que se diferencia de otros estudios en dos aspectos fundamentales. Uno, es que se concentra en c\u00f3mo el agresor traspasa las defensas de la v\u00edctima sobreviviente, de manera que pueda reconocer las estrategias ante venir las cuales es necesario prevenir con eficacia; y, en segundo lugar, logra identificar lo espec\u00edfico del abuso sexual en contexto eclesial, que es el abuso espiritual.<\/p>\n<p>El estudio se dividi\u00f3 en dos partes. Una se refiere a la voz de los sobrevivientes que se rescat\u00f3 a trav\u00e9s de las entrevistas semi estructuradas a 22 sobrevivientes que sufrieron estos abusos y a 12 profesionales que han trabajado como acompa\u00f1antes o terapeutas de sobrevivientes de abuso sexual eclesial. Una segunda parte se refiere a la magnitud del abuso, de manera que se abordan las cifras. Se elaboraron cuestionarios que fueron respondidos a partir de sentencias estatales y del contenido de los expedientes can\u00f3nicos provenientes de todas las di\u00f3cesis del pa\u00eds y de 17 comunidades religiosas. La informaci\u00f3n es anonimizada y se distingue entre el perfil de las v\u00edctimas sobrevivientes, el perfil del agresor y ciertos aspectos procesales, delitos y sanciones. La muestra consiste en la informaci\u00f3n jur\u00eddica de 568 v\u00edctimas y 225 agresores en el lapso de tiempo entre 1960 y 2023.<\/p>\n<p>A continuaci\u00f3n, Josefina Mart\u00ednez expuso un extracto de lo que fue la entrevista cualitativa a sobrevivientes que generosamente entregaron su testimonio. Se\u00f1al\u00f3 que el elemento que resalta como distintivo del abuso sexual eclesial es el abuso espiritual, que permea respecto a todas las dem\u00e1s estrategias de victimizaci\u00f3n. En el caso de estrategias de seducci\u00f3n, hace un mal uso del atractivo que tiene seguir a Cristo. En las estrategias de normalizaci\u00f3n un agresor puede utilizar el abuso como un ejemplo del amor divino. En las estrategias de culpabilizaci\u00f3n un agresor puede mandar a su v\u00edctima a confesarse despu\u00e9s de cometer un abuso. Otro aspecto que destacar es c\u00f3mo el abuso sexual en contexto eclesial dista mucho de ser un fen\u00f3meno \u00fanico, en que el agresor puede establecer patrones de relaciones muy distintos, con configuraciones de relaciones diversas. El estudio identific\u00f3 cuatro configuraciones: tocaciones naturalizadas, abuso intrafamiliar, supuesta relaci\u00f3n de pareja y erotizaci\u00f3n del acompa\u00f1amiento espiritual.<\/p>\n<p>Posteriormente fue el turno de Constanza Garrido, quien comparti\u00f3 sobre la parte cuantitativa del estudio que tiene por finalidad caracterizar y dar cuenta de la magnitud del abuso sexual eclesial en Chile. Se utilizaron como insumos las sentencias judiciales estatales y expedientes can\u00f3nicos. Entreg\u00f3 un panorama general, destacando algunas cifras y hallazgos. En el \u00e1mbito de las sentencias estatales, se\u00f1al\u00f3 que hay 39 sentencias condenatorias en \u00e1mbito eclesial, de las cuales 30 corresponden a cl\u00e9rigos. De estas, el 66,6% corresponde a cl\u00e9rigos diocesanos y un 33,3% corresponden a cl\u00e9rigos religiosos pertenecientes a comunidades religiosas. Entre las 30 sentencias condenatorias de cl\u00e9rigos, se contemplan todos los tipos penales de \u00edndole sexual que tipifica el C\u00f3digo Penal chileno. Las penas impuestas van desde los 61 d\u00edas a los 15 a\u00f1os y un d\u00eda. La muestra fue de 568 v\u00edctimas sobrevivientes y 225 agresores.<\/p>\n<p>Finalmente, se abri\u00f3 un espacio de preguntas con interesantes intercambios.<\/p>\n<p>El conversatorio cont\u00f3 con participantes de Argentina, Brasil, Chile, Colombia, Costa Rica, Cuba, Guatemala, Italia, M\u00e9xico, Paraguay, Puerto Rico, Rep\u00fablica Dominicana, Uruguay y Venezuela.<\/p>\n<p>\u00a0<\/p>\n<p>El conversatorio est\u00e1 disponible\u00a0<a href=\"https:\/\/www.youtube.com\/live\/fMe74HYPGAw\" target=\"_blank\">AQUI<\/a><\/p>\n<p>\u00a0<\/p>\n<p>\u00a0<\/p>\n<p><img decoding=\"async\" alt=\"Foto conversatorio\" src=\"https:\/\/derechoyreligion-uc.urantiacos.cl\/wp-content\/uploads\/imagenes\/Foto_conversatorio.png\"\/><\/p>\n<p><span>Ana Mar\u00eda Celis, Josefina Mart\u00ednez, P. Pedro Brassesco, Constanza Garrido<\/span><\/p>\n<p>\u00a0<\/p>\n<\/article>\n","protected":false},"excerpt":{"rendered":"<p>El 26 de junio pasado se realiz\u00f3 un conversatorio sobre el libro &#8220;El abuso sexual en contexto eclesial. An\u00e1lisis del caso chileno. Aprendizajes y Desaf\u00edos&#8221;, organizado por la Red Latinoamericana y Caribe\u00f1a para la Cultura del Cuidado, adscrita al Consejo Episcopal Latinoamericano y Caribe\u00f1o (CELAM).<\/p>\n","protected":false},"author":1,"featured_media":1468,"comment_status":"","ping_status":"","sticky":false,"template":"","format":"standard","meta":{"_acf_changed":false,"footnotes":""},"categories":[1],"tags":[],"class_list":["post-1317","post","type-post","status-publish","format-standard","has-post-thumbnail","hentry","category-noticias"],"acf":[],"yoast_head":"<!-- This site is optimized with the Yoast SEO plugin v27.1.1 - https:\/\/yoast.com\/product\/yoast-seo-wordpress\/ -->\n<title>Conversatorio en Celam: &quot;El abuso sexual en contexto eclesial. An\u00e1lisis del caso chileno&quot; - Centro UC Derecho y Religi\u00f3n<\/title>\n<meta name=\"robots\" content=\"index, follow, max-snippet:-1, max-image-preview:large, max-video-preview:-1\" \/>\n<link rel=\"canonical\" href=\"https:\/\/derechoyreligion-uc.urantiacos.cl\/en\/conversatorio-en-celam-el-abuso-sexual-en-contexto-eclesial-analisis-del-caso-chileno\/\" \/>\n<meta property=\"og:locale\" content=\"en_US\" \/>\n<meta property=\"og:type\" content=\"article\" \/>\n<meta property=\"og:title\" content=\"Conversatorio en Celam: &quot;El abuso sexual en contexto eclesial. An\u00e1lisis del caso chileno&quot; - Centro UC Derecho y Religi\u00f3n\" \/>\n<meta property=\"og:description\" content=\"El 26 de junio pasado se realiz\u00f3 un conversatorio sobre el libro &quot;El abuso sexual en contexto eclesial. An\u00e1lisis del caso chileno. Aprendizajes y Desaf\u00edos&quot;, organizado por la Red Latinoamericana y Caribe\u00f1a para la Cultura del Cuidado, adscrita al Consejo Episcopal Latinoamericano y Caribe\u00f1o (CELAM).\" \/>\n<meta property=\"og:url\" content=\"https:\/\/derechoyreligion-uc.urantiacos.cl\/en\/conversatorio-en-celam-el-abuso-sexual-en-contexto-eclesial-analisis-del-caso-chileno\/\" \/>\n<meta property=\"og:site_name\" content=\"Centro UC Derecho y Religi\u00f3n\" \/>\n<meta property=\"article:published_time\" content=\"2024-06-26T04:00:00+00:00\" \/>\n<meta property=\"og:image\" content=\"https:\/\/derechoyreligion-uc.urantiacos.cl\/wp-content\/uploads\/2024\/06\/Conversatorio_abuso_sexual.png\" \/>\n\t<meta property=\"og:image:width\" content=\"1726\" \/>\n\t<meta property=\"og:image:height\" content=\"1002\" \/>\n\t<meta property=\"og:image:type\" content=\"image\/png\" \/>\n<meta name=\"author\" content=\"manadmin\" \/>\n<meta name=\"twitter:card\" content=\"summary_large_image\" \/>\n<meta name=\"twitter:label1\" content=\"Written by\" \/>\n\t<meta name=\"twitter:data1\" content=\"manadmin\" \/>\n\t<meta name=\"twitter:label2\" content=\"Est. reading time\" \/>\n\t<meta name=\"twitter:data2\" content=\"5 minutes\" \/>\n<script type=\"application\/ld+json\" class=\"yoast-schema-graph\">{\"@context\":\"https:\/\/schema.org\",\"@graph\":[{\"@type\":\"Article\",\"@id\":\"https:\/\/derechoyreligion-uc.urantiacos.cl\/en\/conversatorio-en-celam-el-abuso-sexual-en-contexto-eclesial-analisis-del-caso-chileno\/#article\",\"isPartOf\":{\"@id\":\"https:\/\/derechoyreligion-uc.urantiacos.cl\/en\/conversatorio-en-celam-el-abuso-sexual-en-contexto-eclesial-analisis-del-caso-chileno\/\"},\"author\":{\"name\":\"manadmin\",\"@id\":\"https:\/\/derechoyreligion-uc.urantiacos.cl\/en\/#\/schema\/person\/6cc7f593e2f49e3b770a06f63b58e3b1\"},\"headline\":\"Conversatorio en Celam: &#8220;El abuso sexual en contexto eclesial. An\u00e1lisis del caso chileno&#8221;\",\"datePublished\":\"2024-06-26T04:00:00+00:00\",\"mainEntityOfPage\":{\"@id\":\"https:\/\/derechoyreligion-uc.urantiacos.cl\/en\/conversatorio-en-celam-el-abuso-sexual-en-contexto-eclesial-analisis-del-caso-chileno\/\"},\"wordCount\":915,\"image\":{\"@id\":\"https:\/\/derechoyreligion-uc.urantiacos.cl\/en\/conversatorio-en-celam-el-abuso-sexual-en-contexto-eclesial-analisis-del-caso-chileno\/#primaryimage\"},\"thumbnailUrl\":\"https:\/\/derechoyreligion-uc.urantiacos.cl\/wp-content\/uploads\/2024\/06\/Conversatorio_abuso_sexual.png\",\"articleSection\":[\"Noticias\"],\"inLanguage\":\"en-US\"},{\"@type\":\"WebPage\",\"@id\":\"https:\/\/derechoyreligion-uc.urantiacos.cl\/en\/conversatorio-en-celam-el-abuso-sexual-en-contexto-eclesial-analisis-del-caso-chileno\/\",\"url\":\"https:\/\/derechoyreligion-uc.urantiacos.cl\/en\/conversatorio-en-celam-el-abuso-sexual-en-contexto-eclesial-analisis-del-caso-chileno\/\",\"name\":\"Conversatorio en Celam: \\\"El abuso sexual en contexto eclesial. An\u00e1lisis del caso chileno\\\" - Centro UC Derecho y Religi\u00f3n\",\"isPartOf\":{\"@id\":\"https:\/\/derechoyreligion-uc.urantiacos.cl\/en\/#website\"},\"primaryImageOfPage\":{\"@id\":\"https:\/\/derechoyreligion-uc.urantiacos.cl\/en\/conversatorio-en-celam-el-abuso-sexual-en-contexto-eclesial-analisis-del-caso-chileno\/#primaryimage\"},\"image\":{\"@id\":\"https:\/\/derechoyreligion-uc.urantiacos.cl\/en\/conversatorio-en-celam-el-abuso-sexual-en-contexto-eclesial-analisis-del-caso-chileno\/#primaryimage\"},\"thumbnailUrl\":\"https:\/\/derechoyreligion-uc.urantiacos.cl\/wp-content\/uploads\/2024\/06\/Conversatorio_abuso_sexual.png\",\"datePublished\":\"2024-06-26T04:00:00+00:00\",\"author\":{\"@id\":\"https:\/\/derechoyreligion-uc.urantiacos.cl\/en\/#\/schema\/person\/6cc7f593e2f49e3b770a06f63b58e3b1\"},\"breadcrumb\":{\"@id\":\"https:\/\/derechoyreligion-uc.urantiacos.cl\/en\/conversatorio-en-celam-el-abuso-sexual-en-contexto-eclesial-analisis-del-caso-chileno\/#breadcrumb\"},\"inLanguage\":\"en-US\",\"potentialAction\":[{\"@type\":\"ReadAction\",\"target\":[\"https:\/\/derechoyreligion-uc.urantiacos.cl\/en\/conversatorio-en-celam-el-abuso-sexual-en-contexto-eclesial-analisis-del-caso-chileno\/\"]}]},{\"@type\":\"ImageObject\",\"inLanguage\":\"en-US\",\"@id\":\"https:\/\/derechoyreligion-uc.urantiacos.cl\/en\/conversatorio-en-celam-el-abuso-sexual-en-contexto-eclesial-analisis-del-caso-chileno\/#primaryimage\",\"url\":\"https:\/\/derechoyreligion-uc.urantiacos.cl\/wp-content\/uploads\/2024\/06\/Conversatorio_abuso_sexual.png\",\"contentUrl\":\"https:\/\/derechoyreligion-uc.urantiacos.cl\/wp-content\/uploads\/2024\/06\/Conversatorio_abuso_sexual.png\",\"width\":1726,\"height\":1002},{\"@type\":\"BreadcrumbList\",\"@id\":\"https:\/\/derechoyreligion-uc.urantiacos.cl\/en\/conversatorio-en-celam-el-abuso-sexual-en-contexto-eclesial-analisis-del-caso-chileno\/#breadcrumb\",\"itemListElement\":[{\"@type\":\"ListItem\",\"position\":1,\"name\":\"Portada\",\"item\":\"https:\/\/derechoyreligion-uc.urantiacos.cl\/en\/\"},{\"@type\":\"ListItem\",\"position\":2,\"name\":\"Conversatorio en Celam: &#8220;El abuso sexual en contexto eclesial. An\u00e1lisis del caso chileno&#8221;\"}]},{\"@type\":\"WebSite\",\"@id\":\"https:\/\/derechoyreligion-uc.urantiacos.cl\/en\/#website\",\"url\":\"https:\/\/derechoyreligion-uc.urantiacos.cl\/en\/\",\"name\":\"Centro UC Derecho y Religi\u00f3n\",\"description\":\"\",\"potentialAction\":[{\"@type\":\"SearchAction\",\"target\":{\"@type\":\"EntryPoint\",\"urlTemplate\":\"https:\/\/derechoyreligion-uc.urantiacos.cl\/en\/?s={search_term_string}\"},\"query-input\":{\"@type\":\"PropertyValueSpecification\",\"valueRequired\":true,\"valueName\":\"search_term_string\"}}],\"inLanguage\":\"en-US\"},{\"@type\":\"Person\",\"@id\":\"https:\/\/derechoyreligion-uc.urantiacos.cl\/en\/#\/schema\/person\/6cc7f593e2f49e3b770a06f63b58e3b1\",\"name\":\"manadmin\",\"sameAs\":[\"https:\/\/derechoyreligion-uc.urantiacos.cl\"]}]}<\/script>\n<!-- \/ Yoast SEO plugin. -->","yoast_head_json":{"title":"Conversatorio en Celam: \"El abuso sexual en contexto eclesial. An\u00e1lisis del caso chileno\" - Centro UC Derecho y Religi\u00f3n","robots":{"index":"index","follow":"follow","max-snippet":"max-snippet:-1","max-image-preview":"max-image-preview:large","max-video-preview":"max-video-preview:-1"},"canonical":"https:\/\/derechoyreligion-uc.urantiacos.cl\/en\/conversatorio-en-celam-el-abuso-sexual-en-contexto-eclesial-analisis-del-caso-chileno\/","og_locale":"en_US","og_type":"article","og_title":"Conversatorio en Celam: \"El abuso sexual en contexto eclesial. An\u00e1lisis del caso chileno\" - Centro UC Derecho y Religi\u00f3n","og_description":"El 26 de junio pasado se realiz\u00f3 un conversatorio sobre el libro \"El abuso sexual en contexto eclesial. An\u00e1lisis del caso chileno. Aprendizajes y Desaf\u00edos\", organizado por la Red Latinoamericana y Caribe\u00f1a para la Cultura del Cuidado, adscrita al Consejo Episcopal Latinoamericano y Caribe\u00f1o (CELAM).","og_url":"https:\/\/derechoyreligion-uc.urantiacos.cl\/en\/conversatorio-en-celam-el-abuso-sexual-en-contexto-eclesial-analisis-del-caso-chileno\/","og_site_name":"Centro UC Derecho y Religi\u00f3n","article_published_time":"2024-06-26T04:00:00+00:00","og_image":[{"width":1726,"height":1002,"url":"https:\/\/derechoyreligion-uc.urantiacos.cl\/wp-content\/uploads\/2024\/06\/Conversatorio_abuso_sexual.png","type":"image\/png"}],"author":"manadmin","twitter_card":"summary_large_image","twitter_misc":{"Written by":"manadmin","Est. reading time":"5 minutes"},"schema":{"@context":"https:\/\/schema.org","@graph":[{"@type":"Article","@id":"https:\/\/derechoyreligion-uc.urantiacos.cl\/en\/conversatorio-en-celam-el-abuso-sexual-en-contexto-eclesial-analisis-del-caso-chileno\/#article","isPartOf":{"@id":"https:\/\/derechoyreligion-uc.urantiacos.cl\/en\/conversatorio-en-celam-el-abuso-sexual-en-contexto-eclesial-analisis-del-caso-chileno\/"},"author":{"name":"manadmin","@id":"https:\/\/derechoyreligion-uc.urantiacos.cl\/en\/#\/schema\/person\/6cc7f593e2f49e3b770a06f63b58e3b1"},"headline":"Conversatorio en Celam: &#8220;El abuso sexual en contexto eclesial. An\u00e1lisis del caso chileno&#8221;","datePublished":"2024-06-26T04:00:00+00:00","mainEntityOfPage":{"@id":"https:\/\/derechoyreligion-uc.urantiacos.cl\/en\/conversatorio-en-celam-el-abuso-sexual-en-contexto-eclesial-analisis-del-caso-chileno\/"},"wordCount":915,"image":{"@id":"https:\/\/derechoyreligion-uc.urantiacos.cl\/en\/conversatorio-en-celam-el-abuso-sexual-en-contexto-eclesial-analisis-del-caso-chileno\/#primaryimage"},"thumbnailUrl":"https:\/\/derechoyreligion-uc.urantiacos.cl\/wp-content\/uploads\/2024\/06\/Conversatorio_abuso_sexual.png","articleSection":["Noticias"],"inLanguage":"en-US"},{"@type":"WebPage","@id":"https:\/\/derechoyreligion-uc.urantiacos.cl\/en\/conversatorio-en-celam-el-abuso-sexual-en-contexto-eclesial-analisis-del-caso-chileno\/","url":"https:\/\/derechoyreligion-uc.urantiacos.cl\/en\/conversatorio-en-celam-el-abuso-sexual-en-contexto-eclesial-analisis-del-caso-chileno\/","name":"Conversatorio en Celam: \"El abuso sexual en contexto eclesial. An\u00e1lisis del caso chileno\" - Centro UC Derecho y Religi\u00f3n","isPartOf":{"@id":"https:\/\/derechoyreligion-uc.urantiacos.cl\/en\/#website"},"primaryImageOfPage":{"@id":"https:\/\/derechoyreligion-uc.urantiacos.cl\/en\/conversatorio-en-celam-el-abuso-sexual-en-contexto-eclesial-analisis-del-caso-chileno\/#primaryimage"},"image":{"@id":"https:\/\/derechoyreligion-uc.urantiacos.cl\/en\/conversatorio-en-celam-el-abuso-sexual-en-contexto-eclesial-analisis-del-caso-chileno\/#primaryimage"},"thumbnailUrl":"https:\/\/derechoyreligion-uc.urantiacos.cl\/wp-content\/uploads\/2024\/06\/Conversatorio_abuso_sexual.png","datePublished":"2024-06-26T04:00:00+00:00","author":{"@id":"https:\/\/derechoyreligion-uc.urantiacos.cl\/en\/#\/schema\/person\/6cc7f593e2f49e3b770a06f63b58e3b1"},"breadcrumb":{"@id":"https:\/\/derechoyreligion-uc.urantiacos.cl\/en\/conversatorio-en-celam-el-abuso-sexual-en-contexto-eclesial-analisis-del-caso-chileno\/#breadcrumb"},"inLanguage":"en-US","potentialAction":[{"@type":"ReadAction","target":["https:\/\/derechoyreligion-uc.urantiacos.cl\/en\/conversatorio-en-celam-el-abuso-sexual-en-contexto-eclesial-analisis-del-caso-chileno\/"]}]},{"@type":"ImageObject","inLanguage":"en-US","@id":"https:\/\/derechoyreligion-uc.urantiacos.cl\/en\/conversatorio-en-celam-el-abuso-sexual-en-contexto-eclesial-analisis-del-caso-chileno\/#primaryimage","url":"https:\/\/derechoyreligion-uc.urantiacos.cl\/wp-content\/uploads\/2024\/06\/Conversatorio_abuso_sexual.png","contentUrl":"https:\/\/derechoyreligion-uc.urantiacos.cl\/wp-content\/uploads\/2024\/06\/Conversatorio_abuso_sexual.png","width":1726,"height":1002},{"@type":"BreadcrumbList","@id":"https:\/\/derechoyreligion-uc.urantiacos.cl\/en\/conversatorio-en-celam-el-abuso-sexual-en-contexto-eclesial-analisis-del-caso-chileno\/#breadcrumb","itemListElement":[{"@type":"ListItem","position":1,"name":"Portada","item":"https:\/\/derechoyreligion-uc.urantiacos.cl\/en\/"},{"@type":"ListItem","position":2,"name":"Conversatorio en Celam: &#8220;El abuso sexual en contexto eclesial. An\u00e1lisis del caso chileno&#8221;"}]},{"@type":"WebSite","@id":"https:\/\/derechoyreligion-uc.urantiacos.cl\/en\/#website","url":"https:\/\/derechoyreligion-uc.urantiacos.cl\/en\/","name":"Centro UC Derecho y Religi\u00f3n","description":"","potentialAction":[{"@type":"SearchAction","target":{"@type":"EntryPoint","urlTemplate":"https:\/\/derechoyreligion-uc.urantiacos.cl\/en\/?s={search_term_string}"},"query-input":{"@type":"PropertyValueSpecification","valueRequired":true,"valueName":"search_term_string"}}],"inLanguage":"en-US"},{"@type":"Person","@id":"https:\/\/derechoyreligion-uc.urantiacos.cl\/en\/#\/schema\/person\/6cc7f593e2f49e3b770a06f63b58e3b1","name":"manadmin","sameAs":["https:\/\/derechoyreligion-uc.urantiacos.cl"]}]}},"_links":{"self":[{"href":"https:\/\/derechoyreligion-uc.urantiacos.cl\/en\/wp-json\/wp\/v2\/posts\/1317","targetHints":{"allow":["GET"]}}],"collection":[{"href":"https:\/\/derechoyreligion-uc.urantiacos.cl\/en\/wp-json\/wp\/v2\/posts"}],"about":[{"href":"https:\/\/derechoyreligion-uc.urantiacos.cl\/en\/wp-json\/wp\/v2\/types\/post"}],"author":[{"embeddable":true,"href":"https:\/\/derechoyreligion-uc.urantiacos.cl\/en\/wp-json\/wp\/v2\/users\/1"}],"replies":[{"embeddable":true,"href":"https:\/\/derechoyreligion-uc.urantiacos.cl\/en\/wp-json\/wp\/v2\/comments?post=1317"}],"version-history":[{"count":0,"href":"https:\/\/derechoyreligion-uc.urantiacos.cl\/en\/wp-json\/wp\/v2\/posts\/1317\/revisions"}],"wp:featuredmedia":[{"embeddable":true,"href":"https:\/\/derechoyreligion-uc.urantiacos.cl\/en\/wp-json\/wp\/v2\/media\/1468"}],"wp:attachment":[{"href":"https:\/\/derechoyreligion-uc.urantiacos.cl\/en\/wp-json\/wp\/v2\/media?parent=1317"}],"wp:term":[{"taxonomy":"category","embeddable":true,"href":"https:\/\/derechoyreligion-uc.urantiacos.cl\/en\/wp-json\/wp\/v2\/categories?post=1317"},{"taxonomy":"post_tag","embeddable":true,"href":"https:\/\/derechoyreligion-uc.urantiacos.cl\/en\/wp-json\/wp\/v2\/tags?post=1317"}],"curies":[{"name":"wp","href":"https:\/\/api.w.org\/{rel}","templated":true}]}}