
{"id":1316,"date":"2024-09-10T00:00:00","date_gmt":"2024-09-10T03:00:00","guid":{"rendered":"https:\/\/derechoyreligion-uc.urantiacos.cl\/charla-la-objecion-de-conciencia-sanitaria-en-espana\/"},"modified":"2024-09-10T00:00:00","modified_gmt":"2024-09-10T03:00:00","slug":"charla-la-objecion-de-conciencia-sanitaria-en-espana","status":"publish","type":"post","link":"https:\/\/derechoyreligion-uc.urantiacos.cl\/en\/charla-la-objecion-de-conciencia-sanitaria-en-espana\/","title":{"rendered":"Charla &#8220;La objeci\u00f3n de conciencia sanitaria en Espa\u00f1a&#8221;"},"content":{"rendered":"<article>\n<span><br \/>\n<\/span><\/p>\n<p><img decoding=\"async\" alt=\"Foto 6\" src=\"https:\/\/derechoyreligion-uc.urantiacos.cl\/wp-content\/uploads\/imagenes\/Foto_6.jpeg\"\/><\/p>\n<p>\u00a0<\/p>\n<p>El 4 de septiembre pasado el Centro UC de Derecho y Religi\u00f3n recibi\u00f3 la visita del catedr\u00e1tico de la Universidad de Zaragoza,<strong> Dr. Javier Ferrer Ortiz<\/strong> quien expuso sobre &#8220;La objeci\u00f3n de conciencia sanitaria en Espa\u00f1a&#8221;.<\/p>\n<p>El profesor Ferrer, ante la presencia de acad\u00e9micos, alumnos y otros invitados, comenz\u00f3 su exposici\u00f3n planteando las que son para \u00e9l las premisas m\u00e1s relevantes del tema. Se\u00f1al\u00f3 que la objeci\u00f3n de conciencia es parte de la libertad de cada persona y un derecho humano fundamental y que el personal sanitario no puede verse forzado a actuar contra su conciencia.<\/p>\n<p>Teniendo en consideraci\u00f3n que en la modernidad se han ampliado y complejizado los comportamientos y motivaciones vinculadas al ejercicio de este derecho fundamental y la existencia de fen\u00f3menos que suelen confundirse con la objeci\u00f3n de conciencia, la exposici\u00f3n se centr\u00f3 en los temas que dicen relaci\u00f3n con el derecho a la vida: el aborto y la eutanasia.<\/p>\n<p>En materia de aborto el profesor Ferrer llam\u00f3 la atenci\u00f3n sobre el retroceso que ha sufrido la consagraci\u00f3n de la objeci\u00f3n de conciencia, al ponerse \u00e9nfasis en la garant\u00eda del servicio por sobre este derecho. En cuanto a la eutanasia, se\u00f1al\u00f3 la deficiencia de la legislaci\u00f3n en esta materia, pues no considera la complejidad de la realidad al reducir la objeci\u00f3n de conciencia \u00fanicamente a la persona que interviene directamente en el procedimiento.<\/p>\n<p>El profesor Ferrer tambi\u00e9n hizo referencia a la objeci\u00f3n de conciencia farmac\u00e9utica que ha sido reconocida por el Tribunal Constitucional espa\u00f1ol y la objeci\u00f3n de conciencia de los pol\u00edticos, citando los ejemplos hist\u00f3ricos de casos en que gobernantes se han negado a avanzar o promulgar cierta legislaci\u00f3n que era atentatoria contra sus conciencias. En seguida, se refiri\u00f3 al retroceso en materia de objeci\u00f3n de conciencia institucional que ha sufrido Espa\u00f1a. Sobre ello argument\u00f3 que las personas jur\u00eddicas deben tener este derecho fundado en que el ideario que ellas profesan constituye la conciencia de la instituci\u00f3n y que resulta un contrasentido que, mientras en algunas \u00e1reas del Derecho se avanza en la atribuci\u00f3n de responsabilidad de la persona jur\u00eddica diferenciada de la persona natural que la constituye y se le reconocen otros derechos, no se haga extensiva la objeci\u00f3n de conciencia para ella.<\/p>\n<p>A continuaci\u00f3n, se abri\u00f3 un espacio para preguntas e intercambio.<\/p>\n<p>Javier Ferrer Ortiz es catedr\u00e1tico de Derecho eclesi\u00e1stico de la Universidad de Zaragoza desde 1993, de cuya Facultad de Derecho ha sido Decano. Acad\u00e9mico correspondiente de la Real Academia de Jurisprudencia y Legislaci\u00f3n desde 1997. Licenciado en Derecho por la Universidad de Deusto (1979). Licenciado en Derecho Can\u00f3nico por la Universidad de Navarra (1982). Doctor en Derecho Can\u00f3nico por la Universidad de Navarra (1983). Doctor en Derecho por la Universidad de Navarra (1985). Es miembro de la International Academy for the Study of the Jurisprudence of the Family. Miembro fundador del Consorcio Latinoamericano de Libertad Religiosa y de la Academia Iberoamericana de Derecho de Familia y de las Personas, de la que es vicepresidente. Colaborador de Ius Canonicum, del Anuario de Derecho Eclesi\u00e1stico del Estado, de Ius Ecclesiae y de la Revista General de Derecho Can\u00f3nico y Derecho Eclesi\u00e1stico del Estado. Evaluador internacional CINECA (Italia) y AVEPRO (Santa Sede). Profesor de Derecho Can\u00f3nico y Derecho Eclesi\u00e1stico del Estado de la Universidad de Zaragoza desde 1985.<\/p>\n<p>\u00a0<\/p>\n<p>Galer\u00eda de fotos<\/p>\n<p>\u00a0<img decoding=\"async\" alt=\"Foto 1\" src=\"https:\/\/derechoyreligion-uc.urantiacos.cl\/wp-content\/uploads\/imagenes\/Foto_1.jpeg\"\/><\/p>\n<p>\u00a0<img decoding=\"async\" alt=\"Foto 2\" src=\"https:\/\/derechoyreligion-uc.urantiacos.cl\/wp-content\/uploads\/imagenes\/Foto_2.jpeg\"\/><\/p>\n<p><img decoding=\"async\" alt=\"Foto 3\" src=\"https:\/\/derechoyreligion-uc.urantiacos.cl\/wp-content\/uploads\/imagenes\/Foto_3.jpeg\"\/><\/p>\n<p><img decoding=\"async\" alt=\"Foto 4\" src=\"https:\/\/derechoyreligion-uc.urantiacos.cl\/wp-content\/uploads\/imagenes\/Foto_4.jpeg\"\/><\/p>\n<p><img decoding=\"async\" alt=\"Foto 5\" src=\"https:\/\/derechoyreligion-uc.urantiacos.cl\/wp-content\/uploads\/imagenes\/Foto_5.jpeg\"\/><\/p>\n<p><img decoding=\"async\" alt=\"Foto 7\" src=\"https:\/\/derechoyreligion-uc.urantiacos.cl\/wp-content\/uploads\/imagenes\/Foto_7.jpeg\"\/><\/p>\n<p>\u00a0<\/p>\n<p>\u00a0<\/p>\n<\/article>\n","protected":false},"excerpt":{"rendered":"<p>El 4 de septiembre pasado el Centro UC de Derecho y Religi\u00f3n recibi\u00f3 la visita del catedr\u00e1tico de la Universidad de Zaragoza,Dr. Javier Ferrer Ortizquien expuso sobre &#8220;La objeci\u00f3n de conciencia sanitaria en Espa\u00f1a&#8221;.<\/p>\n","protected":false},"author":1,"featured_media":1464,"comment_status":"","ping_status":"","sticky":false,"template":"","format":"standard","meta":{"_acf_changed":false,"footnotes":""},"categories":[1],"tags":[],"class_list":["post-1316","post","type-post","status-publish","format-standard","has-post-thumbnail","hentry","category-noticias"],"acf":[],"yoast_head":"<!-- This site is optimized with the Yoast SEO plugin v27.1.1 - https:\/\/yoast.com\/product\/yoast-seo-wordpress\/ -->\n<title>Charla &quot;La objeci\u00f3n de conciencia sanitaria en Espa\u00f1a&quot; - Centro UC Derecho y Religi\u00f3n<\/title>\n<meta name=\"robots\" content=\"index, follow, max-snippet:-1, max-image-preview:large, max-video-preview:-1\" \/>\n<link rel=\"canonical\" href=\"https:\/\/derechoyreligion-uc.urantiacos.cl\/en\/charla-la-objecion-de-conciencia-sanitaria-en-espana\/\" \/>\n<meta property=\"og:locale\" content=\"en_US\" \/>\n<meta property=\"og:type\" content=\"article\" \/>\n<meta property=\"og:title\" content=\"Charla &quot;La objeci\u00f3n de conciencia sanitaria en Espa\u00f1a&quot; - Centro UC Derecho y Religi\u00f3n\" \/>\n<meta property=\"og:description\" content=\"El 4 de septiembre pasado el Centro UC de Derecho y Religi\u00f3n recibi\u00f3 la visita del catedr\u00e1tico de la Universidad de Zaragoza,Dr. Javier Ferrer Ortizquien expuso sobre &quot;La objeci\u00f3n de conciencia sanitaria en Espa\u00f1a&quot;.\" \/>\n<meta property=\"og:url\" content=\"https:\/\/derechoyreligion-uc.urantiacos.cl\/en\/charla-la-objecion-de-conciencia-sanitaria-en-espana\/\" \/>\n<meta property=\"og:site_name\" content=\"Centro UC Derecho y Religi\u00f3n\" \/>\n<meta property=\"article:published_time\" content=\"2024-09-10T03:00:00+00:00\" \/>\n<meta property=\"og:image\" content=\"https:\/\/derechoyreligion-uc.urantiacos.cl\/wp-content\/uploads\/2024\/09\/Foto_6.jpeg\" \/>\n\t<meta property=\"og:image:width\" content=\"1280\" \/>\n\t<meta property=\"og:image:height\" content=\"960\" \/>\n\t<meta property=\"og:image:type\" content=\"image\/jpeg\" \/>\n<meta name=\"author\" content=\"manadmin\" \/>\n<meta name=\"twitter:card\" content=\"summary_large_image\" \/>\n<meta name=\"twitter:label1\" content=\"Written by\" \/>\n\t<meta name=\"twitter:data1\" content=\"manadmin\" \/>\n\t<meta name=\"twitter:label2\" content=\"Est. reading time\" \/>\n\t<meta name=\"twitter:data2\" content=\"3 minutes\" \/>\n<script type=\"application\/ld+json\" class=\"yoast-schema-graph\">{\"@context\":\"https:\/\/schema.org\",\"@graph\":[{\"@type\":\"Article\",\"@id\":\"https:\/\/derechoyreligion-uc.urantiacos.cl\/en\/charla-la-objecion-de-conciencia-sanitaria-en-espana\/#article\",\"isPartOf\":{\"@id\":\"https:\/\/derechoyreligion-uc.urantiacos.cl\/en\/charla-la-objecion-de-conciencia-sanitaria-en-espana\/\"},\"author\":{\"name\":\"manadmin\",\"@id\":\"https:\/\/derechoyreligion-uc.urantiacos.cl\/en\/#\/schema\/person\/6cc7f593e2f49e3b770a06f63b58e3b1\"},\"headline\":\"Charla &#8220;La objeci\u00f3n de conciencia sanitaria en Espa\u00f1a&#8221;\",\"datePublished\":\"2024-09-10T03:00:00+00:00\",\"mainEntityOfPage\":{\"@id\":\"https:\/\/derechoyreligion-uc.urantiacos.cl\/en\/charla-la-objecion-de-conciencia-sanitaria-en-espana\/\"},\"wordCount\":597,\"image\":{\"@id\":\"https:\/\/derechoyreligion-uc.urantiacos.cl\/en\/charla-la-objecion-de-conciencia-sanitaria-en-espana\/#primaryimage\"},\"thumbnailUrl\":\"https:\/\/derechoyreligion-uc.urantiacos.cl\/wp-content\/uploads\/2024\/09\/Foto_6.jpeg\",\"articleSection\":[\"Noticias\"],\"inLanguage\":\"en-US\"},{\"@type\":\"WebPage\",\"@id\":\"https:\/\/derechoyreligion-uc.urantiacos.cl\/en\/charla-la-objecion-de-conciencia-sanitaria-en-espana\/\",\"url\":\"https:\/\/derechoyreligion-uc.urantiacos.cl\/en\/charla-la-objecion-de-conciencia-sanitaria-en-espana\/\",\"name\":\"Charla \\\"La objeci\u00f3n de conciencia sanitaria en Espa\u00f1a\\\" - Centro UC Derecho y Religi\u00f3n\",\"isPartOf\":{\"@id\":\"https:\/\/derechoyreligion-uc.urantiacos.cl\/en\/#website\"},\"primaryImageOfPage\":{\"@id\":\"https:\/\/derechoyreligion-uc.urantiacos.cl\/en\/charla-la-objecion-de-conciencia-sanitaria-en-espana\/#primaryimage\"},\"image\":{\"@id\":\"https:\/\/derechoyreligion-uc.urantiacos.cl\/en\/charla-la-objecion-de-conciencia-sanitaria-en-espana\/#primaryimage\"},\"thumbnailUrl\":\"https:\/\/derechoyreligion-uc.urantiacos.cl\/wp-content\/uploads\/2024\/09\/Foto_6.jpeg\",\"datePublished\":\"2024-09-10T03:00:00+00:00\",\"author\":{\"@id\":\"https:\/\/derechoyreligion-uc.urantiacos.cl\/en\/#\/schema\/person\/6cc7f593e2f49e3b770a06f63b58e3b1\"},\"breadcrumb\":{\"@id\":\"https:\/\/derechoyreligion-uc.urantiacos.cl\/en\/charla-la-objecion-de-conciencia-sanitaria-en-espana\/#breadcrumb\"},\"inLanguage\":\"en-US\",\"potentialAction\":[{\"@type\":\"ReadAction\",\"target\":[\"https:\/\/derechoyreligion-uc.urantiacos.cl\/en\/charla-la-objecion-de-conciencia-sanitaria-en-espana\/\"]}]},{\"@type\":\"ImageObject\",\"inLanguage\":\"en-US\",\"@id\":\"https:\/\/derechoyreligion-uc.urantiacos.cl\/en\/charla-la-objecion-de-conciencia-sanitaria-en-espana\/#primaryimage\",\"url\":\"https:\/\/derechoyreligion-uc.urantiacos.cl\/wp-content\/uploads\/2024\/09\/Foto_6.jpeg\",\"contentUrl\":\"https:\/\/derechoyreligion-uc.urantiacos.cl\/wp-content\/uploads\/2024\/09\/Foto_6.jpeg\",\"width\":1280,\"height\":960},{\"@type\":\"BreadcrumbList\",\"@id\":\"https:\/\/derechoyreligion-uc.urantiacos.cl\/en\/charla-la-objecion-de-conciencia-sanitaria-en-espana\/#breadcrumb\",\"itemListElement\":[{\"@type\":\"ListItem\",\"position\":1,\"name\":\"Portada\",\"item\":\"https:\/\/derechoyreligion-uc.urantiacos.cl\/en\/\"},{\"@type\":\"ListItem\",\"position\":2,\"name\":\"Charla &#8220;La objeci\u00f3n de conciencia sanitaria en Espa\u00f1a&#8221;\"}]},{\"@type\":\"WebSite\",\"@id\":\"https:\/\/derechoyreligion-uc.urantiacos.cl\/en\/#website\",\"url\":\"https:\/\/derechoyreligion-uc.urantiacos.cl\/en\/\",\"name\":\"Centro UC Derecho y Religi\u00f3n\",\"description\":\"\",\"potentialAction\":[{\"@type\":\"SearchAction\",\"target\":{\"@type\":\"EntryPoint\",\"urlTemplate\":\"https:\/\/derechoyreligion-uc.urantiacos.cl\/en\/?s={search_term_string}\"},\"query-input\":{\"@type\":\"PropertyValueSpecification\",\"valueRequired\":true,\"valueName\":\"search_term_string\"}}],\"inLanguage\":\"en-US\"},{\"@type\":\"Person\",\"@id\":\"https:\/\/derechoyreligion-uc.urantiacos.cl\/en\/#\/schema\/person\/6cc7f593e2f49e3b770a06f63b58e3b1\",\"name\":\"manadmin\",\"sameAs\":[\"https:\/\/derechoyreligion-uc.urantiacos.cl\"]}]}<\/script>\n<!-- \/ Yoast SEO plugin. -->","yoast_head_json":{"title":"Charla \"La objeci\u00f3n de conciencia sanitaria en Espa\u00f1a\" - Centro UC Derecho y Religi\u00f3n","robots":{"index":"index","follow":"follow","max-snippet":"max-snippet:-1","max-image-preview":"max-image-preview:large","max-video-preview":"max-video-preview:-1"},"canonical":"https:\/\/derechoyreligion-uc.urantiacos.cl\/en\/charla-la-objecion-de-conciencia-sanitaria-en-espana\/","og_locale":"en_US","og_type":"article","og_title":"Charla \"La objeci\u00f3n de conciencia sanitaria en Espa\u00f1a\" - Centro UC Derecho y Religi\u00f3n","og_description":"El 4 de septiembre pasado el Centro UC de Derecho y Religi\u00f3n recibi\u00f3 la visita del catedr\u00e1tico de la Universidad de Zaragoza,Dr. Javier Ferrer Ortizquien expuso sobre \"La objeci\u00f3n de conciencia sanitaria en Espa\u00f1a\".","og_url":"https:\/\/derechoyreligion-uc.urantiacos.cl\/en\/charla-la-objecion-de-conciencia-sanitaria-en-espana\/","og_site_name":"Centro UC Derecho y Religi\u00f3n","article_published_time":"2024-09-10T03:00:00+00:00","og_image":[{"width":1280,"height":960,"url":"https:\/\/derechoyreligion-uc.urantiacos.cl\/wp-content\/uploads\/2024\/09\/Foto_6.jpeg","type":"image\/jpeg"}],"author":"manadmin","twitter_card":"summary_large_image","twitter_misc":{"Written by":"manadmin","Est. reading time":"3 minutes"},"schema":{"@context":"https:\/\/schema.org","@graph":[{"@type":"Article","@id":"https:\/\/derechoyreligion-uc.urantiacos.cl\/en\/charla-la-objecion-de-conciencia-sanitaria-en-espana\/#article","isPartOf":{"@id":"https:\/\/derechoyreligion-uc.urantiacos.cl\/en\/charla-la-objecion-de-conciencia-sanitaria-en-espana\/"},"author":{"name":"manadmin","@id":"https:\/\/derechoyreligion-uc.urantiacos.cl\/en\/#\/schema\/person\/6cc7f593e2f49e3b770a06f63b58e3b1"},"headline":"Charla &#8220;La objeci\u00f3n de conciencia sanitaria en Espa\u00f1a&#8221;","datePublished":"2024-09-10T03:00:00+00:00","mainEntityOfPage":{"@id":"https:\/\/derechoyreligion-uc.urantiacos.cl\/en\/charla-la-objecion-de-conciencia-sanitaria-en-espana\/"},"wordCount":597,"image":{"@id":"https:\/\/derechoyreligion-uc.urantiacos.cl\/en\/charla-la-objecion-de-conciencia-sanitaria-en-espana\/#primaryimage"},"thumbnailUrl":"https:\/\/derechoyreligion-uc.urantiacos.cl\/wp-content\/uploads\/2024\/09\/Foto_6.jpeg","articleSection":["Noticias"],"inLanguage":"en-US"},{"@type":"WebPage","@id":"https:\/\/derechoyreligion-uc.urantiacos.cl\/en\/charla-la-objecion-de-conciencia-sanitaria-en-espana\/","url":"https:\/\/derechoyreligion-uc.urantiacos.cl\/en\/charla-la-objecion-de-conciencia-sanitaria-en-espana\/","name":"Charla \"La objeci\u00f3n de conciencia sanitaria en Espa\u00f1a\" - Centro UC Derecho y Religi\u00f3n","isPartOf":{"@id":"https:\/\/derechoyreligion-uc.urantiacos.cl\/en\/#website"},"primaryImageOfPage":{"@id":"https:\/\/derechoyreligion-uc.urantiacos.cl\/en\/charla-la-objecion-de-conciencia-sanitaria-en-espana\/#primaryimage"},"image":{"@id":"https:\/\/derechoyreligion-uc.urantiacos.cl\/en\/charla-la-objecion-de-conciencia-sanitaria-en-espana\/#primaryimage"},"thumbnailUrl":"https:\/\/derechoyreligion-uc.urantiacos.cl\/wp-content\/uploads\/2024\/09\/Foto_6.jpeg","datePublished":"2024-09-10T03:00:00+00:00","author":{"@id":"https:\/\/derechoyreligion-uc.urantiacos.cl\/en\/#\/schema\/person\/6cc7f593e2f49e3b770a06f63b58e3b1"},"breadcrumb":{"@id":"https:\/\/derechoyreligion-uc.urantiacos.cl\/en\/charla-la-objecion-de-conciencia-sanitaria-en-espana\/#breadcrumb"},"inLanguage":"en-US","potentialAction":[{"@type":"ReadAction","target":["https:\/\/derechoyreligion-uc.urantiacos.cl\/en\/charla-la-objecion-de-conciencia-sanitaria-en-espana\/"]}]},{"@type":"ImageObject","inLanguage":"en-US","@id":"https:\/\/derechoyreligion-uc.urantiacos.cl\/en\/charla-la-objecion-de-conciencia-sanitaria-en-espana\/#primaryimage","url":"https:\/\/derechoyreligion-uc.urantiacos.cl\/wp-content\/uploads\/2024\/09\/Foto_6.jpeg","contentUrl":"https:\/\/derechoyreligion-uc.urantiacos.cl\/wp-content\/uploads\/2024\/09\/Foto_6.jpeg","width":1280,"height":960},{"@type":"BreadcrumbList","@id":"https:\/\/derechoyreligion-uc.urantiacos.cl\/en\/charla-la-objecion-de-conciencia-sanitaria-en-espana\/#breadcrumb","itemListElement":[{"@type":"ListItem","position":1,"name":"Portada","item":"https:\/\/derechoyreligion-uc.urantiacos.cl\/en\/"},{"@type":"ListItem","position":2,"name":"Charla &#8220;La objeci\u00f3n de conciencia sanitaria en Espa\u00f1a&#8221;"}]},{"@type":"WebSite","@id":"https:\/\/derechoyreligion-uc.urantiacos.cl\/en\/#website","url":"https:\/\/derechoyreligion-uc.urantiacos.cl\/en\/","name":"Centro UC Derecho y Religi\u00f3n","description":"","potentialAction":[{"@type":"SearchAction","target":{"@type":"EntryPoint","urlTemplate":"https:\/\/derechoyreligion-uc.urantiacos.cl\/en\/?s={search_term_string}"},"query-input":{"@type":"PropertyValueSpecification","valueRequired":true,"valueName":"search_term_string"}}],"inLanguage":"en-US"},{"@type":"Person","@id":"https:\/\/derechoyreligion-uc.urantiacos.cl\/en\/#\/schema\/person\/6cc7f593e2f49e3b770a06f63b58e3b1","name":"manadmin","sameAs":["https:\/\/derechoyreligion-uc.urantiacos.cl"]}]}},"_links":{"self":[{"href":"https:\/\/derechoyreligion-uc.urantiacos.cl\/en\/wp-json\/wp\/v2\/posts\/1316","targetHints":{"allow":["GET"]}}],"collection":[{"href":"https:\/\/derechoyreligion-uc.urantiacos.cl\/en\/wp-json\/wp\/v2\/posts"}],"about":[{"href":"https:\/\/derechoyreligion-uc.urantiacos.cl\/en\/wp-json\/wp\/v2\/types\/post"}],"author":[{"embeddable":true,"href":"https:\/\/derechoyreligion-uc.urantiacos.cl\/en\/wp-json\/wp\/v2\/users\/1"}],"replies":[{"embeddable":true,"href":"https:\/\/derechoyreligion-uc.urantiacos.cl\/en\/wp-json\/wp\/v2\/comments?post=1316"}],"version-history":[{"count":0,"href":"https:\/\/derechoyreligion-uc.urantiacos.cl\/en\/wp-json\/wp\/v2\/posts\/1316\/revisions"}],"wp:featuredmedia":[{"embeddable":true,"href":"https:\/\/derechoyreligion-uc.urantiacos.cl\/en\/wp-json\/wp\/v2\/media\/1464"}],"wp:attachment":[{"href":"https:\/\/derechoyreligion-uc.urantiacos.cl\/en\/wp-json\/wp\/v2\/media?parent=1316"}],"wp:term":[{"taxonomy":"category","embeddable":true,"href":"https:\/\/derechoyreligion-uc.urantiacos.cl\/en\/wp-json\/wp\/v2\/categories?post=1316"},{"taxonomy":"post_tag","embeddable":true,"href":"https:\/\/derechoyreligion-uc.urantiacos.cl\/en\/wp-json\/wp\/v2\/tags?post=1316"}],"curies":[{"name":"wp","href":"https:\/\/api.w.org\/{rel}","templated":true}]}}