
{"id":1315,"date":"2024-10-23T00:00:00","date_gmt":"2024-10-23T03:00:00","guid":{"rendered":"https:\/\/derechoyreligion-uc.urantiacos.cl\/miembros-del-centro-participan-en-7a-conferencia-iclars-que-se-celebro-en-la-universidad-de-notre-dame-usa-21-23-octubre-2024\/"},"modified":"2024-10-23T00:00:00","modified_gmt":"2024-10-23T03:00:00","slug":"miembros-del-centro-participan-en-7a-conferencia-iclars-que-se-celebro-en-la-universidad-de-notre-dame-usa-21-23-octubre-2024","status":"publish","type":"post","link":"https:\/\/derechoyreligion-uc.urantiacos.cl\/en\/miembros-del-centro-participan-en-7a-conferencia-iclars-que-se-celebro-en-la-universidad-de-notre-dame-usa-21-23-octubre-2024\/","title":{"rendered":"Miembros del Centro participan en 7a Conferencia ICLARS que se celebr\u00f3 en la Universidad de Notre Dame, USA. 21-23 octubre 2024"},"content":{"rendered":"<article>\n<span><br \/>\n<\/span><\/p>\n<p><img decoding=\"async\" alt=\"7a ICLARS Notre Dame.46\" src=\"https:\/\/derechoyreligion-uc.urantiacos.cl\/wp-content\/uploads\/imagenes\/7a_ICLARS_Notre_Dame.46.png\"\/><\/p>\n<p>\u00a0<\/p>\n<p>Entre el 21 y 23 de octubre de 2024 se desarroll\u00f3 la 7\u00aa Conferencia del <em>International Consortium for Law and Religion Studies<\/em> (ICLARS), cuyo tema fue: &#8220;La acomodaci\u00f3n de la religi\u00f3n o creencias en la esfera p\u00fablica: \u00bfprivilegio inmerecido o derecho fundamental?, en la Facultad de Derecho de la Universidad de Notre Dame ubicada en South Bend, Illinois, Estados Unidos.<\/p>\n<p>Por parte del Centro UC Derecho y Religi\u00f3n asistieron su directora <strong>Mar\u00eda Elena Pimstein<\/strong>, la profesora <strong>Ana Mar\u00eda Celis<\/strong> y la investigadora <strong>Paulina Eyzaguirre<\/strong>, quienes participaron en distintos paneles. Tambi\u00e9n asisti\u00f3 la profesora <strong>Maureen Neckelmann<\/strong> del Instituto de Sociolog\u00eda UC, quien participa en algunas de las investigaciones del Centro y <strong>Soledad Bertelsen<\/strong>, profesora miembro del Centro, actualmente profesora visitante en <em>The Catholic University of America, Columbus School of Law en Washington D.C<\/em>.<\/p>\n<p>La profesora Ana Mar\u00eda Celis estuvo a cargo de moderar la segunda sesi\u00f3n plenaria el d\u00eda martes 22, dedicada al tema &#8220;Acomodaci\u00f3n de la religi\u00f3n y creencias en los ambientes de trabajo: desaf\u00edos contempor\u00e1neos en los sectores p\u00fablicos y privados&#8221; que cont\u00f3 con la participaci\u00f3n de destacadas personalidades: Vincent de Gaetano, <em>Commissioner for Education, Ombudsman&#8217;s Office of Malta; former judge of the European Court of Human Rights<\/em>; Brian Grim, <em>President of the Religious Freedom &amp; Business Foundation<\/em>; Carlos Bernal, <em>Commissioner of the Inter-American Commission of Human Rights<\/em>; Nicholas Aroney, <em>Professor of Law and Director of the Centre for Public, International and Comparative Law, University of Queensland, Australia<\/em>; e Ioannis Ktistakis, <em>Judge of the European Court of Human Rights<\/em>.<\/p>\n<p>Tambi\u00e9n, la profesora Celis presidi\u00f3 de la sesi\u00f3n &#8220;<em>School and Religi\u00f3n in Latin America: State Financing as a Limit vs. the Integrative Congessional &#8220;Educational Proposal<\/em>&#8220;. El panel cont\u00f3 con la participaci\u00f3n de los profesores Maureen Necklemann, Antonio D&#8217;Agostino de Notre Dame y la candidata a doctor Mar\u00eda Paz Madrid.<\/p>\n<p>El mismo martes 22, la profesora y directora del Centro, Mar\u00eda Elena Pimstein presidi\u00f3 la sesi\u00f3n &#8220;Minor\u00edas, igualdad y acomodaci\u00f3n en el espacio p\u00fablico en Latinoam\u00e9rica&#8221; y present\u00f3 la ponencia &#8220;Desaf\u00edos de los hospitales confesionales cuando las creencias de sus pacientes entran en conflicto con su ideario&#8221;. En este panel tambi\u00e9n intervino Paulina Eyzaguirre, con la presentaci\u00f3n &#8220;Libertad religiosa en Am\u00e9rica Latina y el Caribe: \u00bfExisten coincidencias en la experiencia de la religi\u00f3n mayoritaria respecto de las confesiones minoritarias?&#8221; que revis\u00f3 aspectos del Informe de Libertad Religiosa en el Mundo de la Fundaci\u00f3n Pontificia <em>Aids to the Church in Need<\/em> (ACN por sus siglas en ingl\u00e9s), en la que el Centro participa con la investigaci\u00f3n referida a Latinoam\u00e9rica y El Caribe. Adem\u00e1s, fueron parte del panel Soledad Bertelsen, quien present\u00f3 la ponencia &#8220;Protecci\u00f3n P\u00fablica de las espiritualidades ind\u00edgenas: una oportunidad para la igual protecci\u00f3n de la religi\u00f3n en el espacio p\u00fablico&#8221;; y Andr\u00e9s Felipe L\u00f3pez-Latorre (Universidad de La Sabana, Colombia), quien se refiri\u00f3 a la &#8220;Protecci\u00f3n de la libertad religiosa en el sistema interamericano: revelando patrones, omisiones y el camino a seguir&#8221;.<\/p>\n<p>\u00a0<\/p>\n<p>Programa y m\u00e1s informaci\u00f3n en <a href=\"https:\/\/www.iclars.org\/\" target=\"_blank\">iclars.org<\/a><\/p>\n<p>\u00a0<\/p>\n<\/article>\n","protected":false},"excerpt":{"rendered":"<p>Entre el 21 y 23 de octubre de 2024 se desarroll\u00f3 la 7\u00aa Conferencia delInternational Consortium for Law and Religion Studies(ICLARS), cuyo tema fue: &#8220;La acomodaci\u00f3n de la religi\u00f3n o creencias en la esfera p\u00fablica: \u00bfprivilegio inmerecido o derecho fundamental?, en la Facultad de Derecho de la Universidad de Notre Dame ubicada en South Bend, Illinois, Estados Unidos.<\/p>\n","protected":false},"author":1,"featured_media":1463,"comment_status":"","ping_status":"","sticky":false,"template":"","format":"standard","meta":{"_acf_changed":false,"footnotes":""},"categories":[1],"tags":[],"class_list":["post-1315","post","type-post","status-publish","format-standard","has-post-thumbnail","hentry","category-noticias"],"acf":[],"yoast_head":"<!-- This site is optimized with the Yoast SEO plugin v27.1.1 - https:\/\/yoast.com\/product\/yoast-seo-wordpress\/ -->\n<title>Miembros del Centro participan en 7a Conferencia ICLARS que se celebr\u00f3 en la Universidad de Notre Dame, USA. 21-23 octubre 2024 - Centro UC Derecho y Religi\u00f3n<\/title>\n<meta name=\"robots\" content=\"index, follow, max-snippet:-1, max-image-preview:large, max-video-preview:-1\" \/>\n<link rel=\"canonical\" href=\"https:\/\/derechoyreligion-uc.urantiacos.cl\/en\/miembros-del-centro-participan-en-7a-conferencia-iclars-que-se-celebro-en-la-universidad-de-notre-dame-usa-21-23-octubre-2024\/\" \/>\n<meta property=\"og:locale\" content=\"en_US\" \/>\n<meta property=\"og:type\" content=\"article\" \/>\n<meta property=\"og:title\" content=\"Miembros del Centro participan en 7a Conferencia ICLARS que se celebr\u00f3 en la Universidad de Notre Dame, USA. 21-23 octubre 2024 - Centro UC Derecho y Religi\u00f3n\" \/>\n<meta property=\"og:description\" content=\"Entre el 21 y 23 de octubre de 2024 se desarroll\u00f3 la 7\u00aa Conferencia delInternational Consortium for Law and Religion Studies(ICLARS), cuyo tema fue: &quot;La acomodaci\u00f3n de la religi\u00f3n o creencias en la esfera p\u00fablica: \u00bfprivilegio inmerecido o derecho fundamental?, en la Facultad de Derecho de la Universidad de Notre Dame ubicada en South Bend, Illinois, Estados Unidos.\" \/>\n<meta property=\"og:url\" content=\"https:\/\/derechoyreligion-uc.urantiacos.cl\/en\/miembros-del-centro-participan-en-7a-conferencia-iclars-que-se-celebro-en-la-universidad-de-notre-dame-usa-21-23-octubre-2024\/\" \/>\n<meta property=\"og:site_name\" content=\"Centro UC Derecho y Religi\u00f3n\" \/>\n<meta property=\"article:published_time\" content=\"2024-10-23T03:00:00+00:00\" \/>\n<meta property=\"og:image\" content=\"https:\/\/derechoyreligion-uc.urantiacos.cl\/wp-content\/uploads\/2024\/10\/7a_ICLARS_Notre_Dame.46-1024x950.png\" \/>\n\t<meta property=\"og:image:width\" content=\"1024\" \/>\n\t<meta property=\"og:image:height\" content=\"950\" \/>\n\t<meta property=\"og:image:type\" content=\"image\/png\" \/>\n<meta name=\"author\" content=\"manadmin\" \/>\n<meta name=\"twitter:card\" content=\"summary_large_image\" \/>\n<meta name=\"twitter:label1\" content=\"Written by\" \/>\n\t<meta name=\"twitter:data1\" content=\"manadmin\" \/>\n\t<meta name=\"twitter:label2\" content=\"Est. reading time\" \/>\n\t<meta name=\"twitter:data2\" content=\"3 minutes\" \/>\n<script type=\"application\/ld+json\" class=\"yoast-schema-graph\">{\"@context\":\"https:\/\/schema.org\",\"@graph\":[{\"@type\":\"Article\",\"@id\":\"https:\/\/derechoyreligion-uc.urantiacos.cl\/en\/miembros-del-centro-participan-en-7a-conferencia-iclars-que-se-celebro-en-la-universidad-de-notre-dame-usa-21-23-octubre-2024\/#article\",\"isPartOf\":{\"@id\":\"https:\/\/derechoyreligion-uc.urantiacos.cl\/en\/miembros-del-centro-participan-en-7a-conferencia-iclars-que-se-celebro-en-la-universidad-de-notre-dame-usa-21-23-octubre-2024\/\"},\"author\":{\"name\":\"manadmin\",\"@id\":\"https:\/\/derechoyreligion-uc.urantiacos.cl\/en\/#\/schema\/person\/6cc7f593e2f49e3b770a06f63b58e3b1\"},\"headline\":\"Miembros del Centro participan en 7a Conferencia ICLARS que se celebr\u00f3 en la Universidad de Notre Dame, USA. 21-23 octubre 2024\",\"datePublished\":\"2024-10-23T03:00:00+00:00\",\"mainEntityOfPage\":{\"@id\":\"https:\/\/derechoyreligion-uc.urantiacos.cl\/en\/miembros-del-centro-participan-en-7a-conferencia-iclars-que-se-celebro-en-la-universidad-de-notre-dame-usa-21-23-octubre-2024\/\"},\"wordCount\":554,\"image\":{\"@id\":\"https:\/\/derechoyreligion-uc.urantiacos.cl\/en\/miembros-del-centro-participan-en-7a-conferencia-iclars-que-se-celebro-en-la-universidad-de-notre-dame-usa-21-23-octubre-2024\/#primaryimage\"},\"thumbnailUrl\":\"https:\/\/derechoyreligion-uc.urantiacos.cl\/wp-content\/uploads\/2024\/10\/7a_ICLARS_Notre_Dame.46.png\",\"articleSection\":[\"Noticias\"],\"inLanguage\":\"en-US\"},{\"@type\":\"WebPage\",\"@id\":\"https:\/\/derechoyreligion-uc.urantiacos.cl\/en\/miembros-del-centro-participan-en-7a-conferencia-iclars-que-se-celebro-en-la-universidad-de-notre-dame-usa-21-23-octubre-2024\/\",\"url\":\"https:\/\/derechoyreligion-uc.urantiacos.cl\/en\/miembros-del-centro-participan-en-7a-conferencia-iclars-que-se-celebro-en-la-universidad-de-notre-dame-usa-21-23-octubre-2024\/\",\"name\":\"Miembros del Centro participan en 7a Conferencia ICLARS que se celebr\u00f3 en la Universidad de Notre Dame, USA. 21-23 octubre 2024 - Centro UC Derecho y Religi\u00f3n\",\"isPartOf\":{\"@id\":\"https:\/\/derechoyreligion-uc.urantiacos.cl\/en\/#website\"},\"primaryImageOfPage\":{\"@id\":\"https:\/\/derechoyreligion-uc.urantiacos.cl\/en\/miembros-del-centro-participan-en-7a-conferencia-iclars-que-se-celebro-en-la-universidad-de-notre-dame-usa-21-23-octubre-2024\/#primaryimage\"},\"image\":{\"@id\":\"https:\/\/derechoyreligion-uc.urantiacos.cl\/en\/miembros-del-centro-participan-en-7a-conferencia-iclars-que-se-celebro-en-la-universidad-de-notre-dame-usa-21-23-octubre-2024\/#primaryimage\"},\"thumbnailUrl\":\"https:\/\/derechoyreligion-uc.urantiacos.cl\/wp-content\/uploads\/2024\/10\/7a_ICLARS_Notre_Dame.46.png\",\"datePublished\":\"2024-10-23T03:00:00+00:00\",\"author\":{\"@id\":\"https:\/\/derechoyreligion-uc.urantiacos.cl\/en\/#\/schema\/person\/6cc7f593e2f49e3b770a06f63b58e3b1\"},\"breadcrumb\":{\"@id\":\"https:\/\/derechoyreligion-uc.urantiacos.cl\/en\/miembros-del-centro-participan-en-7a-conferencia-iclars-que-se-celebro-en-la-universidad-de-notre-dame-usa-21-23-octubre-2024\/#breadcrumb\"},\"inLanguage\":\"en-US\",\"potentialAction\":[{\"@type\":\"ReadAction\",\"target\":[\"https:\/\/derechoyreligion-uc.urantiacos.cl\/en\/miembros-del-centro-participan-en-7a-conferencia-iclars-que-se-celebro-en-la-universidad-de-notre-dame-usa-21-23-octubre-2024\/\"]}]},{\"@type\":\"ImageObject\",\"inLanguage\":\"en-US\",\"@id\":\"https:\/\/derechoyreligion-uc.urantiacos.cl\/en\/miembros-del-centro-participan-en-7a-conferencia-iclars-que-se-celebro-en-la-universidad-de-notre-dame-usa-21-23-octubre-2024\/#primaryimage\",\"url\":\"https:\/\/derechoyreligion-uc.urantiacos.cl\/wp-content\/uploads\/2024\/10\/7a_ICLARS_Notre_Dame.46.png\",\"contentUrl\":\"https:\/\/derechoyreligion-uc.urantiacos.cl\/wp-content\/uploads\/2024\/10\/7a_ICLARS_Notre_Dame.46.png\",\"width\":1630,\"height\":1512},{\"@type\":\"BreadcrumbList\",\"@id\":\"https:\/\/derechoyreligion-uc.urantiacos.cl\/en\/miembros-del-centro-participan-en-7a-conferencia-iclars-que-se-celebro-en-la-universidad-de-notre-dame-usa-21-23-octubre-2024\/#breadcrumb\",\"itemListElement\":[{\"@type\":\"ListItem\",\"position\":1,\"name\":\"Portada\",\"item\":\"https:\/\/derechoyreligion-uc.urantiacos.cl\/en\/\"},{\"@type\":\"ListItem\",\"position\":2,\"name\":\"Miembros del Centro participan en 7a Conferencia ICLARS que se celebr\u00f3 en la Universidad de Notre Dame, USA. 21-23 octubre 2024\"}]},{\"@type\":\"WebSite\",\"@id\":\"https:\/\/derechoyreligion-uc.urantiacos.cl\/en\/#website\",\"url\":\"https:\/\/derechoyreligion-uc.urantiacos.cl\/en\/\",\"name\":\"Centro UC Derecho y Religi\u00f3n\",\"description\":\"\",\"potentialAction\":[{\"@type\":\"SearchAction\",\"target\":{\"@type\":\"EntryPoint\",\"urlTemplate\":\"https:\/\/derechoyreligion-uc.urantiacos.cl\/en\/?s={search_term_string}\"},\"query-input\":{\"@type\":\"PropertyValueSpecification\",\"valueRequired\":true,\"valueName\":\"search_term_string\"}}],\"inLanguage\":\"en-US\"},{\"@type\":\"Person\",\"@id\":\"https:\/\/derechoyreligion-uc.urantiacos.cl\/en\/#\/schema\/person\/6cc7f593e2f49e3b770a06f63b58e3b1\",\"name\":\"manadmin\",\"sameAs\":[\"https:\/\/derechoyreligion-uc.urantiacos.cl\"]}]}<\/script>\n<!-- \/ Yoast SEO plugin. -->","yoast_head_json":{"title":"Miembros del Centro participan en 7a Conferencia ICLARS que se celebr\u00f3 en la Universidad de Notre Dame, USA. 21-23 octubre 2024 - Centro UC Derecho y Religi\u00f3n","robots":{"index":"index","follow":"follow","max-snippet":"max-snippet:-1","max-image-preview":"max-image-preview:large","max-video-preview":"max-video-preview:-1"},"canonical":"https:\/\/derechoyreligion-uc.urantiacos.cl\/en\/miembros-del-centro-participan-en-7a-conferencia-iclars-que-se-celebro-en-la-universidad-de-notre-dame-usa-21-23-octubre-2024\/","og_locale":"en_US","og_type":"article","og_title":"Miembros del Centro participan en 7a Conferencia ICLARS que se celebr\u00f3 en la Universidad de Notre Dame, USA. 21-23 octubre 2024 - Centro UC Derecho y Religi\u00f3n","og_description":"Entre el 21 y 23 de octubre de 2024 se desarroll\u00f3 la 7\u00aa Conferencia delInternational Consortium for Law and Religion Studies(ICLARS), cuyo tema fue: \"La acomodaci\u00f3n de la religi\u00f3n o creencias en la esfera p\u00fablica: \u00bfprivilegio inmerecido o derecho fundamental?, en la Facultad de Derecho de la Universidad de Notre Dame ubicada en South Bend, Illinois, Estados Unidos.","og_url":"https:\/\/derechoyreligion-uc.urantiacos.cl\/en\/miembros-del-centro-participan-en-7a-conferencia-iclars-que-se-celebro-en-la-universidad-de-notre-dame-usa-21-23-octubre-2024\/","og_site_name":"Centro UC Derecho y Religi\u00f3n","article_published_time":"2024-10-23T03:00:00+00:00","og_image":[{"width":1024,"height":950,"url":"https:\/\/derechoyreligion-uc.urantiacos.cl\/wp-content\/uploads\/2024\/10\/7a_ICLARS_Notre_Dame.46-1024x950.png","type":"image\/png"}],"author":"manadmin","twitter_card":"summary_large_image","twitter_misc":{"Written by":"manadmin","Est. reading time":"3 minutes"},"schema":{"@context":"https:\/\/schema.org","@graph":[{"@type":"Article","@id":"https:\/\/derechoyreligion-uc.urantiacos.cl\/en\/miembros-del-centro-participan-en-7a-conferencia-iclars-que-se-celebro-en-la-universidad-de-notre-dame-usa-21-23-octubre-2024\/#article","isPartOf":{"@id":"https:\/\/derechoyreligion-uc.urantiacos.cl\/en\/miembros-del-centro-participan-en-7a-conferencia-iclars-que-se-celebro-en-la-universidad-de-notre-dame-usa-21-23-octubre-2024\/"},"author":{"name":"manadmin","@id":"https:\/\/derechoyreligion-uc.urantiacos.cl\/en\/#\/schema\/person\/6cc7f593e2f49e3b770a06f63b58e3b1"},"headline":"Miembros del Centro participan en 7a Conferencia ICLARS que se celebr\u00f3 en la Universidad de Notre Dame, USA. 21-23 octubre 2024","datePublished":"2024-10-23T03:00:00+00:00","mainEntityOfPage":{"@id":"https:\/\/derechoyreligion-uc.urantiacos.cl\/en\/miembros-del-centro-participan-en-7a-conferencia-iclars-que-se-celebro-en-la-universidad-de-notre-dame-usa-21-23-octubre-2024\/"},"wordCount":554,"image":{"@id":"https:\/\/derechoyreligion-uc.urantiacos.cl\/en\/miembros-del-centro-participan-en-7a-conferencia-iclars-que-se-celebro-en-la-universidad-de-notre-dame-usa-21-23-octubre-2024\/#primaryimage"},"thumbnailUrl":"https:\/\/derechoyreligion-uc.urantiacos.cl\/wp-content\/uploads\/2024\/10\/7a_ICLARS_Notre_Dame.46.png","articleSection":["Noticias"],"inLanguage":"en-US"},{"@type":"WebPage","@id":"https:\/\/derechoyreligion-uc.urantiacos.cl\/en\/miembros-del-centro-participan-en-7a-conferencia-iclars-que-se-celebro-en-la-universidad-de-notre-dame-usa-21-23-octubre-2024\/","url":"https:\/\/derechoyreligion-uc.urantiacos.cl\/en\/miembros-del-centro-participan-en-7a-conferencia-iclars-que-se-celebro-en-la-universidad-de-notre-dame-usa-21-23-octubre-2024\/","name":"Miembros del Centro participan en 7a Conferencia ICLARS que se celebr\u00f3 en la Universidad de Notre Dame, USA. 21-23 octubre 2024 - Centro UC Derecho y Religi\u00f3n","isPartOf":{"@id":"https:\/\/derechoyreligion-uc.urantiacos.cl\/en\/#website"},"primaryImageOfPage":{"@id":"https:\/\/derechoyreligion-uc.urantiacos.cl\/en\/miembros-del-centro-participan-en-7a-conferencia-iclars-que-se-celebro-en-la-universidad-de-notre-dame-usa-21-23-octubre-2024\/#primaryimage"},"image":{"@id":"https:\/\/derechoyreligion-uc.urantiacos.cl\/en\/miembros-del-centro-participan-en-7a-conferencia-iclars-que-se-celebro-en-la-universidad-de-notre-dame-usa-21-23-octubre-2024\/#primaryimage"},"thumbnailUrl":"https:\/\/derechoyreligion-uc.urantiacos.cl\/wp-content\/uploads\/2024\/10\/7a_ICLARS_Notre_Dame.46.png","datePublished":"2024-10-23T03:00:00+00:00","author":{"@id":"https:\/\/derechoyreligion-uc.urantiacos.cl\/en\/#\/schema\/person\/6cc7f593e2f49e3b770a06f63b58e3b1"},"breadcrumb":{"@id":"https:\/\/derechoyreligion-uc.urantiacos.cl\/en\/miembros-del-centro-participan-en-7a-conferencia-iclars-que-se-celebro-en-la-universidad-de-notre-dame-usa-21-23-octubre-2024\/#breadcrumb"},"inLanguage":"en-US","potentialAction":[{"@type":"ReadAction","target":["https:\/\/derechoyreligion-uc.urantiacos.cl\/en\/miembros-del-centro-participan-en-7a-conferencia-iclars-que-se-celebro-en-la-universidad-de-notre-dame-usa-21-23-octubre-2024\/"]}]},{"@type":"ImageObject","inLanguage":"en-US","@id":"https:\/\/derechoyreligion-uc.urantiacos.cl\/en\/miembros-del-centro-participan-en-7a-conferencia-iclars-que-se-celebro-en-la-universidad-de-notre-dame-usa-21-23-octubre-2024\/#primaryimage","url":"https:\/\/derechoyreligion-uc.urantiacos.cl\/wp-content\/uploads\/2024\/10\/7a_ICLARS_Notre_Dame.46.png","contentUrl":"https:\/\/derechoyreligion-uc.urantiacos.cl\/wp-content\/uploads\/2024\/10\/7a_ICLARS_Notre_Dame.46.png","width":1630,"height":1512},{"@type":"BreadcrumbList","@id":"https:\/\/derechoyreligion-uc.urantiacos.cl\/en\/miembros-del-centro-participan-en-7a-conferencia-iclars-que-se-celebro-en-la-universidad-de-notre-dame-usa-21-23-octubre-2024\/#breadcrumb","itemListElement":[{"@type":"ListItem","position":1,"name":"Portada","item":"https:\/\/derechoyreligion-uc.urantiacos.cl\/en\/"},{"@type":"ListItem","position":2,"name":"Miembros del Centro participan en 7a Conferencia ICLARS que se celebr\u00f3 en la Universidad de Notre Dame, USA. 21-23 octubre 2024"}]},{"@type":"WebSite","@id":"https:\/\/derechoyreligion-uc.urantiacos.cl\/en\/#website","url":"https:\/\/derechoyreligion-uc.urantiacos.cl\/en\/","name":"Centro UC Derecho y Religi\u00f3n","description":"","potentialAction":[{"@type":"SearchAction","target":{"@type":"EntryPoint","urlTemplate":"https:\/\/derechoyreligion-uc.urantiacos.cl\/en\/?s={search_term_string}"},"query-input":{"@type":"PropertyValueSpecification","valueRequired":true,"valueName":"search_term_string"}}],"inLanguage":"en-US"},{"@type":"Person","@id":"https:\/\/derechoyreligion-uc.urantiacos.cl\/en\/#\/schema\/person\/6cc7f593e2f49e3b770a06f63b58e3b1","name":"manadmin","sameAs":["https:\/\/derechoyreligion-uc.urantiacos.cl"]}]}},"_links":{"self":[{"href":"https:\/\/derechoyreligion-uc.urantiacos.cl\/en\/wp-json\/wp\/v2\/posts\/1315","targetHints":{"allow":["GET"]}}],"collection":[{"href":"https:\/\/derechoyreligion-uc.urantiacos.cl\/en\/wp-json\/wp\/v2\/posts"}],"about":[{"href":"https:\/\/derechoyreligion-uc.urantiacos.cl\/en\/wp-json\/wp\/v2\/types\/post"}],"author":[{"embeddable":true,"href":"https:\/\/derechoyreligion-uc.urantiacos.cl\/en\/wp-json\/wp\/v2\/users\/1"}],"replies":[{"embeddable":true,"href":"https:\/\/derechoyreligion-uc.urantiacos.cl\/en\/wp-json\/wp\/v2\/comments?post=1315"}],"version-history":[{"count":0,"href":"https:\/\/derechoyreligion-uc.urantiacos.cl\/en\/wp-json\/wp\/v2\/posts\/1315\/revisions"}],"wp:featuredmedia":[{"embeddable":true,"href":"https:\/\/derechoyreligion-uc.urantiacos.cl\/en\/wp-json\/wp\/v2\/media\/1463"}],"wp:attachment":[{"href":"https:\/\/derechoyreligion-uc.urantiacos.cl\/en\/wp-json\/wp\/v2\/media?parent=1315"}],"wp:term":[{"taxonomy":"category","embeddable":true,"href":"https:\/\/derechoyreligion-uc.urantiacos.cl\/en\/wp-json\/wp\/v2\/categories?post=1315"},{"taxonomy":"post_tag","embeddable":true,"href":"https:\/\/derechoyreligion-uc.urantiacos.cl\/en\/wp-json\/wp\/v2\/tags?post=1315"}],"curies":[{"name":"wp","href":"https:\/\/api.w.org\/{rel}","templated":true}]}}