
{"id":1314,"date":"2024-11-14T00:00:00","date_gmt":"2024-11-14T03:00:00","guid":{"rendered":"https:\/\/derechoyreligion-uc.urantiacos.cl\/visita-de-dra-montserrat-gas-aixendri-al-centro\/"},"modified":"2024-11-14T00:00:00","modified_gmt":"2024-11-14T03:00:00","slug":"visita-de-dra-montserrat-gas-aixendri-al-centro","status":"publish","type":"post","link":"https:\/\/derechoyreligion-uc.urantiacos.cl\/en\/visita-de-dra-montserrat-gas-aixendri-al-centro\/","title":{"rendered":"Visita de Dra. Montserrat Gas-Aixendri al Centro"},"content":{"rendered":"<article>\n<span><br \/>\n<\/span><\/p>\n<p><img decoding=\"async\" alt=\"image4\" src=\"https:\/\/derechoyreligion-uc.urantiacos.cl\/wp-content\/uploads\/imagenes\/image4.jpeg\"\/><\/p>\n<p>\u00a0<\/p>\n<p>El d\u00eda 6 de noviembre recibimos la visita de la profesora Dra. Montserrat Gas Aixendri, catedr\u00e1tica de Derecho Can\u00f3nico y Derecho Eclesi\u00e1stico del Estado de la Universidad Internacional de Catalu\u00f1a. En la Sala Allende Bascu\u00f1\u00e1n del edificio de la Facultad de Derecho, la profesora expuso ante un grupo de acad\u00e9micos, estudiantes y pasantes del Centro UC de Derecho y Religi\u00f3n sobre el tema &#8220;Libertad Religiosa e Igualdad de G\u00e9nero&#8221;, en el contexto de la agenda 2030 de las Naciones Unidas.<br \/>La profesora Gas se\u00f1al\u00f3 que el tema es parte de una investigaci\u00f3n financiada por el Ministerio de Universidades de Espa\u00f1a, que sit\u00faa la problem\u00e1tica en la pregunta de hasta qu\u00e9 punto el Estado puede imponer o puede establecer unos principios que afecten internamente a lo que llamamos autonom\u00eda de las confesiones religiosas.<br \/>Como marco a su exposici\u00f3n, la profesora se\u00f1al\u00f3 los puntos que es dable identificar en la jurisprudencia del Tribunal Europeo de Derechos Humanos (TEDH) sobre la autonom\u00eda de los grupos religiosos, destacando el entendimiento que existe sobre la complementariedad que debe existir entre el ejercicio personal y colectivo del derecho de libertad religiosa; la libertad asociativa que asiste a las confesiones; y la neutralidad que debe presentar el Estado frente a la cuesti\u00f3n, sin realizar juicios de legitimidad de las creencias del grupo religioso.<br \/>A continuaci\u00f3n, la Dra. Gas abord\u00f3 dos sentencias que reflejan tensiones que es posible visualizar entre la autonom\u00eda religiosa y la igualdad de g\u00e9nero. La primera de ellas, del Tribunal Superior Espa\u00f1ol que, debi\u00f3 conocer sobre una supuesta vulneraci\u00f3n del derecho a la igualdad y no discriminaci\u00f3n de la Constituci\u00f3n espa\u00f1ola que cometer\u00eda una Cofrad\u00eda en Santa Cruz de Tenerife (una asociaci\u00f3n can\u00f3nica), contra una mujer, al prever en su art\u00edculo 1\u00b0 de sus estatutos que su admisi\u00f3n \u00fanicamente era para varones, caso en el cual el tribunal de primera y segunda instancia de Tenerife, le hab\u00edan dado la raz\u00f3n a la mujer demandante, obligando a cambiar este punto de los estatutos en virtud del art\u00edculo 14 de la Constituci\u00f3n Espa\u00f1ola, que se refiere al principio de igualdad y no discriminaci\u00f3n. Sin embargo, el Tribunal Superior Espa\u00f1ol dio la raz\u00f3n a la Cofrad\u00eda y se\u00f1al\u00f3 que s\u00f3lo cabe considerar como discriminatorias la exclusi\u00f3n de una asociaci\u00f3n privada, en la medida que ostente una posici\u00f3n de dominio en el \u00e1mbito econ\u00f3mico, social, cultural o profesional, lo que no ocurre en este caso.<br \/>La segunda sentencia, corresponde a la Corte Suprema de Argentina, en el caso &#8220;Rueda con Arzobispado&#8221;. Una persona transg\u00e9nero solicit\u00f3 cancelar su inscripci\u00f3n de bautismo como var\u00f3n, y que se cambiara por la identidad femenina. La Iglesia dispuso hacer una anotaci\u00f3n marginal, pero no cancelar el registro de un hecho hist\u00f3rico. La Corte Suprema Argentina estim\u00f3 que la anotaci\u00f3n marginal era suficiente para satisfacer el derecho de no discriminaci\u00f3n, reconociendo la autonom\u00eda de la Iglesia para manejar sus archivos.<br \/>A continuaci\u00f3n, se abri\u00f3 un espacio para preguntas e intercambio.<br \/>Montserrat Gas Aixendri es catedr\u00e1tica en la Facultad de Derecho e Instituto de Estudios Superiores de la Familia de la Universitat Internacional de Catalunya. Es doctora en Derecho Can\u00f3nico por la Pontificia Universit\u00e1 della Santa Croce, y de Derecho Europeo por la Universidad Complutense de Madrid.<\/p>\n<p>\u00a0<\/p>\n<p><img decoding=\"async\" alt=\"image2\" src=\"https:\/\/derechoyreligion-uc.urantiacos.cl\/wp-content\/uploads\/imagenes\/image2.jpeg\"\/><\/p>\n<p>\u00a0<\/p>\n<p><img decoding=\"async\" alt=\"image0\" src=\"https:\/\/derechoyreligion-uc.urantiacos.cl\/wp-content\/uploads\/imagenes\/image0.jpeg\"\/><\/p>\n<p>\u00a0<\/p>\n<p>\u00a0<\/p>\n<\/article>\n","protected":false},"excerpt":{"rendered":"<p>El d\u00eda 6 de noviembre recibimos la visita de la profesora Dra. Montserrat Gas Aixendri, catedr\u00e1tica de Derecho Can\u00f3nico y Derecho Eclesi\u00e1stico del Estado de la Universidad Internacional de Catalu\u00f1a. En la Sala Allende Bascu\u00f1\u00e1n del edificio de la Facultad de Derecho, la profesora expuso ante un grupo de acad\u00e9micos, estudiantes y pasantes del Centro UC de Derecho y Religi\u00f3n sobre el tema &#8220;Libertad Religiosa e Igualdad de G\u00e9nero&#8221;, en el contexto de la agenda 2030 de las Naciones Unidas.La profesora Gas se\u00f1al\u00f3 que el tema es parte de una investigaci\u00f3n financiada por el Ministerio de Universidades de Espa\u00f1a, que sit\u00faa la problem\u00e1tica en la pregunta de hasta qu\u00e9 punto el Estado puede imponer o puede establecer unos principios que afecten internamente a lo que llamamos autonom\u00eda de las confesiones religiosas.Como marco a su exposici\u00f3n, la profesora se\u00f1al\u00f3 los puntos que es dable identificar en la jurisprudencia del Tribunal Europeo de Derechos Humanos (TEDH) sobre la autonom\u00eda de los grupos religiosos, destacando el entendimiento que existe sobre la complementariedad que debe existir entre el ejercicio personal y colectivo del derecho de libertad religiosa; la libertad asociativa que asiste a las confesiones; y la neutralidad que debe presentar el Estado frente a la cuesti\u00f3n, sin realizar juicios de legitimidad de las creencias del grupo religioso.A continuaci\u00f3n, la Dra. Gas abord\u00f3 dos sentencias que reflejan tensiones que es posible visualizar entre la autonom\u00eda religiosa y la igualdad de g\u00e9nero. La primera de ellas, del Tribunal Superior Espa\u00f1ol que, debi\u00f3 conocer sobre una supuesta vulneraci\u00f3n del derecho a la igualdad y no discriminaci\u00f3n de la Constituci\u00f3n espa\u00f1ola que cometer\u00eda una Cofrad\u00eda en Santa Cruz de Tenerife (una asociaci\u00f3n can\u00f3nica), contra una mujer, al prever en su art\u00edculo 1\u00b0 de sus estatutos que su admisi\u00f3n \u00fanicamente era para varones, caso en el cual el tribunal de primera y segunda instancia de Tenerife, le hab\u00edan dado la raz\u00f3n a la mujer demandante, obligando a cambiar este punto de los estatutos en virtud del art\u00edculo 14 de la Constituci\u00f3n Espa\u00f1ola, que se refiere al principio de igualdad y no discriminaci\u00f3n. Sin embargo, el Tribunal Superior Espa\u00f1ol dio la raz\u00f3n a la Cofrad\u00eda y se\u00f1al\u00f3 que s\u00f3lo cabe considerar como discriminatorias la exclusi\u00f3n de una asociaci\u00f3n privada, en la medida que ostente una posici\u00f3n de dominio en el \u00e1mbito econ\u00f3mico, social, cultural o profesional, lo que no ocurre en este caso.La segunda sentencia, corresponde a la Corte Suprema de Argentina, en el caso &#8220;Rueda con Arzobispado&#8221;. Una persona transg\u00e9nero solicit\u00f3 cancelar su inscripci\u00f3n de bautismo como var\u00f3n, y que se cambiara por la identidad femenina. La Iglesia dispuso hacer una anotaci\u00f3n marginal, pero no cancelar el registro de un hecho hist\u00f3rico. La Corte Suprema Argentina estim\u00f3 que la anotaci\u00f3n marginal era suficiente para satisfacer el derecho de no discriminaci\u00f3n, reconociendo la autonom\u00eda de la Iglesia para manejar sus archivos.A continuaci\u00f3n, se abri\u00f3 un espacio para preguntas e intercambio.Montserrat Gas Aixendri es catedr\u00e1tica en la Facultad de Derecho e Instituto de Estudios Superiores de la Familia de la Universitat Internacional de Catalunya. Es doctora en Derecho Can\u00f3nico por la Pontificia Universit\u00e1 della Santa Croce, y de Derecho Europeo por la Universidad Complutense de Madrid.<\/p>\n","protected":false},"author":1,"featured_media":1462,"comment_status":"","ping_status":"","sticky":false,"template":"","format":"standard","meta":{"_acf_changed":false,"footnotes":""},"categories":[1],"tags":[],"class_list":["post-1314","post","type-post","status-publish","format-standard","has-post-thumbnail","hentry","category-noticias"],"acf":[],"yoast_head":"<!-- This site is optimized with the Yoast SEO plugin v27.1.1 - https:\/\/yoast.com\/product\/yoast-seo-wordpress\/ -->\n<title>Visita de Dra. Montserrat Gas-Aixendri al Centro - Centro UC Derecho y Religi\u00f3n<\/title>\n<meta name=\"robots\" content=\"index, follow, max-snippet:-1, max-image-preview:large, max-video-preview:-1\" \/>\n<link rel=\"canonical\" href=\"https:\/\/derechoyreligion-uc.urantiacos.cl\/en\/visita-de-dra-montserrat-gas-aixendri-al-centro\/\" \/>\n<meta property=\"og:locale\" content=\"en_US\" \/>\n<meta property=\"og:type\" content=\"article\" \/>\n<meta property=\"og:title\" content=\"Visita de Dra. Montserrat Gas-Aixendri al Centro - Centro UC Derecho y Religi\u00f3n\" \/>\n<meta property=\"og:description\" content=\"El d\u00eda 6 de noviembre recibimos la visita de la profesora Dra. Montserrat Gas Aixendri, catedr\u00e1tica de Derecho Can\u00f3nico y Derecho Eclesi\u00e1stico del Estado de la Universidad Internacional de Catalu\u00f1a. En la Sala Allende Bascu\u00f1\u00e1n del edificio de la Facultad de Derecho, la profesora expuso ante un grupo de acad\u00e9micos, estudiantes y pasantes del Centro UC de Derecho y Religi\u00f3n sobre el tema &quot;Libertad Religiosa e Igualdad de G\u00e9nero&quot;, en el contexto de la agenda 2030 de las Naciones Unidas.La profesora Gas se\u00f1al\u00f3 que el tema es parte de una investigaci\u00f3n financiada por el Ministerio de Universidades de Espa\u00f1a, que sit\u00faa la problem\u00e1tica en la pregunta de hasta qu\u00e9 punto el Estado puede imponer o puede establecer unos principios que afecten internamente a lo que llamamos autonom\u00eda de las confesiones religiosas.Como marco a su exposici\u00f3n, la profesora se\u00f1al\u00f3 los puntos que es dable identificar en la jurisprudencia del Tribunal Europeo de Derechos Humanos (TEDH) sobre la autonom\u00eda de los grupos religiosos, destacando el entendimiento que existe sobre la complementariedad que debe existir entre el ejercicio personal y colectivo del derecho de libertad religiosa; la libertad asociativa que asiste a las confesiones; y la neutralidad que debe presentar el Estado frente a la cuesti\u00f3n, sin realizar juicios de legitimidad de las creencias del grupo religioso.A continuaci\u00f3n, la Dra. Gas abord\u00f3 dos sentencias que reflejan tensiones que es posible visualizar entre la autonom\u00eda religiosa y la igualdad de g\u00e9nero. La primera de ellas, del Tribunal Superior Espa\u00f1ol que, debi\u00f3 conocer sobre una supuesta vulneraci\u00f3n del derecho a la igualdad y no discriminaci\u00f3n de la Constituci\u00f3n espa\u00f1ola que cometer\u00eda una Cofrad\u00eda en Santa Cruz de Tenerife (una asociaci\u00f3n can\u00f3nica), contra una mujer, al prever en su art\u00edculo 1\u00b0 de sus estatutos que su admisi\u00f3n \u00fanicamente era para varones, caso en el cual el tribunal de primera y segunda instancia de Tenerife, le hab\u00edan dado la raz\u00f3n a la mujer demandante, obligando a cambiar este punto de los estatutos en virtud del art\u00edculo 14 de la Constituci\u00f3n Espa\u00f1ola, que se refiere al principio de igualdad y no discriminaci\u00f3n. Sin embargo, el Tribunal Superior Espa\u00f1ol dio la raz\u00f3n a la Cofrad\u00eda y se\u00f1al\u00f3 que s\u00f3lo cabe considerar como discriminatorias la exclusi\u00f3n de una asociaci\u00f3n privada, en la medida que ostente una posici\u00f3n de dominio en el \u00e1mbito econ\u00f3mico, social, cultural o profesional, lo que no ocurre en este caso.La segunda sentencia, corresponde a la Corte Suprema de Argentina, en el caso &quot;Rueda con Arzobispado&quot;. Una persona transg\u00e9nero solicit\u00f3 cancelar su inscripci\u00f3n de bautismo como var\u00f3n, y que se cambiara por la identidad femenina. La Iglesia dispuso hacer una anotaci\u00f3n marginal, pero no cancelar el registro de un hecho hist\u00f3rico. La Corte Suprema Argentina estim\u00f3 que la anotaci\u00f3n marginal era suficiente para satisfacer el derecho de no discriminaci\u00f3n, reconociendo la autonom\u00eda de la Iglesia para manejar sus archivos.A continuaci\u00f3n, se abri\u00f3 un espacio para preguntas e intercambio.Montserrat Gas Aixendri es catedr\u00e1tica en la Facultad de Derecho e Instituto de Estudios Superiores de la Familia de la Universitat Internacional de Catalunya. Es doctora en Derecho Can\u00f3nico por la Pontificia Universit\u00e1 della Santa Croce, y de Derecho Europeo por la Universidad Complutense de Madrid.\" \/>\n<meta property=\"og:url\" content=\"https:\/\/derechoyreligion-uc.urantiacos.cl\/en\/visita-de-dra-montserrat-gas-aixendri-al-centro\/\" \/>\n<meta property=\"og:site_name\" content=\"Centro UC Derecho y Religi\u00f3n\" \/>\n<meta property=\"article:published_time\" content=\"2024-11-14T03:00:00+00:00\" \/>\n<meta property=\"og:image\" content=\"https:\/\/derechoyreligion-uc.urantiacos.cl\/wp-content\/uploads\/2024\/11\/image4.jpeg\" \/>\n\t<meta property=\"og:image:width\" content=\"640\" \/>\n\t<meta property=\"og:image:height\" content=\"480\" \/>\n\t<meta property=\"og:image:type\" content=\"image\/jpeg\" \/>\n<meta name=\"author\" content=\"manadmin\" \/>\n<meta name=\"twitter:card\" content=\"summary_large_image\" \/>\n<meta name=\"twitter:label1\" content=\"Written by\" \/>\n\t<meta name=\"twitter:data1\" content=\"manadmin\" \/>\n\t<meta name=\"twitter:label2\" content=\"Est. reading time\" \/>\n\t<meta name=\"twitter:data2\" content=\"3 minutes\" \/>\n<script type=\"application\/ld+json\" class=\"yoast-schema-graph\">{\"@context\":\"https:\/\/schema.org\",\"@graph\":[{\"@type\":\"Article\",\"@id\":\"https:\/\/derechoyreligion-uc.urantiacos.cl\/en\/visita-de-dra-montserrat-gas-aixendri-al-centro\/#article\",\"isPartOf\":{\"@id\":\"https:\/\/derechoyreligion-uc.urantiacos.cl\/en\/visita-de-dra-montserrat-gas-aixendri-al-centro\/\"},\"author\":{\"name\":\"manadmin\",\"@id\":\"https:\/\/derechoyreligion-uc.urantiacos.cl\/en\/#\/schema\/person\/6cc7f593e2f49e3b770a06f63b58e3b1\"},\"headline\":\"Visita de Dra. Montserrat Gas-Aixendri al Centro\",\"datePublished\":\"2024-11-14T03:00:00+00:00\",\"mainEntityOfPage\":{\"@id\":\"https:\/\/derechoyreligion-uc.urantiacos.cl\/en\/visita-de-dra-montserrat-gas-aixendri-al-centro\/\"},\"wordCount\":594,\"image\":{\"@id\":\"https:\/\/derechoyreligion-uc.urantiacos.cl\/en\/visita-de-dra-montserrat-gas-aixendri-al-centro\/#primaryimage\"},\"thumbnailUrl\":\"https:\/\/derechoyreligion-uc.urantiacos.cl\/wp-content\/uploads\/2024\/11\/image4.jpeg\",\"articleSection\":[\"Noticias\"],\"inLanguage\":\"en-US\"},{\"@type\":\"WebPage\",\"@id\":\"https:\/\/derechoyreligion-uc.urantiacos.cl\/en\/visita-de-dra-montserrat-gas-aixendri-al-centro\/\",\"url\":\"https:\/\/derechoyreligion-uc.urantiacos.cl\/en\/visita-de-dra-montserrat-gas-aixendri-al-centro\/\",\"name\":\"Visita de Dra. Montserrat Gas-Aixendri al Centro - Centro UC Derecho y Religi\u00f3n\",\"isPartOf\":{\"@id\":\"https:\/\/derechoyreligion-uc.urantiacos.cl\/en\/#website\"},\"primaryImageOfPage\":{\"@id\":\"https:\/\/derechoyreligion-uc.urantiacos.cl\/en\/visita-de-dra-montserrat-gas-aixendri-al-centro\/#primaryimage\"},\"image\":{\"@id\":\"https:\/\/derechoyreligion-uc.urantiacos.cl\/en\/visita-de-dra-montserrat-gas-aixendri-al-centro\/#primaryimage\"},\"thumbnailUrl\":\"https:\/\/derechoyreligion-uc.urantiacos.cl\/wp-content\/uploads\/2024\/11\/image4.jpeg\",\"datePublished\":\"2024-11-14T03:00:00+00:00\",\"author\":{\"@id\":\"https:\/\/derechoyreligion-uc.urantiacos.cl\/en\/#\/schema\/person\/6cc7f593e2f49e3b770a06f63b58e3b1\"},\"breadcrumb\":{\"@id\":\"https:\/\/derechoyreligion-uc.urantiacos.cl\/en\/visita-de-dra-montserrat-gas-aixendri-al-centro\/#breadcrumb\"},\"inLanguage\":\"en-US\",\"potentialAction\":[{\"@type\":\"ReadAction\",\"target\":[\"https:\/\/derechoyreligion-uc.urantiacos.cl\/en\/visita-de-dra-montserrat-gas-aixendri-al-centro\/\"]}]},{\"@type\":\"ImageObject\",\"inLanguage\":\"en-US\",\"@id\":\"https:\/\/derechoyreligion-uc.urantiacos.cl\/en\/visita-de-dra-montserrat-gas-aixendri-al-centro\/#primaryimage\",\"url\":\"https:\/\/derechoyreligion-uc.urantiacos.cl\/wp-content\/uploads\/2024\/11\/image4.jpeg\",\"contentUrl\":\"https:\/\/derechoyreligion-uc.urantiacos.cl\/wp-content\/uploads\/2024\/11\/image4.jpeg\",\"width\":640,\"height\":480},{\"@type\":\"BreadcrumbList\",\"@id\":\"https:\/\/derechoyreligion-uc.urantiacos.cl\/en\/visita-de-dra-montserrat-gas-aixendri-al-centro\/#breadcrumb\",\"itemListElement\":[{\"@type\":\"ListItem\",\"position\":1,\"name\":\"Portada\",\"item\":\"https:\/\/derechoyreligion-uc.urantiacos.cl\/en\/\"},{\"@type\":\"ListItem\",\"position\":2,\"name\":\"Visita de Dra. Montserrat Gas-Aixendri al Centro\"}]},{\"@type\":\"WebSite\",\"@id\":\"https:\/\/derechoyreligion-uc.urantiacos.cl\/en\/#website\",\"url\":\"https:\/\/derechoyreligion-uc.urantiacos.cl\/en\/\",\"name\":\"Centro UC Derecho y Religi\u00f3n\",\"description\":\"\",\"potentialAction\":[{\"@type\":\"SearchAction\",\"target\":{\"@type\":\"EntryPoint\",\"urlTemplate\":\"https:\/\/derechoyreligion-uc.urantiacos.cl\/en\/?s={search_term_string}\"},\"query-input\":{\"@type\":\"PropertyValueSpecification\",\"valueRequired\":true,\"valueName\":\"search_term_string\"}}],\"inLanguage\":\"en-US\"},{\"@type\":\"Person\",\"@id\":\"https:\/\/derechoyreligion-uc.urantiacos.cl\/en\/#\/schema\/person\/6cc7f593e2f49e3b770a06f63b58e3b1\",\"name\":\"manadmin\",\"sameAs\":[\"https:\/\/derechoyreligion-uc.urantiacos.cl\"]}]}<\/script>\n<!-- \/ Yoast SEO plugin. -->","yoast_head_json":{"title":"Visita de Dra. Montserrat Gas-Aixendri al Centro - Centro UC Derecho y Religi\u00f3n","robots":{"index":"index","follow":"follow","max-snippet":"max-snippet:-1","max-image-preview":"max-image-preview:large","max-video-preview":"max-video-preview:-1"},"canonical":"https:\/\/derechoyreligion-uc.urantiacos.cl\/en\/visita-de-dra-montserrat-gas-aixendri-al-centro\/","og_locale":"en_US","og_type":"article","og_title":"Visita de Dra. Montserrat Gas-Aixendri al Centro - Centro UC Derecho y Religi\u00f3n","og_description":"El d\u00eda 6 de noviembre recibimos la visita de la profesora Dra. Montserrat Gas Aixendri, catedr\u00e1tica de Derecho Can\u00f3nico y Derecho Eclesi\u00e1stico del Estado de la Universidad Internacional de Catalu\u00f1a. En la Sala Allende Bascu\u00f1\u00e1n del edificio de la Facultad de Derecho, la profesora expuso ante un grupo de acad\u00e9micos, estudiantes y pasantes del Centro UC de Derecho y Religi\u00f3n sobre el tema \"Libertad Religiosa e Igualdad de G\u00e9nero\", en el contexto de la agenda 2030 de las Naciones Unidas.La profesora Gas se\u00f1al\u00f3 que el tema es parte de una investigaci\u00f3n financiada por el Ministerio de Universidades de Espa\u00f1a, que sit\u00faa la problem\u00e1tica en la pregunta de hasta qu\u00e9 punto el Estado puede imponer o puede establecer unos principios que afecten internamente a lo que llamamos autonom\u00eda de las confesiones religiosas.Como marco a su exposici\u00f3n, la profesora se\u00f1al\u00f3 los puntos que es dable identificar en la jurisprudencia del Tribunal Europeo de Derechos Humanos (TEDH) sobre la autonom\u00eda de los grupos religiosos, destacando el entendimiento que existe sobre la complementariedad que debe existir entre el ejercicio personal y colectivo del derecho de libertad religiosa; la libertad asociativa que asiste a las confesiones; y la neutralidad que debe presentar el Estado frente a la cuesti\u00f3n, sin realizar juicios de legitimidad de las creencias del grupo religioso.A continuaci\u00f3n, la Dra. Gas abord\u00f3 dos sentencias que reflejan tensiones que es posible visualizar entre la autonom\u00eda religiosa y la igualdad de g\u00e9nero. La primera de ellas, del Tribunal Superior Espa\u00f1ol que, debi\u00f3 conocer sobre una supuesta vulneraci\u00f3n del derecho a la igualdad y no discriminaci\u00f3n de la Constituci\u00f3n espa\u00f1ola que cometer\u00eda una Cofrad\u00eda en Santa Cruz de Tenerife (una asociaci\u00f3n can\u00f3nica), contra una mujer, al prever en su art\u00edculo 1\u00b0 de sus estatutos que su admisi\u00f3n \u00fanicamente era para varones, caso en el cual el tribunal de primera y segunda instancia de Tenerife, le hab\u00edan dado la raz\u00f3n a la mujer demandante, obligando a cambiar este punto de los estatutos en virtud del art\u00edculo 14 de la Constituci\u00f3n Espa\u00f1ola, que se refiere al principio de igualdad y no discriminaci\u00f3n. Sin embargo, el Tribunal Superior Espa\u00f1ol dio la raz\u00f3n a la Cofrad\u00eda y se\u00f1al\u00f3 que s\u00f3lo cabe considerar como discriminatorias la exclusi\u00f3n de una asociaci\u00f3n privada, en la medida que ostente una posici\u00f3n de dominio en el \u00e1mbito econ\u00f3mico, social, cultural o profesional, lo que no ocurre en este caso.La segunda sentencia, corresponde a la Corte Suprema de Argentina, en el caso \"Rueda con Arzobispado\". Una persona transg\u00e9nero solicit\u00f3 cancelar su inscripci\u00f3n de bautismo como var\u00f3n, y que se cambiara por la identidad femenina. La Iglesia dispuso hacer una anotaci\u00f3n marginal, pero no cancelar el registro de un hecho hist\u00f3rico. La Corte Suprema Argentina estim\u00f3 que la anotaci\u00f3n marginal era suficiente para satisfacer el derecho de no discriminaci\u00f3n, reconociendo la autonom\u00eda de la Iglesia para manejar sus archivos.A continuaci\u00f3n, se abri\u00f3 un espacio para preguntas e intercambio.Montserrat Gas Aixendri es catedr\u00e1tica en la Facultad de Derecho e Instituto de Estudios Superiores de la Familia de la Universitat Internacional de Catalunya. Es doctora en Derecho Can\u00f3nico por la Pontificia Universit\u00e1 della Santa Croce, y de Derecho Europeo por la Universidad Complutense de Madrid.","og_url":"https:\/\/derechoyreligion-uc.urantiacos.cl\/en\/visita-de-dra-montserrat-gas-aixendri-al-centro\/","og_site_name":"Centro UC Derecho y Religi\u00f3n","article_published_time":"2024-11-14T03:00:00+00:00","og_image":[{"width":640,"height":480,"url":"https:\/\/derechoyreligion-uc.urantiacos.cl\/wp-content\/uploads\/2024\/11\/image4.jpeg","type":"image\/jpeg"}],"author":"manadmin","twitter_card":"summary_large_image","twitter_misc":{"Written by":"manadmin","Est. reading time":"3 minutes"},"schema":{"@context":"https:\/\/schema.org","@graph":[{"@type":"Article","@id":"https:\/\/derechoyreligion-uc.urantiacos.cl\/en\/visita-de-dra-montserrat-gas-aixendri-al-centro\/#article","isPartOf":{"@id":"https:\/\/derechoyreligion-uc.urantiacos.cl\/en\/visita-de-dra-montserrat-gas-aixendri-al-centro\/"},"author":{"name":"manadmin","@id":"https:\/\/derechoyreligion-uc.urantiacos.cl\/en\/#\/schema\/person\/6cc7f593e2f49e3b770a06f63b58e3b1"},"headline":"Visita de Dra. Montserrat Gas-Aixendri al Centro","datePublished":"2024-11-14T03:00:00+00:00","mainEntityOfPage":{"@id":"https:\/\/derechoyreligion-uc.urantiacos.cl\/en\/visita-de-dra-montserrat-gas-aixendri-al-centro\/"},"wordCount":594,"image":{"@id":"https:\/\/derechoyreligion-uc.urantiacos.cl\/en\/visita-de-dra-montserrat-gas-aixendri-al-centro\/#primaryimage"},"thumbnailUrl":"https:\/\/derechoyreligion-uc.urantiacos.cl\/wp-content\/uploads\/2024\/11\/image4.jpeg","articleSection":["Noticias"],"inLanguage":"en-US"},{"@type":"WebPage","@id":"https:\/\/derechoyreligion-uc.urantiacos.cl\/en\/visita-de-dra-montserrat-gas-aixendri-al-centro\/","url":"https:\/\/derechoyreligion-uc.urantiacos.cl\/en\/visita-de-dra-montserrat-gas-aixendri-al-centro\/","name":"Visita de Dra. Montserrat Gas-Aixendri al Centro - Centro UC Derecho y Religi\u00f3n","isPartOf":{"@id":"https:\/\/derechoyreligion-uc.urantiacos.cl\/en\/#website"},"primaryImageOfPage":{"@id":"https:\/\/derechoyreligion-uc.urantiacos.cl\/en\/visita-de-dra-montserrat-gas-aixendri-al-centro\/#primaryimage"},"image":{"@id":"https:\/\/derechoyreligion-uc.urantiacos.cl\/en\/visita-de-dra-montserrat-gas-aixendri-al-centro\/#primaryimage"},"thumbnailUrl":"https:\/\/derechoyreligion-uc.urantiacos.cl\/wp-content\/uploads\/2024\/11\/image4.jpeg","datePublished":"2024-11-14T03:00:00+00:00","author":{"@id":"https:\/\/derechoyreligion-uc.urantiacos.cl\/en\/#\/schema\/person\/6cc7f593e2f49e3b770a06f63b58e3b1"},"breadcrumb":{"@id":"https:\/\/derechoyreligion-uc.urantiacos.cl\/en\/visita-de-dra-montserrat-gas-aixendri-al-centro\/#breadcrumb"},"inLanguage":"en-US","potentialAction":[{"@type":"ReadAction","target":["https:\/\/derechoyreligion-uc.urantiacos.cl\/en\/visita-de-dra-montserrat-gas-aixendri-al-centro\/"]}]},{"@type":"ImageObject","inLanguage":"en-US","@id":"https:\/\/derechoyreligion-uc.urantiacos.cl\/en\/visita-de-dra-montserrat-gas-aixendri-al-centro\/#primaryimage","url":"https:\/\/derechoyreligion-uc.urantiacos.cl\/wp-content\/uploads\/2024\/11\/image4.jpeg","contentUrl":"https:\/\/derechoyreligion-uc.urantiacos.cl\/wp-content\/uploads\/2024\/11\/image4.jpeg","width":640,"height":480},{"@type":"BreadcrumbList","@id":"https:\/\/derechoyreligion-uc.urantiacos.cl\/en\/visita-de-dra-montserrat-gas-aixendri-al-centro\/#breadcrumb","itemListElement":[{"@type":"ListItem","position":1,"name":"Portada","item":"https:\/\/derechoyreligion-uc.urantiacos.cl\/en\/"},{"@type":"ListItem","position":2,"name":"Visita de Dra. Montserrat Gas-Aixendri al Centro"}]},{"@type":"WebSite","@id":"https:\/\/derechoyreligion-uc.urantiacos.cl\/en\/#website","url":"https:\/\/derechoyreligion-uc.urantiacos.cl\/en\/","name":"Centro UC Derecho y Religi\u00f3n","description":"","potentialAction":[{"@type":"SearchAction","target":{"@type":"EntryPoint","urlTemplate":"https:\/\/derechoyreligion-uc.urantiacos.cl\/en\/?s={search_term_string}"},"query-input":{"@type":"PropertyValueSpecification","valueRequired":true,"valueName":"search_term_string"}}],"inLanguage":"en-US"},{"@type":"Person","@id":"https:\/\/derechoyreligion-uc.urantiacos.cl\/en\/#\/schema\/person\/6cc7f593e2f49e3b770a06f63b58e3b1","name":"manadmin","sameAs":["https:\/\/derechoyreligion-uc.urantiacos.cl"]}]}},"_links":{"self":[{"href":"https:\/\/derechoyreligion-uc.urantiacos.cl\/en\/wp-json\/wp\/v2\/posts\/1314","targetHints":{"allow":["GET"]}}],"collection":[{"href":"https:\/\/derechoyreligion-uc.urantiacos.cl\/en\/wp-json\/wp\/v2\/posts"}],"about":[{"href":"https:\/\/derechoyreligion-uc.urantiacos.cl\/en\/wp-json\/wp\/v2\/types\/post"}],"author":[{"embeddable":true,"href":"https:\/\/derechoyreligion-uc.urantiacos.cl\/en\/wp-json\/wp\/v2\/users\/1"}],"replies":[{"embeddable":true,"href":"https:\/\/derechoyreligion-uc.urantiacos.cl\/en\/wp-json\/wp\/v2\/comments?post=1314"}],"version-history":[{"count":0,"href":"https:\/\/derechoyreligion-uc.urantiacos.cl\/en\/wp-json\/wp\/v2\/posts\/1314\/revisions"}],"wp:featuredmedia":[{"embeddable":true,"href":"https:\/\/derechoyreligion-uc.urantiacos.cl\/en\/wp-json\/wp\/v2\/media\/1462"}],"wp:attachment":[{"href":"https:\/\/derechoyreligion-uc.urantiacos.cl\/en\/wp-json\/wp\/v2\/media?parent=1314"}],"wp:term":[{"taxonomy":"category","embeddable":true,"href":"https:\/\/derechoyreligion-uc.urantiacos.cl\/en\/wp-json\/wp\/v2\/categories?post=1314"},{"taxonomy":"post_tag","embeddable":true,"href":"https:\/\/derechoyreligion-uc.urantiacos.cl\/en\/wp-json\/wp\/v2\/tags?post=1314"}],"curies":[{"name":"wp","href":"https:\/\/api.w.org\/{rel}","templated":true}]}}