
{"id":1313,"date":"2025-01-16T00:00:00","date_gmt":"2025-01-16T03:00:00","guid":{"rendered":"https:\/\/derechoyreligion-uc.urantiacos.cl\/conversatorio-hallazgos-del-estudio-sobre-abusos-sexuales-en-la-iglesia-chilena-1960-2023\/"},"modified":"2025-01-16T00:00:00","modified_gmt":"2025-01-16T03:00:00","slug":"conversatorio-hallazgos-del-estudio-sobre-abusos-sexuales-en-la-iglesia-chilena-1960-2023","status":"publish","type":"post","link":"https:\/\/derechoyreligion-uc.urantiacos.cl\/en\/conversatorio-hallazgos-del-estudio-sobre-abusos-sexuales-en-la-iglesia-chilena-1960-2023\/","title":{"rendered":"Conversatorio: Hallazgos del Estudio sobre abusos sexuales en la Iglesia chilena 1960-2023"},"content":{"rendered":"<article>\n<span><br \/>\n<\/span><\/p>\n<p>\u00a0<img decoding=\"async\" alt=\"IMG 9432\" src=\"https:\/\/derechoyreligion-uc.urantiacos.cl\/wp-content\/uploads\/imagenes\/IMG_9432.JPG\"\/><\/p>\n<p>\u00a0<\/p>\n<p>El jueves 16 de enero de 2025, se realiz\u00f3 en la Pontificia Universidad Cat\u00f3lica de Chile el conversatorio &#8220;<strong>Hallazgos del Estudio sobre abusos sexuales en la Iglesia chilena 1960-2023<\/strong>&#8220;, a prop\u00f3sito del estudio encargado por el Consejo Nacional de Prevenci\u00f3n de Abusos de la Conferencia Episcopal de Chile (CECH) al <strong>Centro UC Derecho y Religi\u00f3n<\/strong>.<\/p>\n<p>El encuentro se inici\u00f3 con un saludo especial grabado del Rector Ignacio S\u00e1nchez que no pudo estar presente pero se refiri\u00f3 a la importancia del Estudio realizado. Agradeci\u00f3 el trabajo del equipo interdisciplinario de investigaci\u00f3n liderado por la profesora Ana Mar\u00eda Celis e integrado por Claudia Capella, Josefina Mart\u00ednez, Paulina Eyzaguirre, Constanza Garrido y Camila G\u00f3mez.<\/p>\n<p>Luego, la profesora Mar\u00eda Elena Pimstein, Directora del Centro UC Derecho y Religi\u00f3n, junto con un saludo de bienvenida, se refiri\u00f3 a los hallazgos del estudio chileno en relaci\u00f3n a los realizados en los \u00faltimos tres a\u00f1os por la Iglesia de Francia, Portugal y Espa\u00f1a. Destac\u00f3 que el estudio chileno identifica el abuso espiritual como lo caracter\u00edstico de los abusos en la Iglesia, que puede afectar tanto a menores como a mayores de edad y c\u00f3mo la Santa Sede cre\u00f3 en 2024 un grupo de estudio para que tipifique este delito.<\/p>\n<p>El presidente del Consejo Nacional de Prevenci\u00f3n de Abusos de la CECH y obispo de Copiap\u00f3, Monse\u00f1or Ricardo Morales, profundiz\u00f3 en c\u00f3mo quienes cometen los abusos sexuales en contextos eclesiales adem\u00e1s de atentar contra la pureza, usan el nombre de Dios y lo banalizan para atentar contra la dignidad de sus v\u00edctimas. Insisti\u00f3 en que el imperativo de prevenirlos y erradicarlos no solo es evang\u00e9lico, sino ante todo, moral.<\/p>\n<p>En esta instancia, bajo la moderaci\u00f3n de L<strong>uz M\u00e1rquez de la Plata<\/strong>, Directora de la Escuela de Periodismo de la Facultad de Comunicaciones UC, comentaron sobre los aportes del Estudio en materias cuantitativas y cualitativas <strong>Ana Mar\u00eda Ar\u00f3n<\/strong>, Directora Ejecutiva del Centro de Estudios y Promoci\u00f3n del Buen Trato UC; y <strong>Maurizio Sovino<\/strong>, Director de la Unidad Especializada en Delitos Sexuales y de Explotaci\u00f3n Sexual de la Fiscal\u00eda Nacional.<\/p>\n<p>Los panelistas comentaron sobre los aportes del Estudio en y se refirieron a las particularidades del abuso sexual en contextos eclesiales y los desaf\u00edos que permanecen pendientes en la materia. Comenzaron refiri\u00e9ndose a la valent\u00eda de quienes realizaron el estudio por la manera de entregar y analizar los datos, especialmente, en la parte cualitativa en la que describen did\u00e1ctica y descarnadamente c\u00f3mo el abuso sexual no es un hecho aislado sino un proceso. Ar\u00f3n destac\u00f3 c\u00f3mo el abuso es siempre relacional; el disvalor adicional que supone el abuso espiritual en el contexto de los abusos eclesiales; la necesidad de contextos sociales acogedores para efectos de reparar a las v\u00edctimas; el rol trascendental que cumple la formaci\u00f3n en todos los estamentos para fomentar la prevenci\u00f3n; y los desaf\u00edos institucionales tanto dentro de la Iglesia como dentro de la justicia estatal para enfrentarse a este fen\u00f3meno. Sovino en tanto, relev\u00f3 que el estudio cuente con la voz de los sobrevivientes; destac\u00f3 el complemento entre la justicia civil y can\u00f3nica; se\u00f1al\u00f3 que los abusos en la iglesia tienen un &#8220;plus&#8221;, en cuanto son efectuados por sacerdotes que han sido idolatrizados, de manera que el abuso tiene un impacto directo y profundo en la fe; se refiri\u00f3 tambi\u00e9n a c\u00f3mo tomar los testimonios de v\u00edctimas, cuidando no culpabilizarlas. Finalmente, se\u00f1al\u00f3 que el libro es un aporte al trabajo de la Fiscal\u00eda porque ayudar\u00e1 a explicar al tribunal lo que ocurre a los sobrevivientes de estos hechos y c\u00f3mo los impacta.<\/p>\n<p>La investigadora responsable del Estudio, profesora Ana Mar\u00eda Celis, cerr\u00f3 el encuentro agradeciendo, en primer lugar, la generosidad de los sobrevivientes que compartieron sus dolorosos testimonios. Finalmente agradeci\u00f3 el tiempo que se dieron los panelistas para leer y aportar reflexiones sustantivas que iluminan sobre c\u00f3mo fomentar la prevenci\u00f3n y el que nunca m\u00e1s se repitan estos delitos.<\/p>\n<p>\u00a0<\/p>\n<p>Galer\u00eda de im\u00e1genes<\/p>\n<p><img decoding=\"async\" alt=\"IMG 9360\" src=\"https:\/\/derechoyreligion-uc.urantiacos.cl\/wp-content\/uploads\/imagenes\/IMG_9360.JPG\"\/><\/p>\n<p>\u00a0<\/p>\n<p><img decoding=\"async\" alt=\"IMG 9406\" src=\"https:\/\/derechoyreligion-uc.urantiacos.cl\/wp-content\/uploads\/imagenes\/IMG_9406.JPG\"\/><\/p>\n<p>\u00a0<\/p>\n<p><img decoding=\"async\" alt=\"IMG 9392\" src=\"https:\/\/derechoyreligion-uc.urantiacos.cl\/wp-content\/uploads\/imagenes\/IMG_9392.JPG\"\/><\/p>\n<p>\u00a0<\/p>\n<p><img decoding=\"async\" alt=\"IMG 9431\" src=\"https:\/\/derechoyreligion-uc.urantiacos.cl\/wp-content\/uploads\/imagenes\/IMG_9431.JPG\"\/><\/p>\n<p>\u00a0<\/p>\n<p>\u00a0<\/p>\n<p>\u00a0<\/p>\n<p><img decoding=\"async\" alt=\"Hallazgos del Estudio sobre abusos sexuales en la iglesia en Chile 1960-2023 1 page-0001\" src=\"https:\/\/derechoyreligion-uc.urantiacos.cl\/wp-content\/uploads\/imagenes\/Hallazgos_del_Estudio_sobre_abusos_sexuales_en_la_iglesia_en_Chile_1960-2023_1_page-0001.jpg\"\/><\/p>\n<p>\u00a0<\/p>\n<p>\u00a0<\/p>\n<p><span>\u00a0 \u00a0 \u00a0 \u00a0 \u00a0 \u00a0 \u00a0 \u00a0 \u00a0 \u00a0 \u00a0 \u00a0 \u00a0 \u00a0 \u00a0\u00a0<\/span><\/p>\n<p>\u00a0<\/p>\n<p>\u00a0<\/p>\n<\/article>\n","protected":false},"excerpt":{"rendered":"<p>El jueves 16 de enero de 2025, se realiz\u00f3 en la Pontificia Universidad Cat\u00f3lica de Chile el conversatorio &#8220;Hallazgos del Estudio sobre abusos sexuales en la Iglesia chilena 1960-2023&#8221;, a prop\u00f3sito del estudio encargado por el Consejo Nacional de Prevenci\u00f3n de Abusos de la Conferencia Episcopal de Chile (CECH) alCentro UC Derecho y Religi\u00f3n.<\/p>\n","protected":false},"author":1,"featured_media":1460,"comment_status":"","ping_status":"","sticky":false,"template":"","format":"standard","meta":{"_acf_changed":false,"footnotes":""},"categories":[1],"tags":[],"class_list":["post-1313","post","type-post","status-publish","format-standard","has-post-thumbnail","hentry","category-noticias"],"acf":[],"yoast_head":"<!-- This site is optimized with the Yoast SEO plugin v27.1.1 - https:\/\/yoast.com\/product\/yoast-seo-wordpress\/ -->\n<title>Conversatorio: Hallazgos del Estudio sobre abusos sexuales en la Iglesia chilena 1960-2023 - Centro UC Derecho y Religi\u00f3n<\/title>\n<meta name=\"robots\" content=\"index, follow, max-snippet:-1, max-image-preview:large, max-video-preview:-1\" \/>\n<link rel=\"canonical\" href=\"https:\/\/derechoyreligion-uc.urantiacos.cl\/en\/conversatorio-hallazgos-del-estudio-sobre-abusos-sexuales-en-la-iglesia-chilena-1960-2023\/\" \/>\n<meta property=\"og:locale\" content=\"en_US\" \/>\n<meta property=\"og:type\" content=\"article\" \/>\n<meta property=\"og:title\" content=\"Conversatorio: Hallazgos del Estudio sobre abusos sexuales en la Iglesia chilena 1960-2023 - Centro UC Derecho y Religi\u00f3n\" \/>\n<meta property=\"og:description\" content=\"El jueves 16 de enero de 2025, se realiz\u00f3 en la Pontificia Universidad Cat\u00f3lica de Chile el conversatorio &quot;Hallazgos del Estudio sobre abusos sexuales en la Iglesia chilena 1960-2023&quot;, a prop\u00f3sito del estudio encargado por el Consejo Nacional de Prevenci\u00f3n de Abusos de la Conferencia Episcopal de Chile (CECH) alCentro UC Derecho y Religi\u00f3n.\" \/>\n<meta property=\"og:url\" content=\"https:\/\/derechoyreligion-uc.urantiacos.cl\/en\/conversatorio-hallazgos-del-estudio-sobre-abusos-sexuales-en-la-iglesia-chilena-1960-2023\/\" \/>\n<meta property=\"og:site_name\" content=\"Centro UC Derecho y Religi\u00f3n\" \/>\n<meta property=\"article:published_time\" content=\"2025-01-16T03:00:00+00:00\" \/>\n<meta property=\"og:image\" content=\"https:\/\/derechoyreligion-uc.urantiacos.cl\/wp-content\/uploads\/2025\/01\/IMG_9432-scaled.jpg\" \/>\n\t<meta property=\"og:image:width\" content=\"2560\" \/>\n\t<meta property=\"og:image:height\" content=\"1707\" \/>\n\t<meta property=\"og:image:type\" content=\"image\/jpeg\" \/>\n<meta name=\"author\" content=\"manadmin\" \/>\n<meta name=\"twitter:card\" content=\"summary_large_image\" \/>\n<meta name=\"twitter:label1\" content=\"Written by\" \/>\n\t<meta name=\"twitter:data1\" content=\"manadmin\" \/>\n\t<meta name=\"twitter:label2\" content=\"Est. reading time\" \/>\n\t<meta name=\"twitter:data2\" content=\"3 minutes\" \/>\n<script type=\"application\/ld+json\" class=\"yoast-schema-graph\">{\"@context\":\"https:\/\/schema.org\",\"@graph\":[{\"@type\":\"Article\",\"@id\":\"https:\/\/derechoyreligion-uc.urantiacos.cl\/en\/conversatorio-hallazgos-del-estudio-sobre-abusos-sexuales-en-la-iglesia-chilena-1960-2023\/#article\",\"isPartOf\":{\"@id\":\"https:\/\/derechoyreligion-uc.urantiacos.cl\/en\/conversatorio-hallazgos-del-estudio-sobre-abusos-sexuales-en-la-iglesia-chilena-1960-2023\/\"},\"author\":{\"name\":\"manadmin\",\"@id\":\"https:\/\/derechoyreligion-uc.urantiacos.cl\/en\/#\/schema\/person\/6cc7f593e2f49e3b770a06f63b58e3b1\"},\"headline\":\"Conversatorio: Hallazgos del Estudio sobre abusos sexuales en la Iglesia chilena 1960-2023\",\"datePublished\":\"2025-01-16T03:00:00+00:00\",\"mainEntityOfPage\":{\"@id\":\"https:\/\/derechoyreligion-uc.urantiacos.cl\/en\/conversatorio-hallazgos-del-estudio-sobre-abusos-sexuales-en-la-iglesia-chilena-1960-2023\/\"},\"wordCount\":710,\"image\":{\"@id\":\"https:\/\/derechoyreligion-uc.urantiacos.cl\/en\/conversatorio-hallazgos-del-estudio-sobre-abusos-sexuales-en-la-iglesia-chilena-1960-2023\/#primaryimage\"},\"thumbnailUrl\":\"https:\/\/derechoyreligion-uc.urantiacos.cl\/wp-content\/uploads\/2025\/01\/IMG_9432-scaled.jpg\",\"articleSection\":[\"Noticias\"],\"inLanguage\":\"en-US\"},{\"@type\":\"WebPage\",\"@id\":\"https:\/\/derechoyreligion-uc.urantiacos.cl\/en\/conversatorio-hallazgos-del-estudio-sobre-abusos-sexuales-en-la-iglesia-chilena-1960-2023\/\",\"url\":\"https:\/\/derechoyreligion-uc.urantiacos.cl\/en\/conversatorio-hallazgos-del-estudio-sobre-abusos-sexuales-en-la-iglesia-chilena-1960-2023\/\",\"name\":\"Conversatorio: Hallazgos del Estudio sobre abusos sexuales en la Iglesia chilena 1960-2023 - Centro UC Derecho y Religi\u00f3n\",\"isPartOf\":{\"@id\":\"https:\/\/derechoyreligion-uc.urantiacos.cl\/en\/#website\"},\"primaryImageOfPage\":{\"@id\":\"https:\/\/derechoyreligion-uc.urantiacos.cl\/en\/conversatorio-hallazgos-del-estudio-sobre-abusos-sexuales-en-la-iglesia-chilena-1960-2023\/#primaryimage\"},\"image\":{\"@id\":\"https:\/\/derechoyreligion-uc.urantiacos.cl\/en\/conversatorio-hallazgos-del-estudio-sobre-abusos-sexuales-en-la-iglesia-chilena-1960-2023\/#primaryimage\"},\"thumbnailUrl\":\"https:\/\/derechoyreligion-uc.urantiacos.cl\/wp-content\/uploads\/2025\/01\/IMG_9432-scaled.jpg\",\"datePublished\":\"2025-01-16T03:00:00+00:00\",\"author\":{\"@id\":\"https:\/\/derechoyreligion-uc.urantiacos.cl\/en\/#\/schema\/person\/6cc7f593e2f49e3b770a06f63b58e3b1\"},\"breadcrumb\":{\"@id\":\"https:\/\/derechoyreligion-uc.urantiacos.cl\/en\/conversatorio-hallazgos-del-estudio-sobre-abusos-sexuales-en-la-iglesia-chilena-1960-2023\/#breadcrumb\"},\"inLanguage\":\"en-US\",\"potentialAction\":[{\"@type\":\"ReadAction\",\"target\":[\"https:\/\/derechoyreligion-uc.urantiacos.cl\/en\/conversatorio-hallazgos-del-estudio-sobre-abusos-sexuales-en-la-iglesia-chilena-1960-2023\/\"]}]},{\"@type\":\"ImageObject\",\"inLanguage\":\"en-US\",\"@id\":\"https:\/\/derechoyreligion-uc.urantiacos.cl\/en\/conversatorio-hallazgos-del-estudio-sobre-abusos-sexuales-en-la-iglesia-chilena-1960-2023\/#primaryimage\",\"url\":\"https:\/\/derechoyreligion-uc.urantiacos.cl\/wp-content\/uploads\/2025\/01\/IMG_9432-scaled.jpg\",\"contentUrl\":\"https:\/\/derechoyreligion-uc.urantiacos.cl\/wp-content\/uploads\/2025\/01\/IMG_9432-scaled.jpg\",\"width\":2560,\"height\":1707},{\"@type\":\"BreadcrumbList\",\"@id\":\"https:\/\/derechoyreligion-uc.urantiacos.cl\/en\/conversatorio-hallazgos-del-estudio-sobre-abusos-sexuales-en-la-iglesia-chilena-1960-2023\/#breadcrumb\",\"itemListElement\":[{\"@type\":\"ListItem\",\"position\":1,\"name\":\"Portada\",\"item\":\"https:\/\/derechoyreligion-uc.urantiacos.cl\/en\/\"},{\"@type\":\"ListItem\",\"position\":2,\"name\":\"Conversatorio: Hallazgos del Estudio sobre abusos sexuales en la Iglesia chilena 1960-2023\"}]},{\"@type\":\"WebSite\",\"@id\":\"https:\/\/derechoyreligion-uc.urantiacos.cl\/en\/#website\",\"url\":\"https:\/\/derechoyreligion-uc.urantiacos.cl\/en\/\",\"name\":\"Centro UC Derecho y Religi\u00f3n\",\"description\":\"\",\"potentialAction\":[{\"@type\":\"SearchAction\",\"target\":{\"@type\":\"EntryPoint\",\"urlTemplate\":\"https:\/\/derechoyreligion-uc.urantiacos.cl\/en\/?s={search_term_string}\"},\"query-input\":{\"@type\":\"PropertyValueSpecification\",\"valueRequired\":true,\"valueName\":\"search_term_string\"}}],\"inLanguage\":\"en-US\"},{\"@type\":\"Person\",\"@id\":\"https:\/\/derechoyreligion-uc.urantiacos.cl\/en\/#\/schema\/person\/6cc7f593e2f49e3b770a06f63b58e3b1\",\"name\":\"manadmin\",\"sameAs\":[\"https:\/\/derechoyreligion-uc.urantiacos.cl\"]}]}<\/script>\n<!-- \/ Yoast SEO plugin. -->","yoast_head_json":{"title":"Conversatorio: Hallazgos del Estudio sobre abusos sexuales en la Iglesia chilena 1960-2023 - Centro UC Derecho y Religi\u00f3n","robots":{"index":"index","follow":"follow","max-snippet":"max-snippet:-1","max-image-preview":"max-image-preview:large","max-video-preview":"max-video-preview:-1"},"canonical":"https:\/\/derechoyreligion-uc.urantiacos.cl\/en\/conversatorio-hallazgos-del-estudio-sobre-abusos-sexuales-en-la-iglesia-chilena-1960-2023\/","og_locale":"en_US","og_type":"article","og_title":"Conversatorio: Hallazgos del Estudio sobre abusos sexuales en la Iglesia chilena 1960-2023 - Centro UC Derecho y Religi\u00f3n","og_description":"El jueves 16 de enero de 2025, se realiz\u00f3 en la Pontificia Universidad Cat\u00f3lica de Chile el conversatorio \"Hallazgos del Estudio sobre abusos sexuales en la Iglesia chilena 1960-2023\", a prop\u00f3sito del estudio encargado por el Consejo Nacional de Prevenci\u00f3n de Abusos de la Conferencia Episcopal de Chile (CECH) alCentro UC Derecho y Religi\u00f3n.","og_url":"https:\/\/derechoyreligion-uc.urantiacos.cl\/en\/conversatorio-hallazgos-del-estudio-sobre-abusos-sexuales-en-la-iglesia-chilena-1960-2023\/","og_site_name":"Centro UC Derecho y Religi\u00f3n","article_published_time":"2025-01-16T03:00:00+00:00","og_image":[{"width":2560,"height":1707,"url":"https:\/\/derechoyreligion-uc.urantiacos.cl\/wp-content\/uploads\/2025\/01\/IMG_9432-scaled.jpg","type":"image\/jpeg"}],"author":"manadmin","twitter_card":"summary_large_image","twitter_misc":{"Written by":"manadmin","Est. reading time":"3 minutes"},"schema":{"@context":"https:\/\/schema.org","@graph":[{"@type":"Article","@id":"https:\/\/derechoyreligion-uc.urantiacos.cl\/en\/conversatorio-hallazgos-del-estudio-sobre-abusos-sexuales-en-la-iglesia-chilena-1960-2023\/#article","isPartOf":{"@id":"https:\/\/derechoyreligion-uc.urantiacos.cl\/en\/conversatorio-hallazgos-del-estudio-sobre-abusos-sexuales-en-la-iglesia-chilena-1960-2023\/"},"author":{"name":"manadmin","@id":"https:\/\/derechoyreligion-uc.urantiacos.cl\/en\/#\/schema\/person\/6cc7f593e2f49e3b770a06f63b58e3b1"},"headline":"Conversatorio: Hallazgos del Estudio sobre abusos sexuales en la Iglesia chilena 1960-2023","datePublished":"2025-01-16T03:00:00+00:00","mainEntityOfPage":{"@id":"https:\/\/derechoyreligion-uc.urantiacos.cl\/en\/conversatorio-hallazgos-del-estudio-sobre-abusos-sexuales-en-la-iglesia-chilena-1960-2023\/"},"wordCount":710,"image":{"@id":"https:\/\/derechoyreligion-uc.urantiacos.cl\/en\/conversatorio-hallazgos-del-estudio-sobre-abusos-sexuales-en-la-iglesia-chilena-1960-2023\/#primaryimage"},"thumbnailUrl":"https:\/\/derechoyreligion-uc.urantiacos.cl\/wp-content\/uploads\/2025\/01\/IMG_9432-scaled.jpg","articleSection":["Noticias"],"inLanguage":"en-US"},{"@type":"WebPage","@id":"https:\/\/derechoyreligion-uc.urantiacos.cl\/en\/conversatorio-hallazgos-del-estudio-sobre-abusos-sexuales-en-la-iglesia-chilena-1960-2023\/","url":"https:\/\/derechoyreligion-uc.urantiacos.cl\/en\/conversatorio-hallazgos-del-estudio-sobre-abusos-sexuales-en-la-iglesia-chilena-1960-2023\/","name":"Conversatorio: Hallazgos del Estudio sobre abusos sexuales en la Iglesia chilena 1960-2023 - Centro UC Derecho y Religi\u00f3n","isPartOf":{"@id":"https:\/\/derechoyreligion-uc.urantiacos.cl\/en\/#website"},"primaryImageOfPage":{"@id":"https:\/\/derechoyreligion-uc.urantiacos.cl\/en\/conversatorio-hallazgos-del-estudio-sobre-abusos-sexuales-en-la-iglesia-chilena-1960-2023\/#primaryimage"},"image":{"@id":"https:\/\/derechoyreligion-uc.urantiacos.cl\/en\/conversatorio-hallazgos-del-estudio-sobre-abusos-sexuales-en-la-iglesia-chilena-1960-2023\/#primaryimage"},"thumbnailUrl":"https:\/\/derechoyreligion-uc.urantiacos.cl\/wp-content\/uploads\/2025\/01\/IMG_9432-scaled.jpg","datePublished":"2025-01-16T03:00:00+00:00","author":{"@id":"https:\/\/derechoyreligion-uc.urantiacos.cl\/en\/#\/schema\/person\/6cc7f593e2f49e3b770a06f63b58e3b1"},"breadcrumb":{"@id":"https:\/\/derechoyreligion-uc.urantiacos.cl\/en\/conversatorio-hallazgos-del-estudio-sobre-abusos-sexuales-en-la-iglesia-chilena-1960-2023\/#breadcrumb"},"inLanguage":"en-US","potentialAction":[{"@type":"ReadAction","target":["https:\/\/derechoyreligion-uc.urantiacos.cl\/en\/conversatorio-hallazgos-del-estudio-sobre-abusos-sexuales-en-la-iglesia-chilena-1960-2023\/"]}]},{"@type":"ImageObject","inLanguage":"en-US","@id":"https:\/\/derechoyreligion-uc.urantiacos.cl\/en\/conversatorio-hallazgos-del-estudio-sobre-abusos-sexuales-en-la-iglesia-chilena-1960-2023\/#primaryimage","url":"https:\/\/derechoyreligion-uc.urantiacos.cl\/wp-content\/uploads\/2025\/01\/IMG_9432-scaled.jpg","contentUrl":"https:\/\/derechoyreligion-uc.urantiacos.cl\/wp-content\/uploads\/2025\/01\/IMG_9432-scaled.jpg","width":2560,"height":1707},{"@type":"BreadcrumbList","@id":"https:\/\/derechoyreligion-uc.urantiacos.cl\/en\/conversatorio-hallazgos-del-estudio-sobre-abusos-sexuales-en-la-iglesia-chilena-1960-2023\/#breadcrumb","itemListElement":[{"@type":"ListItem","position":1,"name":"Portada","item":"https:\/\/derechoyreligion-uc.urantiacos.cl\/en\/"},{"@type":"ListItem","position":2,"name":"Conversatorio: Hallazgos del Estudio sobre abusos sexuales en la Iglesia chilena 1960-2023"}]},{"@type":"WebSite","@id":"https:\/\/derechoyreligion-uc.urantiacos.cl\/en\/#website","url":"https:\/\/derechoyreligion-uc.urantiacos.cl\/en\/","name":"Centro UC Derecho y Religi\u00f3n","description":"","potentialAction":[{"@type":"SearchAction","target":{"@type":"EntryPoint","urlTemplate":"https:\/\/derechoyreligion-uc.urantiacos.cl\/en\/?s={search_term_string}"},"query-input":{"@type":"PropertyValueSpecification","valueRequired":true,"valueName":"search_term_string"}}],"inLanguage":"en-US"},{"@type":"Person","@id":"https:\/\/derechoyreligion-uc.urantiacos.cl\/en\/#\/schema\/person\/6cc7f593e2f49e3b770a06f63b58e3b1","name":"manadmin","sameAs":["https:\/\/derechoyreligion-uc.urantiacos.cl"]}]}},"_links":{"self":[{"href":"https:\/\/derechoyreligion-uc.urantiacos.cl\/en\/wp-json\/wp\/v2\/posts\/1313","targetHints":{"allow":["GET"]}}],"collection":[{"href":"https:\/\/derechoyreligion-uc.urantiacos.cl\/en\/wp-json\/wp\/v2\/posts"}],"about":[{"href":"https:\/\/derechoyreligion-uc.urantiacos.cl\/en\/wp-json\/wp\/v2\/types\/post"}],"author":[{"embeddable":true,"href":"https:\/\/derechoyreligion-uc.urantiacos.cl\/en\/wp-json\/wp\/v2\/users\/1"}],"replies":[{"embeddable":true,"href":"https:\/\/derechoyreligion-uc.urantiacos.cl\/en\/wp-json\/wp\/v2\/comments?post=1313"}],"version-history":[{"count":0,"href":"https:\/\/derechoyreligion-uc.urantiacos.cl\/en\/wp-json\/wp\/v2\/posts\/1313\/revisions"}],"wp:featuredmedia":[{"embeddable":true,"href":"https:\/\/derechoyreligion-uc.urantiacos.cl\/en\/wp-json\/wp\/v2\/media\/1460"}],"wp:attachment":[{"href":"https:\/\/derechoyreligion-uc.urantiacos.cl\/en\/wp-json\/wp\/v2\/media?parent=1313"}],"wp:term":[{"taxonomy":"category","embeddable":true,"href":"https:\/\/derechoyreligion-uc.urantiacos.cl\/en\/wp-json\/wp\/v2\/categories?post=1313"},{"taxonomy":"post_tag","embeddable":true,"href":"https:\/\/derechoyreligion-uc.urantiacos.cl\/en\/wp-json\/wp\/v2\/tags?post=1313"}],"curies":[{"name":"wp","href":"https:\/\/api.w.org\/{rel}","templated":true}]}}