
{"id":1311,"date":"2025-04-14T00:00:00","date_gmt":"2025-04-14T04:00:00","guid":{"rendered":"https:\/\/derechoyreligion-uc.urantiacos.cl\/extendimos-el-plazo-abiertas-postulaciones-a-pasantias-2025\/"},"modified":"2025-04-14T00:00:00","modified_gmt":"2025-04-14T04:00:00","slug":"extendimos-el-plazo-abiertas-postulaciones-a-pasantias-2025","status":"publish","type":"post","link":"https:\/\/derechoyreligion-uc.urantiacos.cl\/en\/extendimos-el-plazo-abiertas-postulaciones-a-pasantias-2025\/","title":{"rendered":"Extendimos el plazo! Abiertas postulaciones a Pasant\u00edas 2025"},"content":{"rendered":"<article>\n<span><br \/>\n<\/span><\/p>\n<p>\u00a0<\/p>\n<p><strong>Plazo para postular: 15 de mayo de 2025<\/strong><\/p>\n<p>\u00a0<\/p>\n<p><strong>Pueden postular todos quienes tengan inter\u00e9s, ya sea que profesen o no alguna religi\u00f3n<\/strong><\/p>\n<p>\u00a0<\/p>\n<p>\u00a0<\/p>\n<p><img decoding=\"async\" alt=\"Pasantia palabra2\" src=\"https:\/\/derechoyreligion-uc.urantiacos.cl\/wp-content\/uploads\/imagenes\/Pasantia_palabra2.png\"\/><\/p>\n<p>\u00a0<\/p>\n<p><strong><span>PROGRAMA DE PASANT\u00cdA EN CENTRO UC\u00a0DERECHO Y RELIGI\u00d3N \u2013 1\u00b0 SEMESTRE 2025<\/span><\/strong><\/p>\n<p>\u00a0<\/p>\n<p><span><strong><span>PRESENTACI\u00d3N<\/span><\/strong><\/span><\/p>\n<p>\u00a0<\/p>\n<p>El <strong>Centro UC Derecho y Religi\u00f3n<\/strong> de la Facultad de Derecho de la Pontificia Universidad de Chile se dedica al\u00a0<strong>estudio de materias que abordan el derecho y la religi\u00f3n desde la perspectiva de la libertad religiosa<\/strong>. Esto Incluye el estudio de las relaciones entre las entidades religiosas y el Estado, ya que, al tratarse de un derecho\u00a0humano fundamental consagrado en los tratados internacionales, este \u00faltimo debe procurar su respeto y\u00a0promoci\u00f3n. De tal manera, son de inter\u00e9s del Centro asuntos tales como: religi\u00f3n y educaci\u00f3n; ense\u00f1anza de\u00a0la religi\u00f3n en las escuelas p\u00fablicas; admisi\u00f3n de estudiantes en base a proyectos educativos; objeci\u00f3n de\u00a0conciencia; asistencia espiritual en recintos especiales, como FFAA, hospitales y c\u00e1rceles; religi\u00f3n y derecho\u00a0del trabajo; patrimonio cultural religioso; reconocimiento de s\u00edmbolos religiosos; la autonom\u00eda y la auto\u00a0organizaci\u00f3n interna de las iglesias y de las organizaciones sociales de orientaci\u00f3n religiosa (escuelas,\u00a0hospitales, etc.); estatuto jur\u00eddico de las comunidades religiosas; estatuto jur\u00eddico de los ministros de culto;\u00a0reconocimiento de los actos de culto; financiamiento de las confesiones religiosas; estudio y an\u00e1lisis cr\u00edtico\u00a0del Derecho Eclesi\u00e1stico (normas jur\u00eddicas emanadas del Estado que se refieren al fen\u00f3meno religioso);\u00a0acuerdos entre Estado y confesiones religiosas; entre otros.<\/p>\n<p>El Centro UC Derecho y Religi\u00f3n desde sus inicios en 2005 ha contado con la generosa colaboraci\u00f3n de<br \/>alumnos de la Facultad de Derecho de la Pontificia Universidad Cat\u00f3lica de Chile. Con el transcurso del tiempo,\u00a0dicha ayuda se hizo m\u00e1s espor\u00e1dica, se requiri\u00f3 mayor especializaci\u00f3n, y estabilidad de los colaboradores con\u00a0un t\u00edtulo profesional.<\/p>\n<p>En 2021, se implement\u00f3 un Programa de Pasant\u00edas con un doble prop\u00f3sito: contar con la ayuda necesaria en<br \/>todos los \u00e1mbitos en los que el Centro desarrolla su quehacer, y las de gesti\u00f3n para desarrollarlas y, al mismo\u00a0tiempo, contribuir en la formaci\u00f3n y experiencia de los alumnos, a trav\u00e9s del seguimiento de los encargos,\u00a0retroalimentaci\u00f3n e intercambio entre los miembros del Centro o gracias a actividades de extensi\u00f3n.<\/p>\n<p>El Programa de Pasantes busca promover el trabajo interdisciplinario, entrenando y capacitando a alumnos<br \/>de distintas disciplinas a quienes les interese profundizar \u2013desde la suya- en materias relacionadas con el<br \/>derecho y la religi\u00f3n. Lo anterior se vincula con la investigaci\u00f3n, organizaci\u00f3n de la informaci\u00f3n, difusi\u00f3n,<br \/>educaci\u00f3n continua, labores administrativas, destrezas en redes sociales, entre otras.<\/p>\n<p>\u00a0<\/p>\n<p>Las convocatorias se realizan en marzo y julio de cada a\u00f1o, sin perjuicio de que se admita la<br \/>postulaci\u00f3n en otro momento en la medida que haya vacantes. Podr\u00e1n postular estudiantes y egresados de<br \/>otras universidades, pero tendr\u00e1n preferencia los de la Pontificia Universidad Cat\u00f3lica de Chile.<\/p>\n<p>\u00a0<\/p>\n<p><strong><span>CARACTER\u00cdSTICAS DE LA PASANT\u00cdA<\/span><\/strong><\/p>\n<p>1. La pasant\u00eda consiste en la realizaci\u00f3n de las tareas encomendadas por el profesor gu\u00eda, en el proyecto<br \/>o proyectos al que sea asignado el pasante. Dependiendo de la naturaleza del proyecto, puede<br \/>consistir en b\u00fasqueda, identificaci\u00f3n y fichaje de informaci\u00f3n; revisi\u00f3n de normativa, jurisprudencia<br \/>y bibliograf\u00eda; proponer sistematizaci\u00f3n; elaboraci\u00f3n de documentos; colaboraci\u00f3n en dise\u00f1o de<br \/>bases de datos y alimentarlas con informaci\u00f3n; planificaci\u00f3n y divulgaci\u00f3n de actividades acad\u00e9micas;<br \/>elaboraci\u00f3n y organizaci\u00f3n de archivos; edici\u00f3n en revista digital; en general, colaborar en lo que<br \/>requiera el proyecto. El 1er semestre de 2025 tendr\u00e1 como objetivo principal la investigaci\u00f3n y colaboraci\u00f3n para la celebraci\u00f3n de los 20 a\u00f1os del Centro que tendr\u00e1 lugar en octubre.<br \/>2. Tambi\u00e9n podr\u00e1 rotar entre distintas tareas, dependiendo de la naturaleza y duraci\u00f3n de las mismas.<br \/>3. Colaborar en aspectos administrativos de las dos publicaciones electr\u00f3nicas del Centro: Bolet\u00edn<br \/>Jur\u00eddico mensual del Observatorio de Libertad Religiosa de Latinoam\u00e9rica y el Caribe y, Revista<br \/>Latinoamericana de Derecho y Religi\u00f3n.<br \/>4. Coordinar actividades de extensi\u00f3n del Centro, contactos con redes internacionales, redes sociales,<br \/>etc.<br \/>5. Para la realizaci\u00f3n de las tareas mencionadas, se espera que los pasantes colaboren pro bono durante<br \/>un per\u00edodo de seis meses con dedicaci\u00f3n de cinco horas a la semana \u2013 en horario flexible\u2013, incluyendo<br \/>una reuni\u00f3n semanal a fijar con el profesor gu\u00eda. La Pasant\u00eda puede ser renovable por una vez. Al<br \/>finalizar la pasant\u00eda, se entregar\u00e1 un certificado acreditando su participaci\u00f3n en la misma como en<br \/>los documentos publicados o actividades realizadas en el Centro UC Derecho y Religi\u00f3n, seg\u00fan<br \/>corresponda. Si por razones de fuerza mayor necesitan interrumpir el per\u00edodo se debe completar el<br \/>mismo a fin de obtener el certificado. En la medida de lo posible, los pasantes pasar\u00e1n por al menos<br \/>dos tareas durante el per\u00edodo de la pasant\u00eda.<\/p>\n<p>\u00a0<\/p>\n<p><span><strong><span>REQUISITOS<\/span><\/strong><\/span><\/p>\n<p>1. Tener la calidad de egresado o alumno regular.<br \/>1. Haber aprobado favorablemente determinados cursos. En el caso de estudiantes de<br \/>Derecho: Derecho Constitucional; Derecho administrativo; Derecho Can\u00f3nico o alg\u00fan curso<br \/>optativo en materia de libertad religiosa o las relaciones institucionales entre el Estado y las<br \/>organizaciones religiosas. En el caso de los estudiantes de Comunicaciones: Taller de<br \/>Periodismo en Prensa; Narraci\u00f3n Interactiva y\/o \u00c9tica de las comunicaciones. En el caso de<br \/>otras carreras se evaluar\u00e1 individualmente.<br \/>2. Tener promedio de notas de al menos 5,5 en alguno de los cursos mencionados.<br \/>3. Presentar curriculum vitae y carta de motivaci\u00f3n personal. Fundamentar el inter\u00e9s por<br \/>profundizar en las materias del Centro. Indicar si tiene preferencia por alguna de las \u00e1reas<br \/>de trabajo ofrecidas.<br \/>4. Enviar los antecedentes a la coordinadora del Centro, Paulina Eyzaguirre:\u00a0<span>Esta direcci\u00f3n de correo electr\u00f3nico est\u00e1 siendo protegida contra los robots de spam. Necesita tener JavaScript habilitado para poder verlo.<\/span><br \/>5. <strong>Plazo para postular: hasta 15 de mayo de 2025.<\/strong><br \/>6. Los postulantes que cumplan con los requisitos ser\u00e1n citados a una entrevista.<br \/>7. Una vez aceptado, deber\u00e1 firmar un compromiso de confidencialidad.<\/p>\n<p>\u00a0<\/p>\n<p><strong><span>MODALIDAD DE TRABAJO<\/span><\/strong><\/p>\n<p>Para realizar su trabajo, los pasantes pueden realizarlo de manera no presencial en aquellos horarios<br \/>compatibles con sus otras obligaciones.<br \/>Para su trabajo, cada pasante debe utilizar su propio computador. Los archivos se trabajan en Drives<br \/>compartidos a los que acceden luego de firmar el compromiso de confidencialidad atendido tambi\u00e9n el<br \/>C\u00f3digo de Honor de la Pontificia Universidad Cat\u00f3lica de Chile. Cada colaborador no deber\u00e1 utilizar la<br \/>informaci\u00f3n obtenida durante la pasant\u00eda para fines personales. En caso de necesitarla para un fin<br \/>espec\u00edfico, deber\u00e1 solicitarlo por escrito. La respuesta tambi\u00e9n se le dar\u00e1 por escrito.<br \/>En la medida de lo posible habr\u00e1 un(a) Coordinador(a) de Pasantes a fin de facilitar el trabajo de cada uno,<br \/>identificar sus necesidades, proveer con los materiales que requieran, resolver sus dudas, etc. y mantener la<br \/>debida comunicaci\u00f3n con el Consejo Directivo del Centro.<\/p>\n<p>\u00a0<\/p>\n<\/article>\n","protected":false},"excerpt":{"rendered":"<p>Plazo para postular: 15 de mayo de 2025<\/p>\n","protected":false},"author":1,"featured_media":1459,"comment_status":"","ping_status":"","sticky":false,"template":"","format":"standard","meta":{"_acf_changed":false,"footnotes":""},"categories":[1],"tags":[],"class_list":["post-1311","post","type-post","status-publish","format-standard","has-post-thumbnail","hentry","category-noticias"],"acf":[],"yoast_head":"<!-- This site is optimized with the Yoast SEO plugin v27.1.1 - https:\/\/yoast.com\/product\/yoast-seo-wordpress\/ -->\n<title>Extendimos el plazo! Abiertas postulaciones a Pasant\u00edas 2025 - Centro UC Derecho y Religi\u00f3n<\/title>\n<meta name=\"robots\" content=\"index, follow, max-snippet:-1, max-image-preview:large, max-video-preview:-1\" \/>\n<link rel=\"canonical\" href=\"https:\/\/derechoyreligion-uc.urantiacos.cl\/en\/extendimos-el-plazo-abiertas-postulaciones-a-pasantias-2025\/\" \/>\n<meta property=\"og:locale\" content=\"en_US\" \/>\n<meta property=\"og:type\" content=\"article\" \/>\n<meta property=\"og:title\" content=\"Extendimos el plazo! Abiertas postulaciones a Pasant\u00edas 2025 - Centro UC Derecho y Religi\u00f3n\" \/>\n<meta property=\"og:description\" content=\"Plazo para postular: 15 de mayo de 2025\" \/>\n<meta property=\"og:url\" content=\"https:\/\/derechoyreligion-uc.urantiacos.cl\/en\/extendimos-el-plazo-abiertas-postulaciones-a-pasantias-2025\/\" \/>\n<meta property=\"og:site_name\" content=\"Centro UC Derecho y Religi\u00f3n\" \/>\n<meta property=\"article:published_time\" content=\"2025-04-14T04:00:00+00:00\" \/>\n<meta property=\"og:image\" content=\"https:\/\/derechoyreligion-uc.urantiacos.cl\/wp-content\/uploads\/2025\/04\/Pasantia_palabra2.png\" \/>\n\t<meta property=\"og:image:width\" content=\"368\" \/>\n\t<meta property=\"og:image:height\" content=\"188\" \/>\n\t<meta property=\"og:image:type\" content=\"image\/png\" \/>\n<meta name=\"author\" content=\"manadmin\" \/>\n<meta name=\"twitter:card\" content=\"summary_large_image\" \/>\n<meta name=\"twitter:label1\" content=\"Written by\" \/>\n\t<meta name=\"twitter:data1\" content=\"manadmin\" \/>\n\t<meta name=\"twitter:label2\" content=\"Est. reading time\" \/>\n\t<meta name=\"twitter:data2\" content=\"6 minutes\" \/>\n<script type=\"application\/ld+json\" class=\"yoast-schema-graph\">{\"@context\":\"https:\/\/schema.org\",\"@graph\":[{\"@type\":\"Article\",\"@id\":\"https:\/\/derechoyreligion-uc.urantiacos.cl\/en\/extendimos-el-plazo-abiertas-postulaciones-a-pasantias-2025\/#article\",\"isPartOf\":{\"@id\":\"https:\/\/derechoyreligion-uc.urantiacos.cl\/en\/extendimos-el-plazo-abiertas-postulaciones-a-pasantias-2025\/\"},\"author\":{\"name\":\"manadmin\",\"@id\":\"https:\/\/derechoyreligion-uc.urantiacos.cl\/en\/#\/schema\/person\/6cc7f593e2f49e3b770a06f63b58e3b1\"},\"headline\":\"Extendimos el plazo! Abiertas postulaciones a Pasant\u00edas 2025\",\"datePublished\":\"2025-04-14T04:00:00+00:00\",\"mainEntityOfPage\":{\"@id\":\"https:\/\/derechoyreligion-uc.urantiacos.cl\/en\/extendimos-el-plazo-abiertas-postulaciones-a-pasantias-2025\/\"},\"wordCount\":1165,\"image\":{\"@id\":\"https:\/\/derechoyreligion-uc.urantiacos.cl\/en\/extendimos-el-plazo-abiertas-postulaciones-a-pasantias-2025\/#primaryimage\"},\"thumbnailUrl\":\"https:\/\/derechoyreligion-uc.urantiacos.cl\/wp-content\/uploads\/2025\/04\/Pasantia_palabra2.png\",\"articleSection\":[\"Noticias\"],\"inLanguage\":\"en-US\"},{\"@type\":\"WebPage\",\"@id\":\"https:\/\/derechoyreligion-uc.urantiacos.cl\/en\/extendimos-el-plazo-abiertas-postulaciones-a-pasantias-2025\/\",\"url\":\"https:\/\/derechoyreligion-uc.urantiacos.cl\/en\/extendimos-el-plazo-abiertas-postulaciones-a-pasantias-2025\/\",\"name\":\"Extendimos el plazo! Abiertas postulaciones a Pasant\u00edas 2025 - Centro UC Derecho y Religi\u00f3n\",\"isPartOf\":{\"@id\":\"https:\/\/derechoyreligion-uc.urantiacos.cl\/en\/#website\"},\"primaryImageOfPage\":{\"@id\":\"https:\/\/derechoyreligion-uc.urantiacos.cl\/en\/extendimos-el-plazo-abiertas-postulaciones-a-pasantias-2025\/#primaryimage\"},\"image\":{\"@id\":\"https:\/\/derechoyreligion-uc.urantiacos.cl\/en\/extendimos-el-plazo-abiertas-postulaciones-a-pasantias-2025\/#primaryimage\"},\"thumbnailUrl\":\"https:\/\/derechoyreligion-uc.urantiacos.cl\/wp-content\/uploads\/2025\/04\/Pasantia_palabra2.png\",\"datePublished\":\"2025-04-14T04:00:00+00:00\",\"author\":{\"@id\":\"https:\/\/derechoyreligion-uc.urantiacos.cl\/en\/#\/schema\/person\/6cc7f593e2f49e3b770a06f63b58e3b1\"},\"breadcrumb\":{\"@id\":\"https:\/\/derechoyreligion-uc.urantiacos.cl\/en\/extendimos-el-plazo-abiertas-postulaciones-a-pasantias-2025\/#breadcrumb\"},\"inLanguage\":\"en-US\",\"potentialAction\":[{\"@type\":\"ReadAction\",\"target\":[\"https:\/\/derechoyreligion-uc.urantiacos.cl\/en\/extendimos-el-plazo-abiertas-postulaciones-a-pasantias-2025\/\"]}]},{\"@type\":\"ImageObject\",\"inLanguage\":\"en-US\",\"@id\":\"https:\/\/derechoyreligion-uc.urantiacos.cl\/en\/extendimos-el-plazo-abiertas-postulaciones-a-pasantias-2025\/#primaryimage\",\"url\":\"https:\/\/derechoyreligion-uc.urantiacos.cl\/wp-content\/uploads\/2025\/04\/Pasantia_palabra2.png\",\"contentUrl\":\"https:\/\/derechoyreligion-uc.urantiacos.cl\/wp-content\/uploads\/2025\/04\/Pasantia_palabra2.png\",\"width\":368,\"height\":188},{\"@type\":\"BreadcrumbList\",\"@id\":\"https:\/\/derechoyreligion-uc.urantiacos.cl\/en\/extendimos-el-plazo-abiertas-postulaciones-a-pasantias-2025\/#breadcrumb\",\"itemListElement\":[{\"@type\":\"ListItem\",\"position\":1,\"name\":\"Portada\",\"item\":\"https:\/\/derechoyreligion-uc.urantiacos.cl\/en\/\"},{\"@type\":\"ListItem\",\"position\":2,\"name\":\"Extendimos el plazo! Abiertas postulaciones a Pasant\u00edas 2025\"}]},{\"@type\":\"WebSite\",\"@id\":\"https:\/\/derechoyreligion-uc.urantiacos.cl\/en\/#website\",\"url\":\"https:\/\/derechoyreligion-uc.urantiacos.cl\/en\/\",\"name\":\"Centro UC Derecho y Religi\u00f3n\",\"description\":\"\",\"potentialAction\":[{\"@type\":\"SearchAction\",\"target\":{\"@type\":\"EntryPoint\",\"urlTemplate\":\"https:\/\/derechoyreligion-uc.urantiacos.cl\/en\/?s={search_term_string}\"},\"query-input\":{\"@type\":\"PropertyValueSpecification\",\"valueRequired\":true,\"valueName\":\"search_term_string\"}}],\"inLanguage\":\"en-US\"},{\"@type\":\"Person\",\"@id\":\"https:\/\/derechoyreligion-uc.urantiacos.cl\/en\/#\/schema\/person\/6cc7f593e2f49e3b770a06f63b58e3b1\",\"name\":\"manadmin\",\"sameAs\":[\"https:\/\/derechoyreligion-uc.urantiacos.cl\"]}]}<\/script>\n<!-- \/ Yoast SEO plugin. -->","yoast_head_json":{"title":"Extendimos el plazo! Abiertas postulaciones a Pasant\u00edas 2025 - Centro UC Derecho y Religi\u00f3n","robots":{"index":"index","follow":"follow","max-snippet":"max-snippet:-1","max-image-preview":"max-image-preview:large","max-video-preview":"max-video-preview:-1"},"canonical":"https:\/\/derechoyreligion-uc.urantiacos.cl\/en\/extendimos-el-plazo-abiertas-postulaciones-a-pasantias-2025\/","og_locale":"en_US","og_type":"article","og_title":"Extendimos el plazo! Abiertas postulaciones a Pasant\u00edas 2025 - Centro UC Derecho y Religi\u00f3n","og_description":"Plazo para postular: 15 de mayo de 2025","og_url":"https:\/\/derechoyreligion-uc.urantiacos.cl\/en\/extendimos-el-plazo-abiertas-postulaciones-a-pasantias-2025\/","og_site_name":"Centro UC Derecho y Religi\u00f3n","article_published_time":"2025-04-14T04:00:00+00:00","og_image":[{"width":368,"height":188,"url":"https:\/\/derechoyreligion-uc.urantiacos.cl\/wp-content\/uploads\/2025\/04\/Pasantia_palabra2.png","type":"image\/png"}],"author":"manadmin","twitter_card":"summary_large_image","twitter_misc":{"Written by":"manadmin","Est. reading time":"6 minutes"},"schema":{"@context":"https:\/\/schema.org","@graph":[{"@type":"Article","@id":"https:\/\/derechoyreligion-uc.urantiacos.cl\/en\/extendimos-el-plazo-abiertas-postulaciones-a-pasantias-2025\/#article","isPartOf":{"@id":"https:\/\/derechoyreligion-uc.urantiacos.cl\/en\/extendimos-el-plazo-abiertas-postulaciones-a-pasantias-2025\/"},"author":{"name":"manadmin","@id":"https:\/\/derechoyreligion-uc.urantiacos.cl\/en\/#\/schema\/person\/6cc7f593e2f49e3b770a06f63b58e3b1"},"headline":"Extendimos el plazo! Abiertas postulaciones a Pasant\u00edas 2025","datePublished":"2025-04-14T04:00:00+00:00","mainEntityOfPage":{"@id":"https:\/\/derechoyreligion-uc.urantiacos.cl\/en\/extendimos-el-plazo-abiertas-postulaciones-a-pasantias-2025\/"},"wordCount":1165,"image":{"@id":"https:\/\/derechoyreligion-uc.urantiacos.cl\/en\/extendimos-el-plazo-abiertas-postulaciones-a-pasantias-2025\/#primaryimage"},"thumbnailUrl":"https:\/\/derechoyreligion-uc.urantiacos.cl\/wp-content\/uploads\/2025\/04\/Pasantia_palabra2.png","articleSection":["Noticias"],"inLanguage":"en-US"},{"@type":"WebPage","@id":"https:\/\/derechoyreligion-uc.urantiacos.cl\/en\/extendimos-el-plazo-abiertas-postulaciones-a-pasantias-2025\/","url":"https:\/\/derechoyreligion-uc.urantiacos.cl\/en\/extendimos-el-plazo-abiertas-postulaciones-a-pasantias-2025\/","name":"Extendimos el plazo! Abiertas postulaciones a Pasant\u00edas 2025 - Centro UC Derecho y Religi\u00f3n","isPartOf":{"@id":"https:\/\/derechoyreligion-uc.urantiacos.cl\/en\/#website"},"primaryImageOfPage":{"@id":"https:\/\/derechoyreligion-uc.urantiacos.cl\/en\/extendimos-el-plazo-abiertas-postulaciones-a-pasantias-2025\/#primaryimage"},"image":{"@id":"https:\/\/derechoyreligion-uc.urantiacos.cl\/en\/extendimos-el-plazo-abiertas-postulaciones-a-pasantias-2025\/#primaryimage"},"thumbnailUrl":"https:\/\/derechoyreligion-uc.urantiacos.cl\/wp-content\/uploads\/2025\/04\/Pasantia_palabra2.png","datePublished":"2025-04-14T04:00:00+00:00","author":{"@id":"https:\/\/derechoyreligion-uc.urantiacos.cl\/en\/#\/schema\/person\/6cc7f593e2f49e3b770a06f63b58e3b1"},"breadcrumb":{"@id":"https:\/\/derechoyreligion-uc.urantiacos.cl\/en\/extendimos-el-plazo-abiertas-postulaciones-a-pasantias-2025\/#breadcrumb"},"inLanguage":"en-US","potentialAction":[{"@type":"ReadAction","target":["https:\/\/derechoyreligion-uc.urantiacos.cl\/en\/extendimos-el-plazo-abiertas-postulaciones-a-pasantias-2025\/"]}]},{"@type":"ImageObject","inLanguage":"en-US","@id":"https:\/\/derechoyreligion-uc.urantiacos.cl\/en\/extendimos-el-plazo-abiertas-postulaciones-a-pasantias-2025\/#primaryimage","url":"https:\/\/derechoyreligion-uc.urantiacos.cl\/wp-content\/uploads\/2025\/04\/Pasantia_palabra2.png","contentUrl":"https:\/\/derechoyreligion-uc.urantiacos.cl\/wp-content\/uploads\/2025\/04\/Pasantia_palabra2.png","width":368,"height":188},{"@type":"BreadcrumbList","@id":"https:\/\/derechoyreligion-uc.urantiacos.cl\/en\/extendimos-el-plazo-abiertas-postulaciones-a-pasantias-2025\/#breadcrumb","itemListElement":[{"@type":"ListItem","position":1,"name":"Portada","item":"https:\/\/derechoyreligion-uc.urantiacos.cl\/en\/"},{"@type":"ListItem","position":2,"name":"Extendimos el plazo! Abiertas postulaciones a Pasant\u00edas 2025"}]},{"@type":"WebSite","@id":"https:\/\/derechoyreligion-uc.urantiacos.cl\/en\/#website","url":"https:\/\/derechoyreligion-uc.urantiacos.cl\/en\/","name":"Centro UC Derecho y Religi\u00f3n","description":"","potentialAction":[{"@type":"SearchAction","target":{"@type":"EntryPoint","urlTemplate":"https:\/\/derechoyreligion-uc.urantiacos.cl\/en\/?s={search_term_string}"},"query-input":{"@type":"PropertyValueSpecification","valueRequired":true,"valueName":"search_term_string"}}],"inLanguage":"en-US"},{"@type":"Person","@id":"https:\/\/derechoyreligion-uc.urantiacos.cl\/en\/#\/schema\/person\/6cc7f593e2f49e3b770a06f63b58e3b1","name":"manadmin","sameAs":["https:\/\/derechoyreligion-uc.urantiacos.cl"]}]}},"_links":{"self":[{"href":"https:\/\/derechoyreligion-uc.urantiacos.cl\/en\/wp-json\/wp\/v2\/posts\/1311","targetHints":{"allow":["GET"]}}],"collection":[{"href":"https:\/\/derechoyreligion-uc.urantiacos.cl\/en\/wp-json\/wp\/v2\/posts"}],"about":[{"href":"https:\/\/derechoyreligion-uc.urantiacos.cl\/en\/wp-json\/wp\/v2\/types\/post"}],"author":[{"embeddable":true,"href":"https:\/\/derechoyreligion-uc.urantiacos.cl\/en\/wp-json\/wp\/v2\/users\/1"}],"replies":[{"embeddable":true,"href":"https:\/\/derechoyreligion-uc.urantiacos.cl\/en\/wp-json\/wp\/v2\/comments?post=1311"}],"version-history":[{"count":0,"href":"https:\/\/derechoyreligion-uc.urantiacos.cl\/en\/wp-json\/wp\/v2\/posts\/1311\/revisions"}],"wp:featuredmedia":[{"embeddable":true,"href":"https:\/\/derechoyreligion-uc.urantiacos.cl\/en\/wp-json\/wp\/v2\/media\/1459"}],"wp:attachment":[{"href":"https:\/\/derechoyreligion-uc.urantiacos.cl\/en\/wp-json\/wp\/v2\/media?parent=1311"}],"wp:term":[{"taxonomy":"category","embeddable":true,"href":"https:\/\/derechoyreligion-uc.urantiacos.cl\/en\/wp-json\/wp\/v2\/categories?post=1311"},{"taxonomy":"post_tag","embeddable":true,"href":"https:\/\/derechoyreligion-uc.urantiacos.cl\/en\/wp-json\/wp\/v2\/tags?post=1311"}],"curies":[{"name":"wp","href":"https:\/\/api.w.org\/{rel}","templated":true}]}}