
{"id":1309,"date":"2025-04-16T00:00:00","date_gmt":"2025-04-16T04:00:00","guid":{"rendered":"https:\/\/derechoyreligion-uc.urantiacos.cl\/call-for-papers-para-revista-latinoamericana-de-derecho-y-religion-vol-11-n1-a-publicarse-en-julio-2025\/"},"modified":"2025-04-16T00:00:00","modified_gmt":"2025-04-16T04:00:00","slug":"call-for-papers-para-revista-latinoamericana-de-derecho-y-religion-vol-11-n1-a-publicarse-en-julio-2025","status":"publish","type":"post","link":"https:\/\/derechoyreligion-uc.urantiacos.cl\/en\/call-for-papers-para-revista-latinoamericana-de-derecho-y-religion-vol-11-n1-a-publicarse-en-julio-2025\/","title":{"rendered":"Call for papers para Revista Latinoamericana de Derecho y Religi\u00f3n Vol.11 N\u00b01 a publicarse en julio 2025"},"content":{"rendered":"<article>\n<span><br \/>\n<\/span><\/p>\n<p>\u00a0<\/p>\n<p><img decoding=\"async\" alt=\"Portada Revista 20 a\u00f1os\" src=\"https:\/\/derechoyreligion-uc.urantiacos.cl\/wp-content\/uploads\/imagenes\/Portada_Revista_20_a\u00f1os.jpg\"\/><\/p>\n<p>\u00a0<\/p>\n<p><strong><span>Convocatoria de Trabajos \/ Call For Papers<\/span><\/strong><\/p>\n<p><strong><span>Vol. 11 N\u00fam. 1 (2025)<\/span><\/strong><\/p>\n<p>\u00a0<\/p>\n<p>LA <span>REVISTA LATINOAMERICANA DE DERECHO Y RELIGI\u00d3N<\/span>\u202fINVITA A PRESENTAR ART\u00cdCULOS PARA SU VIG\u00c9SIMO N\u00daMERO (VOLUMEN 11 N\u00b01) , A PUBLICARSE EN JULIO DEL A\u00d1O 2025<\/p>\n<p>\u00a0<\/p>\n<p><strong><span>DETALLES DE LA CONVOCATORIA<\/span><\/strong><\/p>\n<p>La presente convocatoria, est\u00e1 dirigida a la presentaci\u00f3n de art\u00edculos para las secciones Temas Monogr\u00e1ficos, Estudios Generales, Legislaci\u00f3n, Jurisprudencia y Recensiones.<\/p>\n<p>El Tema Monogr\u00e1fico del Volumen 11 N\u00b01 se refiere a &#8220;La evoluci\u00f3n de las relaciones institucionales del Estado, la religi\u00f3n y las organizaciones religiosas: desde el patronato a la separaci\u00f3n y a la colaboraci\u00f3n&#8221;<\/p>\n<p>La vida republicana en Latinoam\u00e9rica y el Caribe est\u00e1 marcada por la religi\u00f3n cat\u00f3lica como religi\u00f3n oficial en los incipientes Estados que, paulatinamente, ha derivado tanto a una mayor\u00eda cristiana de la poblaci\u00f3n como una secularizaci\u00f3n creciente.<\/p>\n<p>Inicialmente, el patronato fue el estilo de relaci\u00f3n institucional entre la Iglesia y el Estado. Luego, se dio paso a una nueva modalidad de relaciones en que la separaci\u00f3n fue dando lugar a la colaboraci\u00f3n que hoy convive con mayores o menores muestras de la privatizaci\u00f3n de la religi\u00f3n en la sociedad. Al igual que otros pa\u00edses latinoamericanos, la separaci\u00f3n entre el Estado y la Iglesia \u2013 que este 2025 en Chile cumple 100 a\u00f1os \u2013 signific\u00f3 un nuevo tiempo de relaciones que ofrece un momento propicio para mirando hacia el pasado, proyectar hacia el futuro.<\/p>\n<p>Para la parte monogr\u00e1fica del Vol. 11 N\u00ba1, se proponen como elementos de reflexi\u00f3n y an\u00e1lisis en Latinoam\u00e9rica y el Caribe los siguientes temas:<\/p>\n<p>El establecimiento del patronato y su continuidad en las nuevas rep\u00fablicas.<\/p>\n<p>El patronato y la restricci\u00f3n de la libertad religiosa para denominaciones no cat\u00f3licas.<\/p>\n<p>La separaci\u00f3n Iglesia\u2013Estado y el reconocimiento de la libertad religiosa para las denominaciones no cat\u00f3licas.<\/p>\n<p>Las modalidades de colaboraci\u00f3n institucional posterior al cese del patronato y su aporte a la naci\u00f3n.<\/p>\n<p>La actualidad de las relaciones institucionales del Estado con las organizaciones religiosas en tiempos de pluralismo religioso.<\/p>\n<p>Los acuerdos entre el Estado y las diversas comunidades religiosas como par\u00e1metro de colaboraci\u00f3n institucional en materia escolar, de prevenci\u00f3n de drogas, de ayuda a migrantes, etc.<\/p>\n<p>\u00a0<\/p>\n<p><strong><span>SOBRE LA REVISTA<\/span><\/strong><\/p>\n<p>La Revista Latinoamericana de Derecho y Religi\u00f3n tiene un formato digital, de acceso libre y gratuito.<\/p>\n<p>Sus contenidos se concentran en la realidad Latinoamericana del derecho y la religi\u00f3n, a fin de promover los estudios, an\u00e1lisis e intercambio que se desarrollan actualmente a nivel regional y nacional.<\/p>\n<p>Las materias abordadas son los t\u00f3picos tradicionales del Derecho Eclesi\u00e1stico del Estado; la libertad religiosa y las relaciones Iglesia \u2013 Estado; las relaciones entre el derecho y la religi\u00f3n; el derecho de las religiones y su interacci\u00f3n con el Estado, as\u00ed como las leyes o decisiones estatales que inciden en lo religioso.<\/p>\n<p>Se reciben contribuciones en castellano, ingl\u00e9s y portugu\u00e9s, sin perjuicio que eventualmente se autoricen trabajos en otros idiomas por parte del Consejo de Redacci\u00f3n<\/p>\n<p>Las secciones de la revista:<\/p>\n<p>ESTUDIOS MONOGR\u00c1FICOS: de an\u00e1lisis sobre un tema que acordar\u00e1 el Comit\u00e9 Editorial y respecto del que se hace una convocatoria especial para cada n\u00famero. Se trata de una secci\u00f3n arbitrada.<\/p>\n<p>ESTUDIOS GENERALES: Secci\u00f3n abierta para recibir contribuciones que se someten a arbitraje ciego sobre los diversos temas de inter\u00e9s para la Revista.<\/p>\n<p>LEGISLACI\u00d3N: Secci\u00f3n elaborada por el equipo de la Revista relativa a la actualidad jur\u00eddica latinoamericana, considerando normas publicadas y proyectos de ley relevantes.<\/p>\n<p>JURISPRUDENCIA: Secci\u00f3n arbitrada que versar\u00e1 sobre comentarios de jurisprudencia a nivel latinoamericano o de pa\u00edses de la regi\u00f3n.<\/p>\n<p>RECENSIONES: Secci\u00f3n arbitrada que tratar\u00e1 sobre los comentarios de libros recientemente publicados sobre las materias de inter\u00e9s de la Revista, independientemente de su \u00e1rea geogr\u00e1fica.<\/p>\n<p>\u00a0<\/p>\n<p><strong><span>REQUISITOS Y CONSIDERACIONES PARA LA PUBLICACI\u00d3N<\/span><\/strong><\/p>\n<p>Las presentaciones se someter\u00e1n a la evaluaci\u00f3n de los editores, los que, al cumplir con los est\u00e1ndares de la revista, ser\u00e1n posteriormente evaluados por dos \u00e1rbitros bajo el sistema doble ciego, y por un tercero en caso de haber discrepancia entre los evaluadores.<br \/>\u2022 La Revista tiene como foco de estudio la realidad latinoamericana, de manera que los trabajos que se reciban deben basar su an\u00e1lisis y desarrollo en dicha regi\u00f3n. Los estudios contextualizados en otras regiones constituyen un aporte valioso, en la medida que abarquen o se vinculen con Am\u00e9rica Latina. El cumplimiento de este requisito ser\u00e1 sometido a la evaluaci\u00f3n de los \u00e1rbitros.<br \/>\u2022 Es requisito que los art\u00edculos sean in\u00e9ditos, mientras que la disciplina cient\u00edfica y el inter\u00e9s de la comunidad acad\u00e9mica ser\u00e1n aspectos determinantes para la selecci\u00f3n de estos.<br \/>\u2022 El art\u00edculo deber\u00e1 contener un Resumen, que adem\u00e1s contenga &#8220;Palabras clave&#8221;, y su respectiva traducci\u00f3n al ingl\u00e9s, bajo el formato de &#8220;Abstract&#8221; y &#8220;Keywords&#8221;.<br \/>\u2022 Para los trabajos de la secci\u00f3n de Estudios Monogr\u00e1ficos, se espera que los trabajos no tengan una extensi\u00f3n inferior a las 12 p\u00e1ginas tama\u00f1o carta ni superior a 50. Para la secci\u00f3n de Jurisprudencia, se sugiere una extensi\u00f3n entre 10 y 20 p\u00e1ginas.<br \/>\u2022 El formato de publicaci\u00f3n de la revista, consiste en letra &#8220;Calibri light&#8221; n\u00famero 12, interlineado 1,5, y t\u00edtulos enumerados.<br \/>\u2022 El art\u00edculo debe contar con la identificaci\u00f3n del autor, que incluya nota al pie detallando su filiaci\u00f3n, Instituci\u00f3n de trabajo, y \u00e1rea de experticia. Asimismo, cualquier antecedente que d\u00e9 cuenta de un conflicto de intereses.<br \/>\u2022 Las citas deben cumplir con la versi\u00f3n actualizada del estilo ISO 690, que se encuentra disponible en la mayor\u00eda de los programas de gesti\u00f3n bibliogr\u00e1fica (tales como Endnote, Mendeley, RefWorks o Zotero).<\/p>\n<p>\u00a0<\/p>\n<p><strong><span>CIERRE DE RECEPCI\u00d3N DE ART\u00cdCULOS<\/span><\/strong><\/p>\n<p>La fecha de cierre del per\u00edodo de recepci\u00f3n de art\u00edculos corresponde al d\u00eda 31 de mayo de 2025.<\/p>\n<p>\u00a0<\/p>\n<p><strong><span>ENV\u00cdO DE ART\u00cdCULOS<\/span><\/strong><\/p>\n<p>Los art\u00edculos deben ser enviados por medio de la plataforma de la Revista, en su sitio web:\u202fhttp:\/\/www.revistalatderechoyreligion.com<\/p>\n<p>\u00a0<\/p>\n<p>En el correo\u202f<span><span>Esta direcci\u00f3n de correo electr\u00f3nico est\u00e1 siendo protegida contra los robots de spam. Necesita tener JavaScript habilitado para poder verlo.<\/span><\/span>\u202fse podr\u00e1n resolver dudas o pedir ayuda para algunos aspectos formales de los art\u00edculos.<\/p>\n<\/article>\n","protected":false},"excerpt":{"rendered":"<p>Convocatoria de Trabajos \/ Call For Papers<\/p>\n","protected":false},"author":1,"featured_media":1457,"comment_status":"","ping_status":"","sticky":false,"template":"","format":"standard","meta":{"_acf_changed":false,"footnotes":""},"categories":[1],"tags":[],"class_list":["post-1309","post","type-post","status-publish","format-standard","has-post-thumbnail","hentry","category-noticias"],"acf":[],"yoast_head":"<!-- This site is optimized with the Yoast SEO plugin v27.1.1 - https:\/\/yoast.com\/product\/yoast-seo-wordpress\/ -->\n<title>Call for papers para Revista Latinoamericana de Derecho y Religi\u00f3n Vol.11 N\u00b01 a publicarse en julio 2025 - Centro UC Derecho y Religi\u00f3n<\/title>\n<meta name=\"robots\" content=\"index, follow, max-snippet:-1, max-image-preview:large, max-video-preview:-1\" \/>\n<link rel=\"canonical\" href=\"https:\/\/derechoyreligion-uc.urantiacos.cl\/en\/call-for-papers-para-revista-latinoamericana-de-derecho-y-religion-vol-11-n1-a-publicarse-en-julio-2025\/\" \/>\n<meta property=\"og:locale\" content=\"en_US\" \/>\n<meta property=\"og:type\" content=\"article\" \/>\n<meta property=\"og:title\" content=\"Call for papers para Revista Latinoamericana de Derecho y Religi\u00f3n Vol.11 N\u00b01 a publicarse en julio 2025 - Centro UC Derecho y Religi\u00f3n\" \/>\n<meta property=\"og:description\" content=\"Convocatoria de Trabajos \/ Call For Papers\" \/>\n<meta property=\"og:url\" content=\"https:\/\/derechoyreligion-uc.urantiacos.cl\/en\/call-for-papers-para-revista-latinoamericana-de-derecho-y-religion-vol-11-n1-a-publicarse-en-julio-2025\/\" \/>\n<meta property=\"og:site_name\" content=\"Centro UC Derecho y Religi\u00f3n\" \/>\n<meta property=\"article:published_time\" content=\"2025-04-16T04:00:00+00:00\" \/>\n<meta property=\"og:image\" content=\"https:\/\/derechoyreligion-uc.urantiacos.cl\/wp-content\/uploads\/2025\/04\/Portada_Revista_20_anos.jpg\" \/>\n\t<meta property=\"og:image:width\" content=\"1244\" \/>\n\t<meta property=\"og:image:height\" content=\"1605\" \/>\n\t<meta property=\"og:image:type\" content=\"image\/jpeg\" \/>\n<meta name=\"author\" content=\"manadmin\" \/>\n<meta name=\"twitter:card\" content=\"summary_large_image\" \/>\n<meta name=\"twitter:label1\" content=\"Written by\" \/>\n\t<meta name=\"twitter:data1\" content=\"manadmin\" \/>\n\t<meta name=\"twitter:label2\" content=\"Est. reading time\" \/>\n\t<meta name=\"twitter:data2\" content=\"5 minutes\" \/>\n<script type=\"application\/ld+json\" class=\"yoast-schema-graph\">{\"@context\":\"https:\/\/schema.org\",\"@graph\":[{\"@type\":\"Article\",\"@id\":\"https:\/\/derechoyreligion-uc.urantiacos.cl\/en\/call-for-papers-para-revista-latinoamericana-de-derecho-y-religion-vol-11-n1-a-publicarse-en-julio-2025\/#article\",\"isPartOf\":{\"@id\":\"https:\/\/derechoyreligion-uc.urantiacos.cl\/en\/call-for-papers-para-revista-latinoamericana-de-derecho-y-religion-vol-11-n1-a-publicarse-en-julio-2025\/\"},\"author\":{\"name\":\"manadmin\",\"@id\":\"https:\/\/derechoyreligion-uc.urantiacos.cl\/en\/#\/schema\/person\/6cc7f593e2f49e3b770a06f63b58e3b1\"},\"headline\":\"Call for papers para Revista Latinoamericana de Derecho y Religi\u00f3n Vol.11 N\u00b01 a publicarse en julio 2025\",\"datePublished\":\"2025-04-16T04:00:00+00:00\",\"mainEntityOfPage\":{\"@id\":\"https:\/\/derechoyreligion-uc.urantiacos.cl\/en\/call-for-papers-para-revista-latinoamericana-de-derecho-y-religion-vol-11-n1-a-publicarse-en-julio-2025\/\"},\"wordCount\":1092,\"image\":{\"@id\":\"https:\/\/derechoyreligion-uc.urantiacos.cl\/en\/call-for-papers-para-revista-latinoamericana-de-derecho-y-religion-vol-11-n1-a-publicarse-en-julio-2025\/#primaryimage\"},\"thumbnailUrl\":\"https:\/\/derechoyreligion-uc.urantiacos.cl\/wp-content\/uploads\/2025\/04\/Portada_Revista_20_anos.jpg\",\"articleSection\":[\"Noticias\"],\"inLanguage\":\"en-US\"},{\"@type\":\"WebPage\",\"@id\":\"https:\/\/derechoyreligion-uc.urantiacos.cl\/en\/call-for-papers-para-revista-latinoamericana-de-derecho-y-religion-vol-11-n1-a-publicarse-en-julio-2025\/\",\"url\":\"https:\/\/derechoyreligion-uc.urantiacos.cl\/en\/call-for-papers-para-revista-latinoamericana-de-derecho-y-religion-vol-11-n1-a-publicarse-en-julio-2025\/\",\"name\":\"Call for papers para Revista Latinoamericana de Derecho y Religi\u00f3n Vol.11 N\u00b01 a publicarse en julio 2025 - Centro UC Derecho y Religi\u00f3n\",\"isPartOf\":{\"@id\":\"https:\/\/derechoyreligion-uc.urantiacos.cl\/en\/#website\"},\"primaryImageOfPage\":{\"@id\":\"https:\/\/derechoyreligion-uc.urantiacos.cl\/en\/call-for-papers-para-revista-latinoamericana-de-derecho-y-religion-vol-11-n1-a-publicarse-en-julio-2025\/#primaryimage\"},\"image\":{\"@id\":\"https:\/\/derechoyreligion-uc.urantiacos.cl\/en\/call-for-papers-para-revista-latinoamericana-de-derecho-y-religion-vol-11-n1-a-publicarse-en-julio-2025\/#primaryimage\"},\"thumbnailUrl\":\"https:\/\/derechoyreligion-uc.urantiacos.cl\/wp-content\/uploads\/2025\/04\/Portada_Revista_20_anos.jpg\",\"datePublished\":\"2025-04-16T04:00:00+00:00\",\"author\":{\"@id\":\"https:\/\/derechoyreligion-uc.urantiacos.cl\/en\/#\/schema\/person\/6cc7f593e2f49e3b770a06f63b58e3b1\"},\"breadcrumb\":{\"@id\":\"https:\/\/derechoyreligion-uc.urantiacos.cl\/en\/call-for-papers-para-revista-latinoamericana-de-derecho-y-religion-vol-11-n1-a-publicarse-en-julio-2025\/#breadcrumb\"},\"inLanguage\":\"en-US\",\"potentialAction\":[{\"@type\":\"ReadAction\",\"target\":[\"https:\/\/derechoyreligion-uc.urantiacos.cl\/en\/call-for-papers-para-revista-latinoamericana-de-derecho-y-religion-vol-11-n1-a-publicarse-en-julio-2025\/\"]}]},{\"@type\":\"ImageObject\",\"inLanguage\":\"en-US\",\"@id\":\"https:\/\/derechoyreligion-uc.urantiacos.cl\/en\/call-for-papers-para-revista-latinoamericana-de-derecho-y-religion-vol-11-n1-a-publicarse-en-julio-2025\/#primaryimage\",\"url\":\"https:\/\/derechoyreligion-uc.urantiacos.cl\/wp-content\/uploads\/2025\/04\/Portada_Revista_20_anos.jpg\",\"contentUrl\":\"https:\/\/derechoyreligion-uc.urantiacos.cl\/wp-content\/uploads\/2025\/04\/Portada_Revista_20_anos.jpg\",\"width\":1244,\"height\":1605},{\"@type\":\"BreadcrumbList\",\"@id\":\"https:\/\/derechoyreligion-uc.urantiacos.cl\/en\/call-for-papers-para-revista-latinoamericana-de-derecho-y-religion-vol-11-n1-a-publicarse-en-julio-2025\/#breadcrumb\",\"itemListElement\":[{\"@type\":\"ListItem\",\"position\":1,\"name\":\"Portada\",\"item\":\"https:\/\/derechoyreligion-uc.urantiacos.cl\/en\/\"},{\"@type\":\"ListItem\",\"position\":2,\"name\":\"Call for papers para Revista Latinoamericana de Derecho y Religi\u00f3n Vol.11 N\u00b01 a publicarse en julio 2025\"}]},{\"@type\":\"WebSite\",\"@id\":\"https:\/\/derechoyreligion-uc.urantiacos.cl\/en\/#website\",\"url\":\"https:\/\/derechoyreligion-uc.urantiacos.cl\/en\/\",\"name\":\"Centro UC Derecho y Religi\u00f3n\",\"description\":\"\",\"potentialAction\":[{\"@type\":\"SearchAction\",\"target\":{\"@type\":\"EntryPoint\",\"urlTemplate\":\"https:\/\/derechoyreligion-uc.urantiacos.cl\/en\/?s={search_term_string}\"},\"query-input\":{\"@type\":\"PropertyValueSpecification\",\"valueRequired\":true,\"valueName\":\"search_term_string\"}}],\"inLanguage\":\"en-US\"},{\"@type\":\"Person\",\"@id\":\"https:\/\/derechoyreligion-uc.urantiacos.cl\/en\/#\/schema\/person\/6cc7f593e2f49e3b770a06f63b58e3b1\",\"name\":\"manadmin\",\"sameAs\":[\"https:\/\/derechoyreligion-uc.urantiacos.cl\"]}]}<\/script>\n<!-- \/ Yoast SEO plugin. -->","yoast_head_json":{"title":"Call for papers para Revista Latinoamericana de Derecho y Religi\u00f3n Vol.11 N\u00b01 a publicarse en julio 2025 - Centro UC Derecho y Religi\u00f3n","robots":{"index":"index","follow":"follow","max-snippet":"max-snippet:-1","max-image-preview":"max-image-preview:large","max-video-preview":"max-video-preview:-1"},"canonical":"https:\/\/derechoyreligion-uc.urantiacos.cl\/en\/call-for-papers-para-revista-latinoamericana-de-derecho-y-religion-vol-11-n1-a-publicarse-en-julio-2025\/","og_locale":"en_US","og_type":"article","og_title":"Call for papers para Revista Latinoamericana de Derecho y Religi\u00f3n Vol.11 N\u00b01 a publicarse en julio 2025 - Centro UC Derecho y Religi\u00f3n","og_description":"Convocatoria de Trabajos \/ Call For Papers","og_url":"https:\/\/derechoyreligion-uc.urantiacos.cl\/en\/call-for-papers-para-revista-latinoamericana-de-derecho-y-religion-vol-11-n1-a-publicarse-en-julio-2025\/","og_site_name":"Centro UC Derecho y Religi\u00f3n","article_published_time":"2025-04-16T04:00:00+00:00","og_image":[{"width":1244,"height":1605,"url":"https:\/\/derechoyreligion-uc.urantiacos.cl\/wp-content\/uploads\/2025\/04\/Portada_Revista_20_anos.jpg","type":"image\/jpeg"}],"author":"manadmin","twitter_card":"summary_large_image","twitter_misc":{"Written by":"manadmin","Est. reading time":"5 minutes"},"schema":{"@context":"https:\/\/schema.org","@graph":[{"@type":"Article","@id":"https:\/\/derechoyreligion-uc.urantiacos.cl\/en\/call-for-papers-para-revista-latinoamericana-de-derecho-y-religion-vol-11-n1-a-publicarse-en-julio-2025\/#article","isPartOf":{"@id":"https:\/\/derechoyreligion-uc.urantiacos.cl\/en\/call-for-papers-para-revista-latinoamericana-de-derecho-y-religion-vol-11-n1-a-publicarse-en-julio-2025\/"},"author":{"name":"manadmin","@id":"https:\/\/derechoyreligion-uc.urantiacos.cl\/en\/#\/schema\/person\/6cc7f593e2f49e3b770a06f63b58e3b1"},"headline":"Call for papers para Revista Latinoamericana de Derecho y Religi\u00f3n Vol.11 N\u00b01 a publicarse en julio 2025","datePublished":"2025-04-16T04:00:00+00:00","mainEntityOfPage":{"@id":"https:\/\/derechoyreligion-uc.urantiacos.cl\/en\/call-for-papers-para-revista-latinoamericana-de-derecho-y-religion-vol-11-n1-a-publicarse-en-julio-2025\/"},"wordCount":1092,"image":{"@id":"https:\/\/derechoyreligion-uc.urantiacos.cl\/en\/call-for-papers-para-revista-latinoamericana-de-derecho-y-religion-vol-11-n1-a-publicarse-en-julio-2025\/#primaryimage"},"thumbnailUrl":"https:\/\/derechoyreligion-uc.urantiacos.cl\/wp-content\/uploads\/2025\/04\/Portada_Revista_20_anos.jpg","articleSection":["Noticias"],"inLanguage":"en-US"},{"@type":"WebPage","@id":"https:\/\/derechoyreligion-uc.urantiacos.cl\/en\/call-for-papers-para-revista-latinoamericana-de-derecho-y-religion-vol-11-n1-a-publicarse-en-julio-2025\/","url":"https:\/\/derechoyreligion-uc.urantiacos.cl\/en\/call-for-papers-para-revista-latinoamericana-de-derecho-y-religion-vol-11-n1-a-publicarse-en-julio-2025\/","name":"Call for papers para Revista Latinoamericana de Derecho y Religi\u00f3n Vol.11 N\u00b01 a publicarse en julio 2025 - Centro UC Derecho y Religi\u00f3n","isPartOf":{"@id":"https:\/\/derechoyreligion-uc.urantiacos.cl\/en\/#website"},"primaryImageOfPage":{"@id":"https:\/\/derechoyreligion-uc.urantiacos.cl\/en\/call-for-papers-para-revista-latinoamericana-de-derecho-y-religion-vol-11-n1-a-publicarse-en-julio-2025\/#primaryimage"},"image":{"@id":"https:\/\/derechoyreligion-uc.urantiacos.cl\/en\/call-for-papers-para-revista-latinoamericana-de-derecho-y-religion-vol-11-n1-a-publicarse-en-julio-2025\/#primaryimage"},"thumbnailUrl":"https:\/\/derechoyreligion-uc.urantiacos.cl\/wp-content\/uploads\/2025\/04\/Portada_Revista_20_anos.jpg","datePublished":"2025-04-16T04:00:00+00:00","author":{"@id":"https:\/\/derechoyreligion-uc.urantiacos.cl\/en\/#\/schema\/person\/6cc7f593e2f49e3b770a06f63b58e3b1"},"breadcrumb":{"@id":"https:\/\/derechoyreligion-uc.urantiacos.cl\/en\/call-for-papers-para-revista-latinoamericana-de-derecho-y-religion-vol-11-n1-a-publicarse-en-julio-2025\/#breadcrumb"},"inLanguage":"en-US","potentialAction":[{"@type":"ReadAction","target":["https:\/\/derechoyreligion-uc.urantiacos.cl\/en\/call-for-papers-para-revista-latinoamericana-de-derecho-y-religion-vol-11-n1-a-publicarse-en-julio-2025\/"]}]},{"@type":"ImageObject","inLanguage":"en-US","@id":"https:\/\/derechoyreligion-uc.urantiacos.cl\/en\/call-for-papers-para-revista-latinoamericana-de-derecho-y-religion-vol-11-n1-a-publicarse-en-julio-2025\/#primaryimage","url":"https:\/\/derechoyreligion-uc.urantiacos.cl\/wp-content\/uploads\/2025\/04\/Portada_Revista_20_anos.jpg","contentUrl":"https:\/\/derechoyreligion-uc.urantiacos.cl\/wp-content\/uploads\/2025\/04\/Portada_Revista_20_anos.jpg","width":1244,"height":1605},{"@type":"BreadcrumbList","@id":"https:\/\/derechoyreligion-uc.urantiacos.cl\/en\/call-for-papers-para-revista-latinoamericana-de-derecho-y-religion-vol-11-n1-a-publicarse-en-julio-2025\/#breadcrumb","itemListElement":[{"@type":"ListItem","position":1,"name":"Portada","item":"https:\/\/derechoyreligion-uc.urantiacos.cl\/en\/"},{"@type":"ListItem","position":2,"name":"Call for papers para Revista Latinoamericana de Derecho y Religi\u00f3n Vol.11 N\u00b01 a publicarse en julio 2025"}]},{"@type":"WebSite","@id":"https:\/\/derechoyreligion-uc.urantiacos.cl\/en\/#website","url":"https:\/\/derechoyreligion-uc.urantiacos.cl\/en\/","name":"Centro UC Derecho y Religi\u00f3n","description":"","potentialAction":[{"@type":"SearchAction","target":{"@type":"EntryPoint","urlTemplate":"https:\/\/derechoyreligion-uc.urantiacos.cl\/en\/?s={search_term_string}"},"query-input":{"@type":"PropertyValueSpecification","valueRequired":true,"valueName":"search_term_string"}}],"inLanguage":"en-US"},{"@type":"Person","@id":"https:\/\/derechoyreligion-uc.urantiacos.cl\/en\/#\/schema\/person\/6cc7f593e2f49e3b770a06f63b58e3b1","name":"manadmin","sameAs":["https:\/\/derechoyreligion-uc.urantiacos.cl"]}]}},"_links":{"self":[{"href":"https:\/\/derechoyreligion-uc.urantiacos.cl\/en\/wp-json\/wp\/v2\/posts\/1309","targetHints":{"allow":["GET"]}}],"collection":[{"href":"https:\/\/derechoyreligion-uc.urantiacos.cl\/en\/wp-json\/wp\/v2\/posts"}],"about":[{"href":"https:\/\/derechoyreligion-uc.urantiacos.cl\/en\/wp-json\/wp\/v2\/types\/post"}],"author":[{"embeddable":true,"href":"https:\/\/derechoyreligion-uc.urantiacos.cl\/en\/wp-json\/wp\/v2\/users\/1"}],"replies":[{"embeddable":true,"href":"https:\/\/derechoyreligion-uc.urantiacos.cl\/en\/wp-json\/wp\/v2\/comments?post=1309"}],"version-history":[{"count":0,"href":"https:\/\/derechoyreligion-uc.urantiacos.cl\/en\/wp-json\/wp\/v2\/posts\/1309\/revisions"}],"wp:featuredmedia":[{"embeddable":true,"href":"https:\/\/derechoyreligion-uc.urantiacos.cl\/en\/wp-json\/wp\/v2\/media\/1457"}],"wp:attachment":[{"href":"https:\/\/derechoyreligion-uc.urantiacos.cl\/en\/wp-json\/wp\/v2\/media?parent=1309"}],"wp:term":[{"taxonomy":"category","embeddable":true,"href":"https:\/\/derechoyreligion-uc.urantiacos.cl\/en\/wp-json\/wp\/v2\/categories?post=1309"},{"taxonomy":"post_tag","embeddable":true,"href":"https:\/\/derechoyreligion-uc.urantiacos.cl\/en\/wp-json\/wp\/v2\/tags?post=1309"}],"curies":[{"name":"wp","href":"https:\/\/api.w.org\/{rel}","templated":true}]}}