
{"id":1306,"date":"2025-07-18T00:00:00","date_gmt":"2025-07-18T04:00:00","guid":{"rendered":"https:\/\/derechoyreligion-uc.urantiacos.cl\/concurso-de-pasantia-para-congreso-e-investigacion-por-el-aniversario-no-20-del-centro\/"},"modified":"2025-07-18T00:00:00","modified_gmt":"2025-07-18T04:00:00","slug":"concurso-de-pasantia-para-congreso-e-investigacion-por-el-aniversario-no-20-del-centro","status":"publish","type":"post","link":"https:\/\/derechoyreligion-uc.urantiacos.cl\/en\/concurso-de-pasantia-para-congreso-e-investigacion-por-el-aniversario-no-20-del-centro\/","title":{"rendered":"Concurso de Pasant\u00eda para Congreso e investigaci\u00f3n por el aniversario N\u00ba 20 del Centro"},"content":{"rendered":"<article>\n<span><br \/>\n<\/span><\/p>\n<p><img decoding=\"async\" alt=\"5 vista publico desde atras 2\" src=\"https:\/\/derechoyreligion-uc.urantiacos.cl\/wp-content\/uploads\/imagenes\/5_vista_publico_desde_atras_2.jpeg\"\/><\/p>\n<p>\u00a0<\/p>\n<p>\u00a0<\/p>\n<p>\u00a0<\/p>\n<p><img decoding=\"async\" alt=\"C.D.Religion-01 color\" src=\"https:\/\/derechoyreligion-uc.urantiacos.cl\/wp-content\/uploads\/imagenes\/C.D.Religion-01_color.jpg\"\/><\/p>\n<p>\u00a0<\/p>\n<p><strong><span>PROGRAMA DE PASANT\u00cdA EN CENTRO UC DERECHO Y RELIGI\u00d3N \u2013 2\u00b0 SEMESTRE 2025<\/span><\/strong><\/p>\n<p>\u00a0<\/p>\n<p><span>Presentaci\u00f3n<\/span><\/p>\n<p>El Centro UC Derecho y Religi\u00f3n de la Facultad de Derecho de la Pontificia Universidad de Chile se dedica al estudio de materias que abordan el derecho y la religi\u00f3n desde la perspectiva de la libertad religiosa. Esto incluye el estudio de las relaciones entre las entidades religiosas y el Estado, ya que, al tratarse de un derecho humano fundamental consagrado en los tratados internacionales, este \u00faltimo debe procurar su respeto y promoci\u00f3n. De tal manera, son de inter\u00e9s del Centro asuntos tales como: religi\u00f3n y educaci\u00f3n; ense\u00f1anza de la religi\u00f3n en las escuelas p\u00fablicas; admisi\u00f3n de estudiantes en base a proyectos educativos; objeci\u00f3n de conciencia; asistencia espiritual en recintos especiales, como FFAA, hospitales y c\u00e1rceles; religi\u00f3n y derecho del trabajo; patrimonio cultural religioso; reconocimiento de s\u00edmbolos religiosos; la autonom\u00eda y la auto organizaci\u00f3n interna de las iglesias y de las organizaciones sociales de orientaci\u00f3n religiosa (escuelas, hospitales, etc.); estatuto jur\u00eddico de las comunidades religiosas; estatuto jur\u00eddico de los ministros de culto; reconocimiento de los actos de culto; financiamiento de las confesiones religiosas; estudio y an\u00e1lisis cr\u00edtico del Derecho Eclesi\u00e1stico (normas jur\u00eddicas emanadas del Estado que se refieren al fen\u00f3meno religioso); acuerdos entre Estado y confesiones religiosas; entre otros.<\/p>\n<p>El Centro UC Derecho y Religi\u00f3n desde sus inicios en 2005 ha contado con la generosa colaboraci\u00f3n de alumnos de la Facultad de Derecho de la Pontificia Universidad Cat\u00f3lica de Chile. Con el transcurso del tiempo, dicha ayuda se hizo m\u00e1s espor\u00e1dica, se requiri\u00f3 mayor especializaci\u00f3n, y estabilidad de los colaboradores con un t\u00edtulo profesional<\/p>\n<p>En 2021, se implement\u00f3 un Programa de Pasant\u00edas con un doble prop\u00f3sito: contar con la ayuda necesaria en todos los \u00e1mbitos en los que el Centro desarrolla su quehacer, y las de gesti\u00f3n para desarrollarlas y, al mismo tiempo, contribuir en la formaci\u00f3n y experiencia de los alumnos, a trav\u00e9s del seguimiento de los encargos, retroalimentaci\u00f3n e intercambio entre los miembros del Centro o gracias a actividades de extensi\u00f3n.<\/p>\n<p>El Programa de Pasantes busca promover el trabajo interdisciplinario, entrenando y capacitando a alumnos de distintas disciplinas a quienes les interese profundizar \u2013desde la suya- en materias relacionadas con el derecho y la religi\u00f3n. Lo anterior se vincula con la investigaci\u00f3n, organizaci\u00f3n de la informaci\u00f3n, difusi\u00f3n, educaci\u00f3n continua, labores administrativas, destrezas en redes sociales, entre otras.<\/p>\n<p>Las convocatorias se realizan generalmente en marzo y julio de cada a\u00f1o, sin perjuicio de que se admita la postulaci\u00f3n en otro momento en la medida que haya vacantes. Podr\u00e1n postular estudiantes y egresados de otras universidades, pero tendr\u00e1n preferencia los de la Pontificia Universidad Cat\u00f3lica de Chile.<\/p>\n<p>\u00a0<\/p>\n<p><span>Caracter\u00edsticas de la pasant\u00eda<\/span><\/p>\n<p>La pasant\u00eda consiste en la realizaci\u00f3n de las tareas encomendadas por el profesor gu\u00eda, en el proyecto o proyectos al que sea asignado el pasante. Dependiendo de la naturaleza del proyecto, puede consistir en b\u00fasqueda, identificaci\u00f3n y fichaje de informaci\u00f3n; revisi\u00f3n de normativa, jurisprudencia y bibliograf\u00eda; proponer sistematizaci\u00f3n; elaboraci\u00f3n de documentos; colaboraci\u00f3n en dise\u00f1o de bases de datos y alimentarlas con informaci\u00f3n; planificaci\u00f3n y divulgaci\u00f3n de actividades acad\u00e9micas; elaboraci\u00f3n y organizaci\u00f3n de archivos; edici\u00f3n en revista digital; en general, colaborar en lo que requiera el proyecto.<\/p>\n<p><strong><span>La pasant\u00eda del 2\u00b0 semestre de 2025 estar\u00e1 enfocada principalmente en la colaboraci\u00f3n para la organizaci\u00f3n de un congreso internacional con el que se celebrar\u00e1n los 20 a\u00f1os del Centro UC Derecho y Religi\u00f3n y la conmemoraci\u00f3n de los 100 a\u00f1os de la libertad de culto establecida en la Constituci\u00f3n de 1925. El congreso &#8220;El valor de las creencias en las democracias latinoamericanas&#8221; se desarrollar\u00e1 entre el 14 y 16 de octubre y contar\u00e1 con la participaci\u00f3n de acad\u00e9micos de 9 pa\u00edses de Am\u00e9rica y Europa. La pasant\u00eda puede incluir la colaboraci\u00f3n en la investigaci\u00f3n que se est\u00e1 llevando a cabo con motivo de este aniversario: &#8220;La libertad religiosa en Latinoam\u00e9rica en el s. XXI: an\u00e1lisis normativo y jurisprudencial&#8221;.<\/span><\/strong><\/p>\n<p><strong><span>Excepcionalmente se permitir\u00e1 la postulaci\u00f3n de alumnos de 1er y 2\u00b0 a\u00f1o, para colaborar en la organizaci\u00f3n del Congreso, y la duraci\u00f3n de la pasant\u00eda en este caso ser\u00e1 de 3 meses.<\/span><\/strong><\/p>\n<p>La pasant\u00eda incluye colaborar en aspectos administrativos de las dos publicaciones electr\u00f3nicas del Centro: Bolet\u00edn Jur\u00eddico mensual de Latinoam\u00e9rica y el Caribe y, Revista Latinoamericana de Derecho y Religi\u00f3n.<\/p>\n<p>Coordinar actividades de extensi\u00f3n del Centro, contactos con redes internacionales, redes sociales, etc.<\/p>\n<p>Para la realizaci\u00f3n de las tareas mencionadas, se espera que los pasantes colaboren pro-bono durante un per\u00edodo de seis meses con dedicaci\u00f3n de cinco horas a la semana \u2013 en horario flexible\u2013, incluyendo una reuni\u00f3n semanal a fijar con el profesor gu\u00eda. La Pasant\u00eda puede ser renovable por una vez. Al finalizar la pasant\u00eda, se entregar\u00e1 un certificado acreditando su participaci\u00f3n en la misma como en los documentos publicados o actividades realizadas en el Centro UC Derecho y Religi\u00f3n, seg\u00fan corresponda. Si por fuerza mayor necesitan interrumpir el per\u00edodo se debe completar para obtener el certificado.<\/p>\n<p>\u00a0<\/p>\n<p><span>Requisitos<\/span><\/p>\n<p>Tener la calidad de egresado o alumno regular.<\/p>\n<p>Haber aprobado favorablemente determinados cursos. <strong>Excepcionalmente para la Pasant\u00eda del 2\u00b0 semestre de 2025 se eximir\u00e1 de este requisito y est\u00e1 abierta a estudiantes desde 1er a\u00f1o.<\/strong><\/p>\n<p>Presentar curriculum vitae y carta de motivaci\u00f3n personal. Fundamentar el inter\u00e9s por profundizar en las materias del Centro.<\/p>\n<p>Enviar los antecedentes a la coordinadora del Centro, Paulina Eyzaguirre <span>Esta direcci\u00f3n de correo electr\u00f3nico est\u00e1 siendo protegida contra los robots de spam. Necesita tener JavaScript habilitado para poder verlo.<\/span><\/p>\n<p>Los postulantes ser\u00e1n citados a una entrevista.<\/p>\n<p>Una vez aceptado, deber\u00e1 firmar un compromiso de confidencialidad.<\/p>\n<p>\u00a0<\/p>\n<p><span>Modalidad de Trabajo<\/span><\/p>\n<p>Para realizar su trabajo, los pasantes pueden realizarlo de manera no presencial en aquellos horarios compatibles con sus otras obligaciones.<\/p>\n<p>Para su trabajo, cada pasante debe utilizar su propio computador. Los archivos se trabajan en Drives compartidos a los que acceden luego de firmar el compromiso de confidencialidad atendido tambi\u00e9n el C\u00f3digo de Honor de la Pontificia Universidad Cat\u00f3lica de Chile. Cada colaborador no deber\u00e1 utilizar la informaci\u00f3n obtenida durante la pasant\u00eda para fines personales. En caso de necesitarla para un fin espec\u00edfico, deber\u00e1 solicitarlo por escrito. La respuesta tambi\u00e9n se le dar\u00e1 por escrito.<\/p>\n<p>En la medida de lo posible habr\u00e1 un(a) Coordinador(a) de Pasantes a fin de facilitar el trabajo de cada uno, identificar sus necesidades, proveer con los materiales que requieran, resolver sus dudas, etc. y mantener la debida comunicaci\u00f3n con el Consejo Directivo del Centro.<\/p>\n<p>\u00a0<\/p>\n<p><span>\u00c1mbito de trabajo para la pasant\u00eda del 2\u00ba semestre de 2025<\/span><\/p>\n<p><strong><span>COLABORACI\u00d3N PARA INVESTIGACI\u00d3N Y CONGRESO INTERNACIONAL POR EL ANIVERSARIO N\u00b0 20 DEL CENTRO<\/span><\/strong><\/p>\n<p><strong>Profesoras<\/strong>: Mar\u00eda Elena Pimstein y Ana Mar\u00eda Celis<\/p>\n<p><strong>Destinatarios<\/strong>: estudiantes de derecho, comunicaciones, sociolog\u00eda, ingenier\u00eda, econom\u00eda, matem\u00e1ticas, college y otras disciplinas afines<\/p>\n<p><strong>Duraci\u00f3n<\/strong>: 6 meses<\/p>\n<p><strong>Necesidades del proyecto<\/strong>:<\/p>\n<p>&#8211; B\u00fasqueda de informaci\u00f3n disponible por temas<\/p>\n<p>&#8211; Fichar leyes, resoluciones y sentencias<\/p>\n<p>&#8211; Traspaso a los archivos necesarios (Excel, cuestionario Google, otro)<\/p>\n<p>&#8211; Proponer sistematizaci\u00f3n<\/p>\n<p>&#8211; Contacto con ingeniero y\/o soci\u00f3logo para traspasar la informaci\u00f3n a programa para an\u00e1lisis<\/p>\n<p>&#8211; Editar<\/p>\n<p>&#8211; Preparaci\u00f3n de material para difusi\u00f3n de resultados<\/p>\n<p>&#8211; Colaboraci\u00f3n en organizaci\u00f3n del Congreso que se realizar\u00e1 en octubre 2025: coordinaci\u00f3n acad\u00e9micos expositores y asistentes, log\u00edstica, difusi\u00f3n del encuentro, preparaci\u00f3n de material, entre otros.<\/p>\n<p>\u00a0<\/p>\n<p><strong>El Centro UC Derecho y Religi\u00f3n cumple 20 a\u00f1os en octubre de 2025<\/strong>. En ese contexto, est\u00e1 organizando un congreso internacional sobre el valor de las creencias en las democracias latinoamericanas para detenerse en su aporte e impacto. Adem\u00e1s, est\u00e1 realizando una investigaci\u00f3n con el material reunido los \u00faltimos 10 a\u00f1os en el Bolet\u00edn Jur\u00eddico del Observatorio de Libertad Religiosa de Am\u00e9rica Latina y El Caribe sobre los temas que se tratar\u00e1n en el congreso.<\/p>\n<p>Se espera un intercambio acad\u00e9mico internacional en vistas a medir el pulso del estado de la libertad religiosa, su relaci\u00f3n con la libertad de asociaci\u00f3n, de educaci\u00f3n, de trabajo y expresi\u00f3n y el derecho de propiedad, as\u00ed como las relaciones institucionales entre el Estado y la religi\u00f3n y las organizaciones religiosas.<\/p>\n<p>El encuentro ser\u00e1 desde el martes 14 al jueves 16 de octubre de 2025 en la Casa Central de la Pontificia Universidad Cat\u00f3lica de Chile.<\/p>\n<p>\u00a0<\/p>\n<p><strong>Postulaci\u00f3n y consultas<\/strong>: <span>Esta direcci\u00f3n de correo electr\u00f3nico est\u00e1 siendo protegida contra los robots de spam. Necesita tener JavaScript habilitado para poder verlo.<\/span><\/p>\n<\/article>\n","protected":false},"excerpt":{"rendered":"<p>PROGRAMA DE PASANT\u00cdA EN CENTRO UC DERECHO Y RELIGI\u00d3N \u2013 2\u00b0 SEMESTRE 2025<\/p>\n","protected":false},"author":1,"featured_media":1454,"comment_status":"","ping_status":"","sticky":false,"template":"","format":"standard","meta":{"_acf_changed":false,"footnotes":""},"categories":[1],"tags":[],"class_list":["post-1306","post","type-post","status-publish","format-standard","has-post-thumbnail","hentry","category-noticias"],"acf":[],"yoast_head":"<!-- This site is optimized with the Yoast SEO plugin v27.1.1 - https:\/\/yoast.com\/product\/yoast-seo-wordpress\/ -->\n<title>Concurso de Pasant\u00eda para Congreso e investigaci\u00f3n por el aniversario N\u00ba 20 del Centro - Centro UC Derecho y Religi\u00f3n<\/title>\n<meta name=\"robots\" content=\"index, follow, max-snippet:-1, max-image-preview:large, max-video-preview:-1\" \/>\n<link rel=\"canonical\" href=\"https:\/\/derechoyreligion-uc.urantiacos.cl\/en\/concurso-de-pasantia-para-congreso-e-investigacion-por-el-aniversario-no-20-del-centro\/\" \/>\n<meta property=\"og:locale\" content=\"en_US\" \/>\n<meta property=\"og:type\" content=\"article\" \/>\n<meta property=\"og:title\" content=\"Concurso de Pasant\u00eda para Congreso e investigaci\u00f3n por el aniversario N\u00ba 20 del Centro - Centro UC Derecho y Religi\u00f3n\" \/>\n<meta property=\"og:description\" content=\"PROGRAMA DE PASANT\u00cdA EN CENTRO UC DERECHO Y RELIGI\u00d3N \u2013 2\u00b0 SEMESTRE 2025\" \/>\n<meta property=\"og:url\" content=\"https:\/\/derechoyreligion-uc.urantiacos.cl\/en\/concurso-de-pasantia-para-congreso-e-investigacion-por-el-aniversario-no-20-del-centro\/\" \/>\n<meta property=\"og:site_name\" content=\"Centro UC Derecho y Religi\u00f3n\" \/>\n<meta property=\"article:published_time\" content=\"2025-07-18T04:00:00+00:00\" \/>\n<meta property=\"og:image\" content=\"https:\/\/derechoyreligion-uc.urantiacos.cl\/wp-content\/uploads\/2025\/07\/5_vista_publico_desde_atras_2.jpeg\" \/>\n\t<meta property=\"og:image:width\" content=\"1204\" \/>\n\t<meta property=\"og:image:height\" content=\"1600\" \/>\n\t<meta property=\"og:image:type\" content=\"image\/jpeg\" \/>\n<meta name=\"author\" content=\"manadmin\" \/>\n<meta name=\"twitter:card\" content=\"summary_large_image\" \/>\n<meta name=\"twitter:label1\" content=\"Written by\" \/>\n\t<meta name=\"twitter:data1\" content=\"manadmin\" \/>\n\t<meta name=\"twitter:label2\" content=\"Est. reading time\" \/>\n\t<meta name=\"twitter:data2\" content=\"8 minutes\" \/>\n<script type=\"application\/ld+json\" class=\"yoast-schema-graph\">{\"@context\":\"https:\/\/schema.org\",\"@graph\":[{\"@type\":\"Article\",\"@id\":\"https:\/\/derechoyreligion-uc.urantiacos.cl\/en\/concurso-de-pasantia-para-congreso-e-investigacion-por-el-aniversario-no-20-del-centro\/#article\",\"isPartOf\":{\"@id\":\"https:\/\/derechoyreligion-uc.urantiacos.cl\/en\/concurso-de-pasantia-para-congreso-e-investigacion-por-el-aniversario-no-20-del-centro\/\"},\"author\":{\"name\":\"manadmin\",\"@id\":\"https:\/\/derechoyreligion-uc.urantiacos.cl\/en\/#\/schema\/person\/6cc7f593e2f49e3b770a06f63b58e3b1\"},\"headline\":\"Concurso de Pasant\u00eda para Congreso e investigaci\u00f3n por el aniversario N\u00ba 20 del Centro\",\"datePublished\":\"2025-07-18T04:00:00+00:00\",\"mainEntityOfPage\":{\"@id\":\"https:\/\/derechoyreligion-uc.urantiacos.cl\/en\/concurso-de-pasantia-para-congreso-e-investigacion-por-el-aniversario-no-20-del-centro\/\"},\"wordCount\":1526,\"image\":{\"@id\":\"https:\/\/derechoyreligion-uc.urantiacos.cl\/en\/concurso-de-pasantia-para-congreso-e-investigacion-por-el-aniversario-no-20-del-centro\/#primaryimage\"},\"thumbnailUrl\":\"https:\/\/derechoyreligion-uc.urantiacos.cl\/wp-content\/uploads\/2025\/07\/5_vista_publico_desde_atras_2.jpeg\",\"articleSection\":[\"Noticias\"],\"inLanguage\":\"en-US\"},{\"@type\":\"WebPage\",\"@id\":\"https:\/\/derechoyreligion-uc.urantiacos.cl\/en\/concurso-de-pasantia-para-congreso-e-investigacion-por-el-aniversario-no-20-del-centro\/\",\"url\":\"https:\/\/derechoyreligion-uc.urantiacos.cl\/en\/concurso-de-pasantia-para-congreso-e-investigacion-por-el-aniversario-no-20-del-centro\/\",\"name\":\"Concurso de Pasant\u00eda para Congreso e investigaci\u00f3n por el aniversario N\u00ba 20 del Centro - Centro UC Derecho y Religi\u00f3n\",\"isPartOf\":{\"@id\":\"https:\/\/derechoyreligion-uc.urantiacos.cl\/en\/#website\"},\"primaryImageOfPage\":{\"@id\":\"https:\/\/derechoyreligion-uc.urantiacos.cl\/en\/concurso-de-pasantia-para-congreso-e-investigacion-por-el-aniversario-no-20-del-centro\/#primaryimage\"},\"image\":{\"@id\":\"https:\/\/derechoyreligion-uc.urantiacos.cl\/en\/concurso-de-pasantia-para-congreso-e-investigacion-por-el-aniversario-no-20-del-centro\/#primaryimage\"},\"thumbnailUrl\":\"https:\/\/derechoyreligion-uc.urantiacos.cl\/wp-content\/uploads\/2025\/07\/5_vista_publico_desde_atras_2.jpeg\",\"datePublished\":\"2025-07-18T04:00:00+00:00\",\"author\":{\"@id\":\"https:\/\/derechoyreligion-uc.urantiacos.cl\/en\/#\/schema\/person\/6cc7f593e2f49e3b770a06f63b58e3b1\"},\"breadcrumb\":{\"@id\":\"https:\/\/derechoyreligion-uc.urantiacos.cl\/en\/concurso-de-pasantia-para-congreso-e-investigacion-por-el-aniversario-no-20-del-centro\/#breadcrumb\"},\"inLanguage\":\"en-US\",\"potentialAction\":[{\"@type\":\"ReadAction\",\"target\":[\"https:\/\/derechoyreligion-uc.urantiacos.cl\/en\/concurso-de-pasantia-para-congreso-e-investigacion-por-el-aniversario-no-20-del-centro\/\"]}]},{\"@type\":\"ImageObject\",\"inLanguage\":\"en-US\",\"@id\":\"https:\/\/derechoyreligion-uc.urantiacos.cl\/en\/concurso-de-pasantia-para-congreso-e-investigacion-por-el-aniversario-no-20-del-centro\/#primaryimage\",\"url\":\"https:\/\/derechoyreligion-uc.urantiacos.cl\/wp-content\/uploads\/2025\/07\/5_vista_publico_desde_atras_2.jpeg\",\"contentUrl\":\"https:\/\/derechoyreligion-uc.urantiacos.cl\/wp-content\/uploads\/2025\/07\/5_vista_publico_desde_atras_2.jpeg\",\"width\":1204,\"height\":1600},{\"@type\":\"BreadcrumbList\",\"@id\":\"https:\/\/derechoyreligion-uc.urantiacos.cl\/en\/concurso-de-pasantia-para-congreso-e-investigacion-por-el-aniversario-no-20-del-centro\/#breadcrumb\",\"itemListElement\":[{\"@type\":\"ListItem\",\"position\":1,\"name\":\"Portada\",\"item\":\"https:\/\/derechoyreligion-uc.urantiacos.cl\/en\/\"},{\"@type\":\"ListItem\",\"position\":2,\"name\":\"Concurso de Pasant\u00eda para Congreso e investigaci\u00f3n por el aniversario N\u00ba 20 del Centro\"}]},{\"@type\":\"WebSite\",\"@id\":\"https:\/\/derechoyreligion-uc.urantiacos.cl\/en\/#website\",\"url\":\"https:\/\/derechoyreligion-uc.urantiacos.cl\/en\/\",\"name\":\"Centro UC Derecho y Religi\u00f3n\",\"description\":\"\",\"potentialAction\":[{\"@type\":\"SearchAction\",\"target\":{\"@type\":\"EntryPoint\",\"urlTemplate\":\"https:\/\/derechoyreligion-uc.urantiacos.cl\/en\/?s={search_term_string}\"},\"query-input\":{\"@type\":\"PropertyValueSpecification\",\"valueRequired\":true,\"valueName\":\"search_term_string\"}}],\"inLanguage\":\"en-US\"},{\"@type\":\"Person\",\"@id\":\"https:\/\/derechoyreligion-uc.urantiacos.cl\/en\/#\/schema\/person\/6cc7f593e2f49e3b770a06f63b58e3b1\",\"name\":\"manadmin\",\"sameAs\":[\"https:\/\/derechoyreligion-uc.urantiacos.cl\"]}]}<\/script>\n<!-- \/ Yoast SEO plugin. -->","yoast_head_json":{"title":"Concurso de Pasant\u00eda para Congreso e investigaci\u00f3n por el aniversario N\u00ba 20 del Centro - Centro UC Derecho y Religi\u00f3n","robots":{"index":"index","follow":"follow","max-snippet":"max-snippet:-1","max-image-preview":"max-image-preview:large","max-video-preview":"max-video-preview:-1"},"canonical":"https:\/\/derechoyreligion-uc.urantiacos.cl\/en\/concurso-de-pasantia-para-congreso-e-investigacion-por-el-aniversario-no-20-del-centro\/","og_locale":"en_US","og_type":"article","og_title":"Concurso de Pasant\u00eda para Congreso e investigaci\u00f3n por el aniversario N\u00ba 20 del Centro - Centro UC Derecho y Religi\u00f3n","og_description":"PROGRAMA DE PASANT\u00cdA EN CENTRO UC DERECHO Y RELIGI\u00d3N \u2013 2\u00b0 SEMESTRE 2025","og_url":"https:\/\/derechoyreligion-uc.urantiacos.cl\/en\/concurso-de-pasantia-para-congreso-e-investigacion-por-el-aniversario-no-20-del-centro\/","og_site_name":"Centro UC Derecho y Religi\u00f3n","article_published_time":"2025-07-18T04:00:00+00:00","og_image":[{"width":1204,"height":1600,"url":"https:\/\/derechoyreligion-uc.urantiacos.cl\/wp-content\/uploads\/2025\/07\/5_vista_publico_desde_atras_2.jpeg","type":"image\/jpeg"}],"author":"manadmin","twitter_card":"summary_large_image","twitter_misc":{"Written by":"manadmin","Est. reading time":"8 minutes"},"schema":{"@context":"https:\/\/schema.org","@graph":[{"@type":"Article","@id":"https:\/\/derechoyreligion-uc.urantiacos.cl\/en\/concurso-de-pasantia-para-congreso-e-investigacion-por-el-aniversario-no-20-del-centro\/#article","isPartOf":{"@id":"https:\/\/derechoyreligion-uc.urantiacos.cl\/en\/concurso-de-pasantia-para-congreso-e-investigacion-por-el-aniversario-no-20-del-centro\/"},"author":{"name":"manadmin","@id":"https:\/\/derechoyreligion-uc.urantiacos.cl\/en\/#\/schema\/person\/6cc7f593e2f49e3b770a06f63b58e3b1"},"headline":"Concurso de Pasant\u00eda para Congreso e investigaci\u00f3n por el aniversario N\u00ba 20 del Centro","datePublished":"2025-07-18T04:00:00+00:00","mainEntityOfPage":{"@id":"https:\/\/derechoyreligion-uc.urantiacos.cl\/en\/concurso-de-pasantia-para-congreso-e-investigacion-por-el-aniversario-no-20-del-centro\/"},"wordCount":1526,"image":{"@id":"https:\/\/derechoyreligion-uc.urantiacos.cl\/en\/concurso-de-pasantia-para-congreso-e-investigacion-por-el-aniversario-no-20-del-centro\/#primaryimage"},"thumbnailUrl":"https:\/\/derechoyreligion-uc.urantiacos.cl\/wp-content\/uploads\/2025\/07\/5_vista_publico_desde_atras_2.jpeg","articleSection":["Noticias"],"inLanguage":"en-US"},{"@type":"WebPage","@id":"https:\/\/derechoyreligion-uc.urantiacos.cl\/en\/concurso-de-pasantia-para-congreso-e-investigacion-por-el-aniversario-no-20-del-centro\/","url":"https:\/\/derechoyreligion-uc.urantiacos.cl\/en\/concurso-de-pasantia-para-congreso-e-investigacion-por-el-aniversario-no-20-del-centro\/","name":"Concurso de Pasant\u00eda para Congreso e investigaci\u00f3n por el aniversario N\u00ba 20 del Centro - Centro UC Derecho y Religi\u00f3n","isPartOf":{"@id":"https:\/\/derechoyreligion-uc.urantiacos.cl\/en\/#website"},"primaryImageOfPage":{"@id":"https:\/\/derechoyreligion-uc.urantiacos.cl\/en\/concurso-de-pasantia-para-congreso-e-investigacion-por-el-aniversario-no-20-del-centro\/#primaryimage"},"image":{"@id":"https:\/\/derechoyreligion-uc.urantiacos.cl\/en\/concurso-de-pasantia-para-congreso-e-investigacion-por-el-aniversario-no-20-del-centro\/#primaryimage"},"thumbnailUrl":"https:\/\/derechoyreligion-uc.urantiacos.cl\/wp-content\/uploads\/2025\/07\/5_vista_publico_desde_atras_2.jpeg","datePublished":"2025-07-18T04:00:00+00:00","author":{"@id":"https:\/\/derechoyreligion-uc.urantiacos.cl\/en\/#\/schema\/person\/6cc7f593e2f49e3b770a06f63b58e3b1"},"breadcrumb":{"@id":"https:\/\/derechoyreligion-uc.urantiacos.cl\/en\/concurso-de-pasantia-para-congreso-e-investigacion-por-el-aniversario-no-20-del-centro\/#breadcrumb"},"inLanguage":"en-US","potentialAction":[{"@type":"ReadAction","target":["https:\/\/derechoyreligion-uc.urantiacos.cl\/en\/concurso-de-pasantia-para-congreso-e-investigacion-por-el-aniversario-no-20-del-centro\/"]}]},{"@type":"ImageObject","inLanguage":"en-US","@id":"https:\/\/derechoyreligion-uc.urantiacos.cl\/en\/concurso-de-pasantia-para-congreso-e-investigacion-por-el-aniversario-no-20-del-centro\/#primaryimage","url":"https:\/\/derechoyreligion-uc.urantiacos.cl\/wp-content\/uploads\/2025\/07\/5_vista_publico_desde_atras_2.jpeg","contentUrl":"https:\/\/derechoyreligion-uc.urantiacos.cl\/wp-content\/uploads\/2025\/07\/5_vista_publico_desde_atras_2.jpeg","width":1204,"height":1600},{"@type":"BreadcrumbList","@id":"https:\/\/derechoyreligion-uc.urantiacos.cl\/en\/concurso-de-pasantia-para-congreso-e-investigacion-por-el-aniversario-no-20-del-centro\/#breadcrumb","itemListElement":[{"@type":"ListItem","position":1,"name":"Portada","item":"https:\/\/derechoyreligion-uc.urantiacos.cl\/en\/"},{"@type":"ListItem","position":2,"name":"Concurso de Pasant\u00eda para Congreso e investigaci\u00f3n por el aniversario N\u00ba 20 del Centro"}]},{"@type":"WebSite","@id":"https:\/\/derechoyreligion-uc.urantiacos.cl\/en\/#website","url":"https:\/\/derechoyreligion-uc.urantiacos.cl\/en\/","name":"Centro UC Derecho y Religi\u00f3n","description":"","potentialAction":[{"@type":"SearchAction","target":{"@type":"EntryPoint","urlTemplate":"https:\/\/derechoyreligion-uc.urantiacos.cl\/en\/?s={search_term_string}"},"query-input":{"@type":"PropertyValueSpecification","valueRequired":true,"valueName":"search_term_string"}}],"inLanguage":"en-US"},{"@type":"Person","@id":"https:\/\/derechoyreligion-uc.urantiacos.cl\/en\/#\/schema\/person\/6cc7f593e2f49e3b770a06f63b58e3b1","name":"manadmin","sameAs":["https:\/\/derechoyreligion-uc.urantiacos.cl"]}]}},"_links":{"self":[{"href":"https:\/\/derechoyreligion-uc.urantiacos.cl\/en\/wp-json\/wp\/v2\/posts\/1306","targetHints":{"allow":["GET"]}}],"collection":[{"href":"https:\/\/derechoyreligion-uc.urantiacos.cl\/en\/wp-json\/wp\/v2\/posts"}],"about":[{"href":"https:\/\/derechoyreligion-uc.urantiacos.cl\/en\/wp-json\/wp\/v2\/types\/post"}],"author":[{"embeddable":true,"href":"https:\/\/derechoyreligion-uc.urantiacos.cl\/en\/wp-json\/wp\/v2\/users\/1"}],"replies":[{"embeddable":true,"href":"https:\/\/derechoyreligion-uc.urantiacos.cl\/en\/wp-json\/wp\/v2\/comments?post=1306"}],"version-history":[{"count":0,"href":"https:\/\/derechoyreligion-uc.urantiacos.cl\/en\/wp-json\/wp\/v2\/posts\/1306\/revisions"}],"wp:featuredmedia":[{"embeddable":true,"href":"https:\/\/derechoyreligion-uc.urantiacos.cl\/en\/wp-json\/wp\/v2\/media\/1454"}],"wp:attachment":[{"href":"https:\/\/derechoyreligion-uc.urantiacos.cl\/en\/wp-json\/wp\/v2\/media?parent=1306"}],"wp:term":[{"taxonomy":"category","embeddable":true,"href":"https:\/\/derechoyreligion-uc.urantiacos.cl\/en\/wp-json\/wp\/v2\/categories?post=1306"},{"taxonomy":"post_tag","embeddable":true,"href":"https:\/\/derechoyreligion-uc.urantiacos.cl\/en\/wp-json\/wp\/v2\/tags?post=1306"}],"curies":[{"name":"wp","href":"https:\/\/api.w.org\/{rel}","templated":true}]}}