
{"id":1304,"date":"2025-10-14T00:00:00","date_gmt":"2025-10-14T03:00:00","guid":{"rendered":"https:\/\/derechoyreligion-uc.urantiacos.cl\/comenzo-el-congreso-internacional-por-los-20-anos-del-centro-uc-derecho-y-religion\/"},"modified":"2025-10-14T00:00:00","modified_gmt":"2025-10-14T03:00:00","slug":"comenzo-el-congreso-internacional-por-los-20-anos-del-centro-uc-derecho-y-religion","status":"publish","type":"post","link":"https:\/\/derechoyreligion-uc.urantiacos.cl\/en\/comenzo-el-congreso-internacional-por-los-20-anos-del-centro-uc-derecho-y-religion\/","title":{"rendered":"Comenz\u00f3 el Congreso Internacional por los 20 a\u00f1os del Centro UC Derecho y Religi\u00f3n"},"content":{"rendered":"<article>\n<span><br \/>\n<\/span><\/p>\n<p><img decoding=\"async\" alt=\"Foto testera Congreso\" src=\"https:\/\/derechoyreligion-uc.urantiacos.cl\/wp-content\/uploads\/imagenes\/Foto_testera_Congreso_1.jpeg\"\/><\/p>\n<p>\u00a0<\/p>\n<p><strong>Congreso internacional sobre libertad religiosa re\u00fane a expertos de Am\u00e9rica y Europa en la UC<\/strong><\/p>\n<p>El Centro UC Derecho y Religi\u00f3n de la Pontificia Universidad Cat\u00f3lica de Chile inaugur\u00f3 este martes 14 de octubre el Congreso &#8220;<strong>A 100 a\u00f1os de la separaci\u00f3n Iglesia-Estado en Chile: El Valor de las Creencias en las Democracias Latinoamericanas<\/strong>&#8220;, encuentro acad\u00e9mico que convoca a especialistas de Am\u00e9rica y Europa para reflexionar sobre los desaf\u00edos contempor\u00e1neos de la libertad religiosa o de creencias en la regi\u00f3n.<\/p>\n<p>La sesi\u00f3n inaugural se realiz\u00f3 a las 18:00 horas en la Casa Central, con la conferencia de la <strong>Dra. Nazila Ghanea<\/strong>, Relatora Especial de las Naciones Unidas sobre libertad de religi\u00f3n o de creencias y profesora de la Universidad de Oxford (UK), quien abord\u00f3 la relevancia de este derecho como fundamento del pluralismo democr\u00e1tico.<\/p>\n<p>Durante las jornadas del 15 y 16 de octubre, el Congreso incluir\u00e1 sesiones plenarias y paneles paralelos sobre educaci\u00f3n y religi\u00f3n, laicidad, relaciones entre el Estado y las instituciones religiosas, jurisprudencia comparada y libertad de expresi\u00f3n. Entre los participantes destacan Nicole Garnett (Universidad de Notre Dame, EE. UU.), Edgar Stuardo Ral\u00f3n (CIDH, Guatemala), Rodrigo Alves (Universidad Federal de Uberl\u00e2ndia, Brasil) y Carmen Asia\u00edn (Universidad de Montevideo, Uruguay), junto a otros reconocidos acad\u00e9micos y expertos de Chile y Espa\u00f1a.<\/p>\n<p>El Congreso se realiza en el marco de la conmemoraci\u00f3n de los 100 a\u00f1os de la separaci\u00f3n entre la Iglesia y el Estado en Chile, y forma parte de las actividades organizadas por el Centro UC de Derecho y Religi\u00f3n para promover un di\u00e1logo acad\u00e9mico y plural sobre el valor de las creencias en las democracias contempor\u00e1neas.<\/p>\n<\/article>\n","protected":false},"excerpt":{"rendered":"<p>Congreso internacional sobre libertad religiosa re\u00fane a expertos de Am\u00e9rica y Europa en la UC<\/p>\n","protected":false},"author":1,"featured_media":1451,"comment_status":"","ping_status":"","sticky":false,"template":"","format":"standard","meta":{"_acf_changed":false,"footnotes":""},"categories":[1],"tags":[],"class_list":["post-1304","post","type-post","status-publish","format-standard","has-post-thumbnail","hentry","category-noticias"],"acf":[],"yoast_head":"<!-- This site is optimized with the Yoast SEO plugin v27.1.1 - https:\/\/yoast.com\/product\/yoast-seo-wordpress\/ -->\n<title>Comenz\u00f3 el Congreso Internacional por los 20 a\u00f1os del Centro UC Derecho y Religi\u00f3n - Centro UC Derecho y Religi\u00f3n<\/title>\n<meta name=\"robots\" content=\"index, follow, max-snippet:-1, max-image-preview:large, max-video-preview:-1\" \/>\n<link rel=\"canonical\" href=\"https:\/\/derechoyreligion-uc.urantiacos.cl\/en\/comenzo-el-congreso-internacional-por-los-20-anos-del-centro-uc-derecho-y-religion\/\" \/>\n<meta property=\"og:locale\" content=\"en_US\" \/>\n<meta property=\"og:type\" content=\"article\" \/>\n<meta property=\"og:title\" content=\"Comenz\u00f3 el Congreso Internacional por los 20 a\u00f1os del Centro UC Derecho y Religi\u00f3n - Centro UC Derecho y Religi\u00f3n\" \/>\n<meta property=\"og:description\" content=\"Congreso internacional sobre libertad religiosa re\u00fane a expertos de Am\u00e9rica y Europa en la UC\" \/>\n<meta property=\"og:url\" content=\"https:\/\/derechoyreligion-uc.urantiacos.cl\/en\/comenzo-el-congreso-internacional-por-los-20-anos-del-centro-uc-derecho-y-religion\/\" \/>\n<meta property=\"og:site_name\" content=\"Centro UC Derecho y Religi\u00f3n\" \/>\n<meta property=\"article:published_time\" content=\"2025-10-14T03:00:00+00:00\" \/>\n<meta property=\"og:image\" content=\"https:\/\/derechoyreligion-uc.urantiacos.cl\/wp-content\/uploads\/2025\/10\/Foto_testera_Congreso_1-1.jpeg\" \/>\n\t<meta property=\"og:image:width\" content=\"1600\" \/>\n\t<meta property=\"og:image:height\" content=\"1200\" \/>\n\t<meta property=\"og:image:type\" content=\"image\/jpeg\" \/>\n<meta name=\"author\" content=\"manadmin\" \/>\n<meta name=\"twitter:card\" content=\"summary_large_image\" \/>\n<meta name=\"twitter:label1\" content=\"Written by\" \/>\n\t<meta name=\"twitter:data1\" content=\"manadmin\" \/>\n\t<meta name=\"twitter:label2\" content=\"Est. reading time\" \/>\n\t<meta name=\"twitter:data2\" content=\"1 minute\" \/>\n<script type=\"application\/ld+json\" class=\"yoast-schema-graph\">{\"@context\":\"https:\/\/schema.org\",\"@graph\":[{\"@type\":\"Article\",\"@id\":\"https:\/\/derechoyreligion-uc.urantiacos.cl\/en\/comenzo-el-congreso-internacional-por-los-20-anos-del-centro-uc-derecho-y-religion\/#article\",\"isPartOf\":{\"@id\":\"https:\/\/derechoyreligion-uc.urantiacos.cl\/en\/comenzo-el-congreso-internacional-por-los-20-anos-del-centro-uc-derecho-y-religion\/\"},\"author\":{\"name\":\"manadmin\",\"@id\":\"https:\/\/derechoyreligion-uc.urantiacos.cl\/en\/#\/schema\/person\/6cc7f593e2f49e3b770a06f63b58e3b1\"},\"headline\":\"Comenz\u00f3 el Congreso Internacional por los 20 a\u00f1os del Centro UC Derecho y Religi\u00f3n\",\"datePublished\":\"2025-10-14T03:00:00+00:00\",\"mainEntityOfPage\":{\"@id\":\"https:\/\/derechoyreligion-uc.urantiacos.cl\/en\/comenzo-el-congreso-internacional-por-los-20-anos-del-centro-uc-derecho-y-religion\/\"},\"wordCount\":307,\"image\":{\"@id\":\"https:\/\/derechoyreligion-uc.urantiacos.cl\/en\/comenzo-el-congreso-internacional-por-los-20-anos-del-centro-uc-derecho-y-religion\/#primaryimage\"},\"thumbnailUrl\":\"https:\/\/derechoyreligion-uc.urantiacos.cl\/wp-content\/uploads\/2025\/10\/Foto_testera_Congreso_1-1.jpeg\",\"articleSection\":[\"Noticias\"],\"inLanguage\":\"en-US\"},{\"@type\":\"WebPage\",\"@id\":\"https:\/\/derechoyreligion-uc.urantiacos.cl\/en\/comenzo-el-congreso-internacional-por-los-20-anos-del-centro-uc-derecho-y-religion\/\",\"url\":\"https:\/\/derechoyreligion-uc.urantiacos.cl\/en\/comenzo-el-congreso-internacional-por-los-20-anos-del-centro-uc-derecho-y-religion\/\",\"name\":\"Comenz\u00f3 el Congreso Internacional por los 20 a\u00f1os del Centro UC Derecho y Religi\u00f3n - Centro UC Derecho y Religi\u00f3n\",\"isPartOf\":{\"@id\":\"https:\/\/derechoyreligion-uc.urantiacos.cl\/en\/#website\"},\"primaryImageOfPage\":{\"@id\":\"https:\/\/derechoyreligion-uc.urantiacos.cl\/en\/comenzo-el-congreso-internacional-por-los-20-anos-del-centro-uc-derecho-y-religion\/#primaryimage\"},\"image\":{\"@id\":\"https:\/\/derechoyreligion-uc.urantiacos.cl\/en\/comenzo-el-congreso-internacional-por-los-20-anos-del-centro-uc-derecho-y-religion\/#primaryimage\"},\"thumbnailUrl\":\"https:\/\/derechoyreligion-uc.urantiacos.cl\/wp-content\/uploads\/2025\/10\/Foto_testera_Congreso_1-1.jpeg\",\"datePublished\":\"2025-10-14T03:00:00+00:00\",\"author\":{\"@id\":\"https:\/\/derechoyreligion-uc.urantiacos.cl\/en\/#\/schema\/person\/6cc7f593e2f49e3b770a06f63b58e3b1\"},\"breadcrumb\":{\"@id\":\"https:\/\/derechoyreligion-uc.urantiacos.cl\/en\/comenzo-el-congreso-internacional-por-los-20-anos-del-centro-uc-derecho-y-religion\/#breadcrumb\"},\"inLanguage\":\"en-US\",\"potentialAction\":[{\"@type\":\"ReadAction\",\"target\":[\"https:\/\/derechoyreligion-uc.urantiacos.cl\/en\/comenzo-el-congreso-internacional-por-los-20-anos-del-centro-uc-derecho-y-religion\/\"]}]},{\"@type\":\"ImageObject\",\"inLanguage\":\"en-US\",\"@id\":\"https:\/\/derechoyreligion-uc.urantiacos.cl\/en\/comenzo-el-congreso-internacional-por-los-20-anos-del-centro-uc-derecho-y-religion\/#primaryimage\",\"url\":\"https:\/\/derechoyreligion-uc.urantiacos.cl\/wp-content\/uploads\/2025\/10\/Foto_testera_Congreso_1-1.jpeg\",\"contentUrl\":\"https:\/\/derechoyreligion-uc.urantiacos.cl\/wp-content\/uploads\/2025\/10\/Foto_testera_Congreso_1-1.jpeg\",\"width\":1600,\"height\":1200},{\"@type\":\"BreadcrumbList\",\"@id\":\"https:\/\/derechoyreligion-uc.urantiacos.cl\/en\/comenzo-el-congreso-internacional-por-los-20-anos-del-centro-uc-derecho-y-religion\/#breadcrumb\",\"itemListElement\":[{\"@type\":\"ListItem\",\"position\":1,\"name\":\"Portada\",\"item\":\"https:\/\/derechoyreligion-uc.urantiacos.cl\/en\/\"},{\"@type\":\"ListItem\",\"position\":2,\"name\":\"Comenz\u00f3 el Congreso Internacional por los 20 a\u00f1os del Centro UC Derecho y Religi\u00f3n\"}]},{\"@type\":\"WebSite\",\"@id\":\"https:\/\/derechoyreligion-uc.urantiacos.cl\/en\/#website\",\"url\":\"https:\/\/derechoyreligion-uc.urantiacos.cl\/en\/\",\"name\":\"Centro UC Derecho y Religi\u00f3n\",\"description\":\"\",\"potentialAction\":[{\"@type\":\"SearchAction\",\"target\":{\"@type\":\"EntryPoint\",\"urlTemplate\":\"https:\/\/derechoyreligion-uc.urantiacos.cl\/en\/?s={search_term_string}\"},\"query-input\":{\"@type\":\"PropertyValueSpecification\",\"valueRequired\":true,\"valueName\":\"search_term_string\"}}],\"inLanguage\":\"en-US\"},{\"@type\":\"Person\",\"@id\":\"https:\/\/derechoyreligion-uc.urantiacos.cl\/en\/#\/schema\/person\/6cc7f593e2f49e3b770a06f63b58e3b1\",\"name\":\"manadmin\",\"sameAs\":[\"https:\/\/derechoyreligion-uc.urantiacos.cl\"]}]}<\/script>\n<!-- \/ Yoast SEO plugin. -->","yoast_head_json":{"title":"Comenz\u00f3 el Congreso Internacional por los 20 a\u00f1os del Centro UC Derecho y Religi\u00f3n - Centro UC Derecho y Religi\u00f3n","robots":{"index":"index","follow":"follow","max-snippet":"max-snippet:-1","max-image-preview":"max-image-preview:large","max-video-preview":"max-video-preview:-1"},"canonical":"https:\/\/derechoyreligion-uc.urantiacos.cl\/en\/comenzo-el-congreso-internacional-por-los-20-anos-del-centro-uc-derecho-y-religion\/","og_locale":"en_US","og_type":"article","og_title":"Comenz\u00f3 el Congreso Internacional por los 20 a\u00f1os del Centro UC Derecho y Religi\u00f3n - Centro UC Derecho y Religi\u00f3n","og_description":"Congreso internacional sobre libertad religiosa re\u00fane a expertos de Am\u00e9rica y Europa en la UC","og_url":"https:\/\/derechoyreligion-uc.urantiacos.cl\/en\/comenzo-el-congreso-internacional-por-los-20-anos-del-centro-uc-derecho-y-religion\/","og_site_name":"Centro UC Derecho y Religi\u00f3n","article_published_time":"2025-10-14T03:00:00+00:00","og_image":[{"width":1600,"height":1200,"url":"https:\/\/derechoyreligion-uc.urantiacos.cl\/wp-content\/uploads\/2025\/10\/Foto_testera_Congreso_1-1.jpeg","type":"image\/jpeg"}],"author":"manadmin","twitter_card":"summary_large_image","twitter_misc":{"Written by":"manadmin","Est. reading time":"1 minute"},"schema":{"@context":"https:\/\/schema.org","@graph":[{"@type":"Article","@id":"https:\/\/derechoyreligion-uc.urantiacos.cl\/en\/comenzo-el-congreso-internacional-por-los-20-anos-del-centro-uc-derecho-y-religion\/#article","isPartOf":{"@id":"https:\/\/derechoyreligion-uc.urantiacos.cl\/en\/comenzo-el-congreso-internacional-por-los-20-anos-del-centro-uc-derecho-y-religion\/"},"author":{"name":"manadmin","@id":"https:\/\/derechoyreligion-uc.urantiacos.cl\/en\/#\/schema\/person\/6cc7f593e2f49e3b770a06f63b58e3b1"},"headline":"Comenz\u00f3 el Congreso Internacional por los 20 a\u00f1os del Centro UC Derecho y Religi\u00f3n","datePublished":"2025-10-14T03:00:00+00:00","mainEntityOfPage":{"@id":"https:\/\/derechoyreligion-uc.urantiacos.cl\/en\/comenzo-el-congreso-internacional-por-los-20-anos-del-centro-uc-derecho-y-religion\/"},"wordCount":307,"image":{"@id":"https:\/\/derechoyreligion-uc.urantiacos.cl\/en\/comenzo-el-congreso-internacional-por-los-20-anos-del-centro-uc-derecho-y-religion\/#primaryimage"},"thumbnailUrl":"https:\/\/derechoyreligion-uc.urantiacos.cl\/wp-content\/uploads\/2025\/10\/Foto_testera_Congreso_1-1.jpeg","articleSection":["Noticias"],"inLanguage":"en-US"},{"@type":"WebPage","@id":"https:\/\/derechoyreligion-uc.urantiacos.cl\/en\/comenzo-el-congreso-internacional-por-los-20-anos-del-centro-uc-derecho-y-religion\/","url":"https:\/\/derechoyreligion-uc.urantiacos.cl\/en\/comenzo-el-congreso-internacional-por-los-20-anos-del-centro-uc-derecho-y-religion\/","name":"Comenz\u00f3 el Congreso Internacional por los 20 a\u00f1os del Centro UC Derecho y Religi\u00f3n - Centro UC Derecho y Religi\u00f3n","isPartOf":{"@id":"https:\/\/derechoyreligion-uc.urantiacos.cl\/en\/#website"},"primaryImageOfPage":{"@id":"https:\/\/derechoyreligion-uc.urantiacos.cl\/en\/comenzo-el-congreso-internacional-por-los-20-anos-del-centro-uc-derecho-y-religion\/#primaryimage"},"image":{"@id":"https:\/\/derechoyreligion-uc.urantiacos.cl\/en\/comenzo-el-congreso-internacional-por-los-20-anos-del-centro-uc-derecho-y-religion\/#primaryimage"},"thumbnailUrl":"https:\/\/derechoyreligion-uc.urantiacos.cl\/wp-content\/uploads\/2025\/10\/Foto_testera_Congreso_1-1.jpeg","datePublished":"2025-10-14T03:00:00+00:00","author":{"@id":"https:\/\/derechoyreligion-uc.urantiacos.cl\/en\/#\/schema\/person\/6cc7f593e2f49e3b770a06f63b58e3b1"},"breadcrumb":{"@id":"https:\/\/derechoyreligion-uc.urantiacos.cl\/en\/comenzo-el-congreso-internacional-por-los-20-anos-del-centro-uc-derecho-y-religion\/#breadcrumb"},"inLanguage":"en-US","potentialAction":[{"@type":"ReadAction","target":["https:\/\/derechoyreligion-uc.urantiacos.cl\/en\/comenzo-el-congreso-internacional-por-los-20-anos-del-centro-uc-derecho-y-religion\/"]}]},{"@type":"ImageObject","inLanguage":"en-US","@id":"https:\/\/derechoyreligion-uc.urantiacos.cl\/en\/comenzo-el-congreso-internacional-por-los-20-anos-del-centro-uc-derecho-y-religion\/#primaryimage","url":"https:\/\/derechoyreligion-uc.urantiacos.cl\/wp-content\/uploads\/2025\/10\/Foto_testera_Congreso_1-1.jpeg","contentUrl":"https:\/\/derechoyreligion-uc.urantiacos.cl\/wp-content\/uploads\/2025\/10\/Foto_testera_Congreso_1-1.jpeg","width":1600,"height":1200},{"@type":"BreadcrumbList","@id":"https:\/\/derechoyreligion-uc.urantiacos.cl\/en\/comenzo-el-congreso-internacional-por-los-20-anos-del-centro-uc-derecho-y-religion\/#breadcrumb","itemListElement":[{"@type":"ListItem","position":1,"name":"Portada","item":"https:\/\/derechoyreligion-uc.urantiacos.cl\/en\/"},{"@type":"ListItem","position":2,"name":"Comenz\u00f3 el Congreso Internacional por los 20 a\u00f1os del Centro UC Derecho y Religi\u00f3n"}]},{"@type":"WebSite","@id":"https:\/\/derechoyreligion-uc.urantiacos.cl\/en\/#website","url":"https:\/\/derechoyreligion-uc.urantiacos.cl\/en\/","name":"Centro UC Derecho y Religi\u00f3n","description":"","potentialAction":[{"@type":"SearchAction","target":{"@type":"EntryPoint","urlTemplate":"https:\/\/derechoyreligion-uc.urantiacos.cl\/en\/?s={search_term_string}"},"query-input":{"@type":"PropertyValueSpecification","valueRequired":true,"valueName":"search_term_string"}}],"inLanguage":"en-US"},{"@type":"Person","@id":"https:\/\/derechoyreligion-uc.urantiacos.cl\/en\/#\/schema\/person\/6cc7f593e2f49e3b770a06f63b58e3b1","name":"manadmin","sameAs":["https:\/\/derechoyreligion-uc.urantiacos.cl"]}]}},"_links":{"self":[{"href":"https:\/\/derechoyreligion-uc.urantiacos.cl\/en\/wp-json\/wp\/v2\/posts\/1304","targetHints":{"allow":["GET"]}}],"collection":[{"href":"https:\/\/derechoyreligion-uc.urantiacos.cl\/en\/wp-json\/wp\/v2\/posts"}],"about":[{"href":"https:\/\/derechoyreligion-uc.urantiacos.cl\/en\/wp-json\/wp\/v2\/types\/post"}],"author":[{"embeddable":true,"href":"https:\/\/derechoyreligion-uc.urantiacos.cl\/en\/wp-json\/wp\/v2\/users\/1"}],"replies":[{"embeddable":true,"href":"https:\/\/derechoyreligion-uc.urantiacos.cl\/en\/wp-json\/wp\/v2\/comments?post=1304"}],"version-history":[{"count":0,"href":"https:\/\/derechoyreligion-uc.urantiacos.cl\/en\/wp-json\/wp\/v2\/posts\/1304\/revisions"}],"wp:featuredmedia":[{"embeddable":true,"href":"https:\/\/derechoyreligion-uc.urantiacos.cl\/en\/wp-json\/wp\/v2\/media\/1451"}],"wp:attachment":[{"href":"https:\/\/derechoyreligion-uc.urantiacos.cl\/en\/wp-json\/wp\/v2\/media?parent=1304"}],"wp:term":[{"taxonomy":"category","embeddable":true,"href":"https:\/\/derechoyreligion-uc.urantiacos.cl\/en\/wp-json\/wp\/v2\/categories?post=1304"},{"taxonomy":"post_tag","embeddable":true,"href":"https:\/\/derechoyreligion-uc.urantiacos.cl\/en\/wp-json\/wp\/v2\/tags?post=1304"}],"curies":[{"name":"wp","href":"https:\/\/api.w.org\/{rel}","templated":true}]}}