
{"id":1303,"date":"2025-10-14T00:00:00","date_gmt":"2025-10-14T03:00:00","guid":{"rendered":"https:\/\/derechoyreligion-uc.urantiacos.cl\/conferencia-de-nazila-ghanea-relatora-especial-de-las-naciona-unidas-sobre-la-libertad-de-religion-o-creencias-2\/"},"modified":"2025-10-14T00:00:00","modified_gmt":"2025-10-14T03:00:00","slug":"conferencia-de-nazila-ghanea-relatora-especial-de-las-naciona-unidas-sobre-la-libertad-de-religion-o-creencias-2","status":"publish","type":"post","link":"https:\/\/derechoyreligion-uc.urantiacos.cl\/en\/conferencia-de-nazila-ghanea-relatora-especial-de-las-naciona-unidas-sobre-la-libertad-de-religion-o-creencias-2\/","title":{"rendered":"Conferencia de Nazila Ghanea, Relatora Especial de las Naciona Unidas sobre la libertad de religi\u00f3n o creencias"},"content":{"rendered":"<article>\n<span><br \/>\n<\/span><\/p>\n<p><img decoding=\"async\" alt=\"Foto Nazila Ghanea\" src=\"https:\/\/derechoyreligion-uc.urantiacos.cl\/wp-content\/uploads\/imagenes\/Foto_Nazila_Ghanea_1.jpeg\"\/><\/p>\n<p>\u00a0<\/p>\n<p>En la inauguraci\u00f3n del Congreso &#8220;<strong>A 100 a\u00f1os de la separaci\u00f3n iglesia-estado en Chile: El Valor de las Creencias en las Democracias Latinoamericanas<\/strong>&#8220;, realizado en la Pontificia Universidad Cat\u00f3lica de Chile, con fecha 14 de octubre de este a\u00f1o, la expositora invitada <strong>Dra. Nazila Ghanea<\/strong>, <strong>Relatora Especial de Naciones Unidas para la libertad de religi\u00f3n o de creencias<\/strong> y profesora de Derecho Internacional de los Derechos Humanos en la Universidad de Oxford (UK), destac\u00f3 que la libertad religiosa o de creencias es un derecho humano esencial para la convivencia democr\u00e1tica.<\/p>\n<p>Acompa\u00f1ada por la profesora <strong>Mar\u00eda Elena Pimstein<\/strong>, directora del Centro UC Derecho y Religi\u00f3n, y con la presencia del rector <strong>Juan Carlos de la Llera<\/strong> y el decano <strong>Gabriel Bocksang<\/strong>, subray\u00f3 que esta libertad &#8220;no se limita a la religi\u00f3n, sino que abarca el pensamiento, la conciencia y las creencias&#8221;, y debe garantizarse a todas las personas, sin distinci\u00f3n.<\/p>\n<p>Record\u00f3 que este derecho, consagrado en la Declaraci\u00f3n Universal de Derechos Humanos, requiere Estados comprometidos y marcos legales efectivos. El pluralismo \u2014afirm\u00f3\u2014 es inseparable de una sociedad democr\u00e1tica y depende de la protecci\u00f3n de esta libertad, que ampara tanto al creyente como al agn\u00f3stico o al esc\u00e9ptico.<\/p>\n<\/article>\n","protected":false},"excerpt":{"rendered":"<p>En la inauguraci\u00f3n del Congreso &#8220;A 100 a\u00f1os de la separaci\u00f3n iglesia-estado en Chile: El Valor de las Creencias en las Democracias Latinoamericanas&#8221;, realizado en la Pontificia Universidad Cat\u00f3lica de Chile, con fecha 14 de octubre de este a\u00f1o, la expositora invitadaDra. Nazila Ghanea,Relatora Especial de Naciones Unidas para la libertad de religi\u00f3n o de creenciasy profesora de Derecho Internacional de los Derechos Humanos en la Universidad de Oxford (UK), destac\u00f3 que la libertad religiosa o de creencias es un derecho humano esencial para la convivencia democr\u00e1tica.<\/p>\n","protected":false},"author":1,"featured_media":1452,"comment_status":"","ping_status":"","sticky":false,"template":"","format":"standard","meta":{"_acf_changed":false,"footnotes":""},"categories":[1],"tags":[],"class_list":["post-1303","post","type-post","status-publish","format-standard","has-post-thumbnail","hentry","category-noticias"],"acf":[],"yoast_head":"<!-- This site is optimized with the Yoast SEO plugin v27.1.1 - https:\/\/yoast.com\/product\/yoast-seo-wordpress\/ -->\n<title>Conferencia de Nazila Ghanea, Relatora Especial de las Naciona Unidas sobre la libertad de religi\u00f3n o creencias - Centro UC Derecho y Religi\u00f3n<\/title>\n<meta name=\"robots\" content=\"index, follow, max-snippet:-1, max-image-preview:large, max-video-preview:-1\" \/>\n<link rel=\"canonical\" href=\"https:\/\/derechoyreligion-uc.urantiacos.cl\/en\/conferencia-de-nazila-ghanea-relatora-especial-de-las-naciona-unidas-sobre-la-libertad-de-religion-o-creencias-2\/\" \/>\n<meta property=\"og:locale\" content=\"en_US\" \/>\n<meta property=\"og:type\" content=\"article\" \/>\n<meta property=\"og:title\" content=\"Conferencia de Nazila Ghanea, Relatora Especial de las Naciona Unidas sobre la libertad de religi\u00f3n o creencias - Centro UC Derecho y Religi\u00f3n\" \/>\n<meta property=\"og:description\" content=\"En la inauguraci\u00f3n del Congreso &quot;A 100 a\u00f1os de la separaci\u00f3n iglesia-estado en Chile: El Valor de las Creencias en las Democracias Latinoamericanas&quot;, realizado en la Pontificia Universidad Cat\u00f3lica de Chile, con fecha 14 de octubre de este a\u00f1o, la expositora invitadaDra. Nazila Ghanea,Relatora Especial de Naciones Unidas para la libertad de religi\u00f3n o de creenciasy profesora de Derecho Internacional de los Derechos Humanos en la Universidad de Oxford (UK), destac\u00f3 que la libertad religiosa o de creencias es un derecho humano esencial para la convivencia democr\u00e1tica.\" \/>\n<meta property=\"og:url\" content=\"https:\/\/derechoyreligion-uc.urantiacos.cl\/en\/conferencia-de-nazila-ghanea-relatora-especial-de-las-naciona-unidas-sobre-la-libertad-de-religion-o-creencias-2\/\" \/>\n<meta property=\"og:site_name\" content=\"Centro UC Derecho y Religi\u00f3n\" \/>\n<meta property=\"article:published_time\" content=\"2025-10-14T03:00:00+00:00\" \/>\n<meta property=\"og:image\" content=\"https:\/\/derechoyreligion-uc.urantiacos.cl\/wp-content\/uploads\/2025\/10\/Foto_Nazila_Ghanea_1-1.jpeg\" \/>\n\t<meta property=\"og:image:width\" content=\"1200\" \/>\n\t<meta property=\"og:image:height\" content=\"1600\" \/>\n\t<meta property=\"og:image:type\" content=\"image\/jpeg\" \/>\n<meta name=\"author\" content=\"manadmin\" \/>\n<meta name=\"twitter:card\" content=\"summary_large_image\" \/>\n<meta name=\"twitter:label1\" content=\"Written by\" \/>\n\t<meta name=\"twitter:data1\" content=\"manadmin\" \/>\n\t<meta name=\"twitter:label2\" content=\"Est. reading time\" \/>\n\t<meta name=\"twitter:data2\" content=\"1 minute\" \/>\n<script type=\"application\/ld+json\" class=\"yoast-schema-graph\">{\"@context\":\"https:\/\/schema.org\",\"@graph\":[{\"@type\":\"Article\",\"@id\":\"https:\/\/derechoyreligion-uc.urantiacos.cl\/en\/conferencia-de-nazila-ghanea-relatora-especial-de-las-naciona-unidas-sobre-la-libertad-de-religion-o-creencias-2\/#article\",\"isPartOf\":{\"@id\":\"https:\/\/derechoyreligion-uc.urantiacos.cl\/en\/conferencia-de-nazila-ghanea-relatora-especial-de-las-naciona-unidas-sobre-la-libertad-de-religion-o-creencias-2\/\"},\"author\":{\"name\":\"manadmin\",\"@id\":\"https:\/\/derechoyreligion-uc.urantiacos.cl\/en\/#\/schema\/person\/6cc7f593e2f49e3b770a06f63b58e3b1\"},\"headline\":\"Conferencia de Nazila Ghanea, Relatora Especial de las Naciona Unidas sobre la libertad de religi\u00f3n o creencias\",\"datePublished\":\"2025-10-14T03:00:00+00:00\",\"mainEntityOfPage\":{\"@id\":\"https:\/\/derechoyreligion-uc.urantiacos.cl\/en\/conferencia-de-nazila-ghanea-relatora-especial-de-las-naciona-unidas-sobre-la-libertad-de-religion-o-creencias-2\/\"},\"wordCount\":229,\"image\":{\"@id\":\"https:\/\/derechoyreligion-uc.urantiacos.cl\/en\/conferencia-de-nazila-ghanea-relatora-especial-de-las-naciona-unidas-sobre-la-libertad-de-religion-o-creencias-2\/#primaryimage\"},\"thumbnailUrl\":\"https:\/\/derechoyreligion-uc.urantiacos.cl\/wp-content\/uploads\/2025\/10\/Foto_Nazila_Ghanea_1-1.jpeg\",\"articleSection\":[\"Noticias\"],\"inLanguage\":\"en-US\"},{\"@type\":\"WebPage\",\"@id\":\"https:\/\/derechoyreligion-uc.urantiacos.cl\/en\/conferencia-de-nazila-ghanea-relatora-especial-de-las-naciona-unidas-sobre-la-libertad-de-religion-o-creencias-2\/\",\"url\":\"https:\/\/derechoyreligion-uc.urantiacos.cl\/en\/conferencia-de-nazila-ghanea-relatora-especial-de-las-naciona-unidas-sobre-la-libertad-de-religion-o-creencias-2\/\",\"name\":\"Conferencia de Nazila Ghanea, Relatora Especial de las Naciona Unidas sobre la libertad de religi\u00f3n o creencias - Centro UC Derecho y Religi\u00f3n\",\"isPartOf\":{\"@id\":\"https:\/\/derechoyreligion-uc.urantiacos.cl\/en\/#website\"},\"primaryImageOfPage\":{\"@id\":\"https:\/\/derechoyreligion-uc.urantiacos.cl\/en\/conferencia-de-nazila-ghanea-relatora-especial-de-las-naciona-unidas-sobre-la-libertad-de-religion-o-creencias-2\/#primaryimage\"},\"image\":{\"@id\":\"https:\/\/derechoyreligion-uc.urantiacos.cl\/en\/conferencia-de-nazila-ghanea-relatora-especial-de-las-naciona-unidas-sobre-la-libertad-de-religion-o-creencias-2\/#primaryimage\"},\"thumbnailUrl\":\"https:\/\/derechoyreligion-uc.urantiacos.cl\/wp-content\/uploads\/2025\/10\/Foto_Nazila_Ghanea_1-1.jpeg\",\"datePublished\":\"2025-10-14T03:00:00+00:00\",\"author\":{\"@id\":\"https:\/\/derechoyreligion-uc.urantiacos.cl\/en\/#\/schema\/person\/6cc7f593e2f49e3b770a06f63b58e3b1\"},\"breadcrumb\":{\"@id\":\"https:\/\/derechoyreligion-uc.urantiacos.cl\/en\/conferencia-de-nazila-ghanea-relatora-especial-de-las-naciona-unidas-sobre-la-libertad-de-religion-o-creencias-2\/#breadcrumb\"},\"inLanguage\":\"en-US\",\"potentialAction\":[{\"@type\":\"ReadAction\",\"target\":[\"https:\/\/derechoyreligion-uc.urantiacos.cl\/en\/conferencia-de-nazila-ghanea-relatora-especial-de-las-naciona-unidas-sobre-la-libertad-de-religion-o-creencias-2\/\"]}]},{\"@type\":\"ImageObject\",\"inLanguage\":\"en-US\",\"@id\":\"https:\/\/derechoyreligion-uc.urantiacos.cl\/en\/conferencia-de-nazila-ghanea-relatora-especial-de-las-naciona-unidas-sobre-la-libertad-de-religion-o-creencias-2\/#primaryimage\",\"url\":\"https:\/\/derechoyreligion-uc.urantiacos.cl\/wp-content\/uploads\/2025\/10\/Foto_Nazila_Ghanea_1-1.jpeg\",\"contentUrl\":\"https:\/\/derechoyreligion-uc.urantiacos.cl\/wp-content\/uploads\/2025\/10\/Foto_Nazila_Ghanea_1-1.jpeg\",\"width\":1200,\"height\":1600},{\"@type\":\"BreadcrumbList\",\"@id\":\"https:\/\/derechoyreligion-uc.urantiacos.cl\/en\/conferencia-de-nazila-ghanea-relatora-especial-de-las-naciona-unidas-sobre-la-libertad-de-religion-o-creencias-2\/#breadcrumb\",\"itemListElement\":[{\"@type\":\"ListItem\",\"position\":1,\"name\":\"Portada\",\"item\":\"https:\/\/derechoyreligion-uc.urantiacos.cl\/en\/\"},{\"@type\":\"ListItem\",\"position\":2,\"name\":\"Conferencia de Nazila Ghanea, Relatora Especial de las Naciona Unidas sobre la libertad de religi\u00f3n o creencias\"}]},{\"@type\":\"WebSite\",\"@id\":\"https:\/\/derechoyreligion-uc.urantiacos.cl\/en\/#website\",\"url\":\"https:\/\/derechoyreligion-uc.urantiacos.cl\/en\/\",\"name\":\"Centro UC Derecho y Religi\u00f3n\",\"description\":\"\",\"potentialAction\":[{\"@type\":\"SearchAction\",\"target\":{\"@type\":\"EntryPoint\",\"urlTemplate\":\"https:\/\/derechoyreligion-uc.urantiacos.cl\/en\/?s={search_term_string}\"},\"query-input\":{\"@type\":\"PropertyValueSpecification\",\"valueRequired\":true,\"valueName\":\"search_term_string\"}}],\"inLanguage\":\"en-US\"},{\"@type\":\"Person\",\"@id\":\"https:\/\/derechoyreligion-uc.urantiacos.cl\/en\/#\/schema\/person\/6cc7f593e2f49e3b770a06f63b58e3b1\",\"name\":\"manadmin\",\"sameAs\":[\"https:\/\/derechoyreligion-uc.urantiacos.cl\"]}]}<\/script>\n<!-- \/ Yoast SEO plugin. -->","yoast_head_json":{"title":"Conferencia de Nazila Ghanea, Relatora Especial de las Naciona Unidas sobre la libertad de religi\u00f3n o creencias - Centro UC Derecho y Religi\u00f3n","robots":{"index":"index","follow":"follow","max-snippet":"max-snippet:-1","max-image-preview":"max-image-preview:large","max-video-preview":"max-video-preview:-1"},"canonical":"https:\/\/derechoyreligion-uc.urantiacos.cl\/en\/conferencia-de-nazila-ghanea-relatora-especial-de-las-naciona-unidas-sobre-la-libertad-de-religion-o-creencias-2\/","og_locale":"en_US","og_type":"article","og_title":"Conferencia de Nazila Ghanea, Relatora Especial de las Naciona Unidas sobre la libertad de religi\u00f3n o creencias - Centro UC Derecho y Religi\u00f3n","og_description":"En la inauguraci\u00f3n del Congreso \"A 100 a\u00f1os de la separaci\u00f3n iglesia-estado en Chile: El Valor de las Creencias en las Democracias Latinoamericanas\", realizado en la Pontificia Universidad Cat\u00f3lica de Chile, con fecha 14 de octubre de este a\u00f1o, la expositora invitadaDra. Nazila Ghanea,Relatora Especial de Naciones Unidas para la libertad de religi\u00f3n o de creenciasy profesora de Derecho Internacional de los Derechos Humanos en la Universidad de Oxford (UK), destac\u00f3 que la libertad religiosa o de creencias es un derecho humano esencial para la convivencia democr\u00e1tica.","og_url":"https:\/\/derechoyreligion-uc.urantiacos.cl\/en\/conferencia-de-nazila-ghanea-relatora-especial-de-las-naciona-unidas-sobre-la-libertad-de-religion-o-creencias-2\/","og_site_name":"Centro UC Derecho y Religi\u00f3n","article_published_time":"2025-10-14T03:00:00+00:00","og_image":[{"width":1200,"height":1600,"url":"https:\/\/derechoyreligion-uc.urantiacos.cl\/wp-content\/uploads\/2025\/10\/Foto_Nazila_Ghanea_1-1.jpeg","type":"image\/jpeg"}],"author":"manadmin","twitter_card":"summary_large_image","twitter_misc":{"Written by":"manadmin","Est. reading time":"1 minute"},"schema":{"@context":"https:\/\/schema.org","@graph":[{"@type":"Article","@id":"https:\/\/derechoyreligion-uc.urantiacos.cl\/en\/conferencia-de-nazila-ghanea-relatora-especial-de-las-naciona-unidas-sobre-la-libertad-de-religion-o-creencias-2\/#article","isPartOf":{"@id":"https:\/\/derechoyreligion-uc.urantiacos.cl\/en\/conferencia-de-nazila-ghanea-relatora-especial-de-las-naciona-unidas-sobre-la-libertad-de-religion-o-creencias-2\/"},"author":{"name":"manadmin","@id":"https:\/\/derechoyreligion-uc.urantiacos.cl\/en\/#\/schema\/person\/6cc7f593e2f49e3b770a06f63b58e3b1"},"headline":"Conferencia de Nazila Ghanea, Relatora Especial de las Naciona Unidas sobre la libertad de religi\u00f3n o creencias","datePublished":"2025-10-14T03:00:00+00:00","mainEntityOfPage":{"@id":"https:\/\/derechoyreligion-uc.urantiacos.cl\/en\/conferencia-de-nazila-ghanea-relatora-especial-de-las-naciona-unidas-sobre-la-libertad-de-religion-o-creencias-2\/"},"wordCount":229,"image":{"@id":"https:\/\/derechoyreligion-uc.urantiacos.cl\/en\/conferencia-de-nazila-ghanea-relatora-especial-de-las-naciona-unidas-sobre-la-libertad-de-religion-o-creencias-2\/#primaryimage"},"thumbnailUrl":"https:\/\/derechoyreligion-uc.urantiacos.cl\/wp-content\/uploads\/2025\/10\/Foto_Nazila_Ghanea_1-1.jpeg","articleSection":["Noticias"],"inLanguage":"en-US"},{"@type":"WebPage","@id":"https:\/\/derechoyreligion-uc.urantiacos.cl\/en\/conferencia-de-nazila-ghanea-relatora-especial-de-las-naciona-unidas-sobre-la-libertad-de-religion-o-creencias-2\/","url":"https:\/\/derechoyreligion-uc.urantiacos.cl\/en\/conferencia-de-nazila-ghanea-relatora-especial-de-las-naciona-unidas-sobre-la-libertad-de-religion-o-creencias-2\/","name":"Conferencia de Nazila Ghanea, Relatora Especial de las Naciona Unidas sobre la libertad de religi\u00f3n o creencias - Centro UC Derecho y Religi\u00f3n","isPartOf":{"@id":"https:\/\/derechoyreligion-uc.urantiacos.cl\/en\/#website"},"primaryImageOfPage":{"@id":"https:\/\/derechoyreligion-uc.urantiacos.cl\/en\/conferencia-de-nazila-ghanea-relatora-especial-de-las-naciona-unidas-sobre-la-libertad-de-religion-o-creencias-2\/#primaryimage"},"image":{"@id":"https:\/\/derechoyreligion-uc.urantiacos.cl\/en\/conferencia-de-nazila-ghanea-relatora-especial-de-las-naciona-unidas-sobre-la-libertad-de-religion-o-creencias-2\/#primaryimage"},"thumbnailUrl":"https:\/\/derechoyreligion-uc.urantiacos.cl\/wp-content\/uploads\/2025\/10\/Foto_Nazila_Ghanea_1-1.jpeg","datePublished":"2025-10-14T03:00:00+00:00","author":{"@id":"https:\/\/derechoyreligion-uc.urantiacos.cl\/en\/#\/schema\/person\/6cc7f593e2f49e3b770a06f63b58e3b1"},"breadcrumb":{"@id":"https:\/\/derechoyreligion-uc.urantiacos.cl\/en\/conferencia-de-nazila-ghanea-relatora-especial-de-las-naciona-unidas-sobre-la-libertad-de-religion-o-creencias-2\/#breadcrumb"},"inLanguage":"en-US","potentialAction":[{"@type":"ReadAction","target":["https:\/\/derechoyreligion-uc.urantiacos.cl\/en\/conferencia-de-nazila-ghanea-relatora-especial-de-las-naciona-unidas-sobre-la-libertad-de-religion-o-creencias-2\/"]}]},{"@type":"ImageObject","inLanguage":"en-US","@id":"https:\/\/derechoyreligion-uc.urantiacos.cl\/en\/conferencia-de-nazila-ghanea-relatora-especial-de-las-naciona-unidas-sobre-la-libertad-de-religion-o-creencias-2\/#primaryimage","url":"https:\/\/derechoyreligion-uc.urantiacos.cl\/wp-content\/uploads\/2025\/10\/Foto_Nazila_Ghanea_1-1.jpeg","contentUrl":"https:\/\/derechoyreligion-uc.urantiacos.cl\/wp-content\/uploads\/2025\/10\/Foto_Nazila_Ghanea_1-1.jpeg","width":1200,"height":1600},{"@type":"BreadcrumbList","@id":"https:\/\/derechoyreligion-uc.urantiacos.cl\/en\/conferencia-de-nazila-ghanea-relatora-especial-de-las-naciona-unidas-sobre-la-libertad-de-religion-o-creencias-2\/#breadcrumb","itemListElement":[{"@type":"ListItem","position":1,"name":"Portada","item":"https:\/\/derechoyreligion-uc.urantiacos.cl\/en\/"},{"@type":"ListItem","position":2,"name":"Conferencia de Nazila Ghanea, Relatora Especial de las Naciona Unidas sobre la libertad de religi\u00f3n o creencias"}]},{"@type":"WebSite","@id":"https:\/\/derechoyreligion-uc.urantiacos.cl\/en\/#website","url":"https:\/\/derechoyreligion-uc.urantiacos.cl\/en\/","name":"Centro UC Derecho y Religi\u00f3n","description":"","potentialAction":[{"@type":"SearchAction","target":{"@type":"EntryPoint","urlTemplate":"https:\/\/derechoyreligion-uc.urantiacos.cl\/en\/?s={search_term_string}"},"query-input":{"@type":"PropertyValueSpecification","valueRequired":true,"valueName":"search_term_string"}}],"inLanguage":"en-US"},{"@type":"Person","@id":"https:\/\/derechoyreligion-uc.urantiacos.cl\/en\/#\/schema\/person\/6cc7f593e2f49e3b770a06f63b58e3b1","name":"manadmin","sameAs":["https:\/\/derechoyreligion-uc.urantiacos.cl"]}]}},"_links":{"self":[{"href":"https:\/\/derechoyreligion-uc.urantiacos.cl\/en\/wp-json\/wp\/v2\/posts\/1303","targetHints":{"allow":["GET"]}}],"collection":[{"href":"https:\/\/derechoyreligion-uc.urantiacos.cl\/en\/wp-json\/wp\/v2\/posts"}],"about":[{"href":"https:\/\/derechoyreligion-uc.urantiacos.cl\/en\/wp-json\/wp\/v2\/types\/post"}],"author":[{"embeddable":true,"href":"https:\/\/derechoyreligion-uc.urantiacos.cl\/en\/wp-json\/wp\/v2\/users\/1"}],"replies":[{"embeddable":true,"href":"https:\/\/derechoyreligion-uc.urantiacos.cl\/en\/wp-json\/wp\/v2\/comments?post=1303"}],"version-history":[{"count":0,"href":"https:\/\/derechoyreligion-uc.urantiacos.cl\/en\/wp-json\/wp\/v2\/posts\/1303\/revisions"}],"wp:featuredmedia":[{"embeddable":true,"href":"https:\/\/derechoyreligion-uc.urantiacos.cl\/en\/wp-json\/wp\/v2\/media\/1452"}],"wp:attachment":[{"href":"https:\/\/derechoyreligion-uc.urantiacos.cl\/en\/wp-json\/wp\/v2\/media?parent=1303"}],"wp:term":[{"taxonomy":"category","embeddable":true,"href":"https:\/\/derechoyreligion-uc.urantiacos.cl\/en\/wp-json\/wp\/v2\/categories?post=1303"},{"taxonomy":"post_tag","embeddable":true,"href":"https:\/\/derechoyreligion-uc.urantiacos.cl\/en\/wp-json\/wp\/v2\/tags?post=1303"}],"curies":[{"name":"wp","href":"https:\/\/api.w.org\/{rel}","templated":true}]}}