
{"id":1302,"date":"2025-10-16T00:00:00","date_gmt":"2025-10-16T03:00:00","guid":{"rendered":"https:\/\/derechoyreligion-uc.urantiacos.cl\/en-congreso-internacional-educacion-escolar-y-religion-2\/"},"modified":"2025-10-16T00:00:00","modified_gmt":"2025-10-16T03:00:00","slug":"en-congreso-internacional-educacion-escolar-y-religion-2","status":"publish","type":"post","link":"https:\/\/derechoyreligion-uc.urantiacos.cl\/en\/en-congreso-internacional-educacion-escolar-y-religion-2\/","title":{"rendered":"En Congreso internacional: Educaci\u00f3n escolar y religi\u00f3n"},"content":{"rendered":"<article>\n<span><br \/>\n<\/span><\/p>\n<p><img decoding=\"async\" alt=\"Foto plenario 16 oct educacion\" src=\"https:\/\/derechoyreligion-uc.urantiacos.cl\/wp-content\/uploads\/imagenes\/Foto_plenario_16_oct_educacion_1.jpeg\"\/><\/p>\n<p>\u00a0<\/p>\n<p><span><strong>Reflexi\u00f3n sobre educaci\u00f3n y religi\u00f3n marca la primera jornada del Congreso sobre libertad de creencias<\/strong><\/span><\/p>\n<p>\u00a0<\/p>\n<p>Este mi\u00e9rcoles 15 de octubre, en el Aula Magna Manuel Jos\u00e9 Irarr\u00e1zaval de la Pontificia Universidad Cat\u00f3lica de Chile, se desarroll\u00f3 la sesi\u00f3n plenaria &#8220;Educaci\u00f3n escolar y religi\u00f3n en Latinoam\u00e9rica&#8221;, en el marco del Congreso &#8220;El Valor de las Creencias en las Democracias Latinoamericanas&#8221;.<\/p>\n<p>La exposici\u00f3n principal estuvo a cargo de <strong>Nicole Garnett<\/strong>, acad\u00e9mica de la Universidad de Notre Dame (Estados Unidos), reconocida por sus investigaciones sobre educaci\u00f3n y derecho. Los comentarios estuvieron a cargo de <strong>Edgar Stuardo Ral\u00f3n<\/strong>, Comisionado de la CIDH (Guatemala), y la sesi\u00f3n fue moderada por <strong>Ana Mar\u00eda Celis<\/strong>, directora del Centro de Derecho y Religi\u00f3n de la UC.<\/p>\n<p>La presentaci\u00f3n de la profesora Garnett destac\u00f3 que el pluralismo educativo \u2014que permite que diversos proveedores, incluyendo escuelas privadas y religiosas, impartan educaci\u00f3n primaria y secundaria\u2014 puede mejorar los resultados y fortalecer la sociedad civil, pero depende de la libertad frente al control estatal para preservar la misi\u00f3n y la autonom\u00eda de cada instituci\u00f3n.<\/p>\n<p>A diferencia de Estados Unidos, donde el pluralismo se est\u00e1 expandiendo mediante nuevos mecanismos de financiaci\u00f3n, los sistemas latinoamericanos tienden a combinar subvenciones p\u00fablicas con una fuerte regulaci\u00f3n que limita la independencia de las escuelas, especialmente en lo que respecta al curr\u00edculo, la contrataci\u00f3n y la admisi\u00f3n. Esta tensi\u00f3n entre financiaci\u00f3n y libertad, reforzada por las presiones internacionales, amenaza la autenticidad del pluralismo educativo en la regi\u00f3n.<\/p>\n<p>A continuaci\u00f3n, complement\u00f3 el profesor Stuardo Ral\u00f3n con la ponencia &#8220;La ense\u00f1anza en la perspectiva de los est\u00e1ndares interamericanos: la necesidad de una reevaluaci\u00f3n&#8221; cuestionando la interpretaci\u00f3n del sistema interamericano de derechos humanos que considera la educaci\u00f3n como una funci\u00f3n esencialmente estatal. A partir del an\u00e1lisis del caso Pavez vs. Chile, el expositor advirti\u00f3 que esta visi\u00f3n lleva a imputar responsabilidad al Estado por actos de instituciones religiosas, pese a la separaci\u00f3n entre Iglesia y Estado vigente en Chile desde 1925.<\/p>\n<p>Sostuvo que la educaci\u00f3n es, en primer t\u00e9rmino, una responsabilidad de las familias y de la sociedad civil, y que las iglesias ejercen su derecho a ense\u00f1ar y transmitir la fe, no una potestad delegada por el Estado. Por ello, propuso revisar los est\u00e1ndares interamericanos para reconocer la autonom\u00eda y los derechos propios de los actores no estatales en el \u00e1mbito educativo.<\/p>\n<p>\u00a0<\/p>\n<\/article>\n","protected":false},"excerpt":{"rendered":"<p>Reflexi\u00f3n sobre educaci\u00f3n y religi\u00f3n marca la primera jornada del Congreso sobre libertad de creencias<\/p>\n","protected":false},"author":1,"featured_media":1446,"comment_status":"","ping_status":"","sticky":false,"template":"","format":"standard","meta":{"_acf_changed":false,"footnotes":""},"categories":[1],"tags":[],"class_list":["post-1302","post","type-post","status-publish","format-standard","has-post-thumbnail","hentry","category-noticias"],"acf":[],"yoast_head":"<!-- This site is optimized with the Yoast SEO plugin v27.1.1 - https:\/\/yoast.com\/product\/yoast-seo-wordpress\/ -->\n<title>En Congreso internacional: Educaci\u00f3n escolar y religi\u00f3n - Centro UC Derecho y Religi\u00f3n<\/title>\n<meta name=\"robots\" content=\"index, follow, max-snippet:-1, max-image-preview:large, max-video-preview:-1\" \/>\n<link rel=\"canonical\" href=\"https:\/\/derechoyreligion-uc.urantiacos.cl\/en\/en-congreso-internacional-educacion-escolar-y-religion-2\/\" \/>\n<meta property=\"og:locale\" content=\"en_US\" \/>\n<meta property=\"og:type\" content=\"article\" \/>\n<meta property=\"og:title\" content=\"En Congreso internacional: Educaci\u00f3n escolar y religi\u00f3n - Centro UC Derecho y Religi\u00f3n\" \/>\n<meta property=\"og:description\" content=\"Reflexi\u00f3n sobre educaci\u00f3n y religi\u00f3n marca la primera jornada del Congreso sobre libertad de creencias\" \/>\n<meta property=\"og:url\" content=\"https:\/\/derechoyreligion-uc.urantiacos.cl\/en\/en-congreso-internacional-educacion-escolar-y-religion-2\/\" \/>\n<meta property=\"og:site_name\" content=\"Centro UC Derecho y Religi\u00f3n\" \/>\n<meta property=\"article:published_time\" content=\"2025-10-16T03:00:00+00:00\" \/>\n<meta property=\"og:image\" content=\"https:\/\/derechoyreligion-uc.urantiacos.cl\/wp-content\/uploads\/2025\/10\/Foto_plenario_16_oct_educacion_1-1.jpeg\" \/>\n\t<meta property=\"og:image:width\" content=\"1280\" \/>\n\t<meta property=\"og:image:height\" content=\"960\" \/>\n\t<meta property=\"og:image:type\" content=\"image\/jpeg\" \/>\n<meta name=\"author\" content=\"manadmin\" \/>\n<meta name=\"twitter:card\" content=\"summary_large_image\" \/>\n<meta name=\"twitter:label1\" content=\"Written by\" \/>\n\t<meta name=\"twitter:data1\" content=\"manadmin\" \/>\n\t<meta name=\"twitter:label2\" content=\"Est. reading time\" \/>\n\t<meta name=\"twitter:data2\" content=\"2 minutes\" \/>\n<script type=\"application\/ld+json\" class=\"yoast-schema-graph\">{\"@context\":\"https:\/\/schema.org\",\"@graph\":[{\"@type\":\"Article\",\"@id\":\"https:\/\/derechoyreligion-uc.urantiacos.cl\/en\/en-congreso-internacional-educacion-escolar-y-religion-2\/#article\",\"isPartOf\":{\"@id\":\"https:\/\/derechoyreligion-uc.urantiacos.cl\/en\/en-congreso-internacional-educacion-escolar-y-religion-2\/\"},\"author\":{\"name\":\"manadmin\",\"@id\":\"https:\/\/derechoyreligion-uc.urantiacos.cl\/en\/#\/schema\/person\/6cc7f593e2f49e3b770a06f63b58e3b1\"},\"headline\":\"En Congreso internacional: Educaci\u00f3n escolar y religi\u00f3n\",\"datePublished\":\"2025-10-16T03:00:00+00:00\",\"mainEntityOfPage\":{\"@id\":\"https:\/\/derechoyreligion-uc.urantiacos.cl\/en\/en-congreso-internacional-educacion-escolar-y-religion-2\/\"},\"wordCount\":436,\"image\":{\"@id\":\"https:\/\/derechoyreligion-uc.urantiacos.cl\/en\/en-congreso-internacional-educacion-escolar-y-religion-2\/#primaryimage\"},\"thumbnailUrl\":\"https:\/\/derechoyreligion-uc.urantiacos.cl\/wp-content\/uploads\/2025\/10\/Foto_plenario_16_oct_educacion_1-1.jpeg\",\"articleSection\":[\"Noticias\"],\"inLanguage\":\"en-US\"},{\"@type\":\"WebPage\",\"@id\":\"https:\/\/derechoyreligion-uc.urantiacos.cl\/en\/en-congreso-internacional-educacion-escolar-y-religion-2\/\",\"url\":\"https:\/\/derechoyreligion-uc.urantiacos.cl\/en\/en-congreso-internacional-educacion-escolar-y-religion-2\/\",\"name\":\"En Congreso internacional: Educaci\u00f3n escolar y religi\u00f3n - Centro UC Derecho y Religi\u00f3n\",\"isPartOf\":{\"@id\":\"https:\/\/derechoyreligion-uc.urantiacos.cl\/en\/#website\"},\"primaryImageOfPage\":{\"@id\":\"https:\/\/derechoyreligion-uc.urantiacos.cl\/en\/en-congreso-internacional-educacion-escolar-y-religion-2\/#primaryimage\"},\"image\":{\"@id\":\"https:\/\/derechoyreligion-uc.urantiacos.cl\/en\/en-congreso-internacional-educacion-escolar-y-religion-2\/#primaryimage\"},\"thumbnailUrl\":\"https:\/\/derechoyreligion-uc.urantiacos.cl\/wp-content\/uploads\/2025\/10\/Foto_plenario_16_oct_educacion_1-1.jpeg\",\"datePublished\":\"2025-10-16T03:00:00+00:00\",\"author\":{\"@id\":\"https:\/\/derechoyreligion-uc.urantiacos.cl\/en\/#\/schema\/person\/6cc7f593e2f49e3b770a06f63b58e3b1\"},\"breadcrumb\":{\"@id\":\"https:\/\/derechoyreligion-uc.urantiacos.cl\/en\/en-congreso-internacional-educacion-escolar-y-religion-2\/#breadcrumb\"},\"inLanguage\":\"en-US\",\"potentialAction\":[{\"@type\":\"ReadAction\",\"target\":[\"https:\/\/derechoyreligion-uc.urantiacos.cl\/en\/en-congreso-internacional-educacion-escolar-y-religion-2\/\"]}]},{\"@type\":\"ImageObject\",\"inLanguage\":\"en-US\",\"@id\":\"https:\/\/derechoyreligion-uc.urantiacos.cl\/en\/en-congreso-internacional-educacion-escolar-y-religion-2\/#primaryimage\",\"url\":\"https:\/\/derechoyreligion-uc.urantiacos.cl\/wp-content\/uploads\/2025\/10\/Foto_plenario_16_oct_educacion_1-1.jpeg\",\"contentUrl\":\"https:\/\/derechoyreligion-uc.urantiacos.cl\/wp-content\/uploads\/2025\/10\/Foto_plenario_16_oct_educacion_1-1.jpeg\",\"width\":1280,\"height\":960},{\"@type\":\"BreadcrumbList\",\"@id\":\"https:\/\/derechoyreligion-uc.urantiacos.cl\/en\/en-congreso-internacional-educacion-escolar-y-religion-2\/#breadcrumb\",\"itemListElement\":[{\"@type\":\"ListItem\",\"position\":1,\"name\":\"Portada\",\"item\":\"https:\/\/derechoyreligion-uc.urantiacos.cl\/en\/\"},{\"@type\":\"ListItem\",\"position\":2,\"name\":\"En Congreso internacional: Educaci\u00f3n escolar y religi\u00f3n\"}]},{\"@type\":\"WebSite\",\"@id\":\"https:\/\/derechoyreligion-uc.urantiacos.cl\/en\/#website\",\"url\":\"https:\/\/derechoyreligion-uc.urantiacos.cl\/en\/\",\"name\":\"Centro UC Derecho y Religi\u00f3n\",\"description\":\"\",\"potentialAction\":[{\"@type\":\"SearchAction\",\"target\":{\"@type\":\"EntryPoint\",\"urlTemplate\":\"https:\/\/derechoyreligion-uc.urantiacos.cl\/en\/?s={search_term_string}\"},\"query-input\":{\"@type\":\"PropertyValueSpecification\",\"valueRequired\":true,\"valueName\":\"search_term_string\"}}],\"inLanguage\":\"en-US\"},{\"@type\":\"Person\",\"@id\":\"https:\/\/derechoyreligion-uc.urantiacos.cl\/en\/#\/schema\/person\/6cc7f593e2f49e3b770a06f63b58e3b1\",\"name\":\"manadmin\",\"sameAs\":[\"https:\/\/derechoyreligion-uc.urantiacos.cl\"]}]}<\/script>\n<!-- \/ Yoast SEO plugin. -->","yoast_head_json":{"title":"En Congreso internacional: Educaci\u00f3n escolar y religi\u00f3n - Centro UC Derecho y Religi\u00f3n","robots":{"index":"index","follow":"follow","max-snippet":"max-snippet:-1","max-image-preview":"max-image-preview:large","max-video-preview":"max-video-preview:-1"},"canonical":"https:\/\/derechoyreligion-uc.urantiacos.cl\/en\/en-congreso-internacional-educacion-escolar-y-religion-2\/","og_locale":"en_US","og_type":"article","og_title":"En Congreso internacional: Educaci\u00f3n escolar y religi\u00f3n - Centro UC Derecho y Religi\u00f3n","og_description":"Reflexi\u00f3n sobre educaci\u00f3n y religi\u00f3n marca la primera jornada del Congreso sobre libertad de creencias","og_url":"https:\/\/derechoyreligion-uc.urantiacos.cl\/en\/en-congreso-internacional-educacion-escolar-y-religion-2\/","og_site_name":"Centro UC Derecho y Religi\u00f3n","article_published_time":"2025-10-16T03:00:00+00:00","og_image":[{"width":1280,"height":960,"url":"https:\/\/derechoyreligion-uc.urantiacos.cl\/wp-content\/uploads\/2025\/10\/Foto_plenario_16_oct_educacion_1-1.jpeg","type":"image\/jpeg"}],"author":"manadmin","twitter_card":"summary_large_image","twitter_misc":{"Written by":"manadmin","Est. reading time":"2 minutes"},"schema":{"@context":"https:\/\/schema.org","@graph":[{"@type":"Article","@id":"https:\/\/derechoyreligion-uc.urantiacos.cl\/en\/en-congreso-internacional-educacion-escolar-y-religion-2\/#article","isPartOf":{"@id":"https:\/\/derechoyreligion-uc.urantiacos.cl\/en\/en-congreso-internacional-educacion-escolar-y-religion-2\/"},"author":{"name":"manadmin","@id":"https:\/\/derechoyreligion-uc.urantiacos.cl\/en\/#\/schema\/person\/6cc7f593e2f49e3b770a06f63b58e3b1"},"headline":"En Congreso internacional: Educaci\u00f3n escolar y religi\u00f3n","datePublished":"2025-10-16T03:00:00+00:00","mainEntityOfPage":{"@id":"https:\/\/derechoyreligion-uc.urantiacos.cl\/en\/en-congreso-internacional-educacion-escolar-y-religion-2\/"},"wordCount":436,"image":{"@id":"https:\/\/derechoyreligion-uc.urantiacos.cl\/en\/en-congreso-internacional-educacion-escolar-y-religion-2\/#primaryimage"},"thumbnailUrl":"https:\/\/derechoyreligion-uc.urantiacos.cl\/wp-content\/uploads\/2025\/10\/Foto_plenario_16_oct_educacion_1-1.jpeg","articleSection":["Noticias"],"inLanguage":"en-US"},{"@type":"WebPage","@id":"https:\/\/derechoyreligion-uc.urantiacos.cl\/en\/en-congreso-internacional-educacion-escolar-y-religion-2\/","url":"https:\/\/derechoyreligion-uc.urantiacos.cl\/en\/en-congreso-internacional-educacion-escolar-y-religion-2\/","name":"En Congreso internacional: Educaci\u00f3n escolar y religi\u00f3n - Centro UC Derecho y Religi\u00f3n","isPartOf":{"@id":"https:\/\/derechoyreligion-uc.urantiacos.cl\/en\/#website"},"primaryImageOfPage":{"@id":"https:\/\/derechoyreligion-uc.urantiacos.cl\/en\/en-congreso-internacional-educacion-escolar-y-religion-2\/#primaryimage"},"image":{"@id":"https:\/\/derechoyreligion-uc.urantiacos.cl\/en\/en-congreso-internacional-educacion-escolar-y-religion-2\/#primaryimage"},"thumbnailUrl":"https:\/\/derechoyreligion-uc.urantiacos.cl\/wp-content\/uploads\/2025\/10\/Foto_plenario_16_oct_educacion_1-1.jpeg","datePublished":"2025-10-16T03:00:00+00:00","author":{"@id":"https:\/\/derechoyreligion-uc.urantiacos.cl\/en\/#\/schema\/person\/6cc7f593e2f49e3b770a06f63b58e3b1"},"breadcrumb":{"@id":"https:\/\/derechoyreligion-uc.urantiacos.cl\/en\/en-congreso-internacional-educacion-escolar-y-religion-2\/#breadcrumb"},"inLanguage":"en-US","potentialAction":[{"@type":"ReadAction","target":["https:\/\/derechoyreligion-uc.urantiacos.cl\/en\/en-congreso-internacional-educacion-escolar-y-religion-2\/"]}]},{"@type":"ImageObject","inLanguage":"en-US","@id":"https:\/\/derechoyreligion-uc.urantiacos.cl\/en\/en-congreso-internacional-educacion-escolar-y-religion-2\/#primaryimage","url":"https:\/\/derechoyreligion-uc.urantiacos.cl\/wp-content\/uploads\/2025\/10\/Foto_plenario_16_oct_educacion_1-1.jpeg","contentUrl":"https:\/\/derechoyreligion-uc.urantiacos.cl\/wp-content\/uploads\/2025\/10\/Foto_plenario_16_oct_educacion_1-1.jpeg","width":1280,"height":960},{"@type":"BreadcrumbList","@id":"https:\/\/derechoyreligion-uc.urantiacos.cl\/en\/en-congreso-internacional-educacion-escolar-y-religion-2\/#breadcrumb","itemListElement":[{"@type":"ListItem","position":1,"name":"Portada","item":"https:\/\/derechoyreligion-uc.urantiacos.cl\/en\/"},{"@type":"ListItem","position":2,"name":"En Congreso internacional: Educaci\u00f3n escolar y religi\u00f3n"}]},{"@type":"WebSite","@id":"https:\/\/derechoyreligion-uc.urantiacos.cl\/en\/#website","url":"https:\/\/derechoyreligion-uc.urantiacos.cl\/en\/","name":"Centro UC Derecho y Religi\u00f3n","description":"","potentialAction":[{"@type":"SearchAction","target":{"@type":"EntryPoint","urlTemplate":"https:\/\/derechoyreligion-uc.urantiacos.cl\/en\/?s={search_term_string}"},"query-input":{"@type":"PropertyValueSpecification","valueRequired":true,"valueName":"search_term_string"}}],"inLanguage":"en-US"},{"@type":"Person","@id":"https:\/\/derechoyreligion-uc.urantiacos.cl\/en\/#\/schema\/person\/6cc7f593e2f49e3b770a06f63b58e3b1","name":"manadmin","sameAs":["https:\/\/derechoyreligion-uc.urantiacos.cl"]}]}},"_links":{"self":[{"href":"https:\/\/derechoyreligion-uc.urantiacos.cl\/en\/wp-json\/wp\/v2\/posts\/1302","targetHints":{"allow":["GET"]}}],"collection":[{"href":"https:\/\/derechoyreligion-uc.urantiacos.cl\/en\/wp-json\/wp\/v2\/posts"}],"about":[{"href":"https:\/\/derechoyreligion-uc.urantiacos.cl\/en\/wp-json\/wp\/v2\/types\/post"}],"author":[{"embeddable":true,"href":"https:\/\/derechoyreligion-uc.urantiacos.cl\/en\/wp-json\/wp\/v2\/users\/1"}],"replies":[{"embeddable":true,"href":"https:\/\/derechoyreligion-uc.urantiacos.cl\/en\/wp-json\/wp\/v2\/comments?post=1302"}],"version-history":[{"count":0,"href":"https:\/\/derechoyreligion-uc.urantiacos.cl\/en\/wp-json\/wp\/v2\/posts\/1302\/revisions"}],"wp:featuredmedia":[{"embeddable":true,"href":"https:\/\/derechoyreligion-uc.urantiacos.cl\/en\/wp-json\/wp\/v2\/media\/1446"}],"wp:attachment":[{"href":"https:\/\/derechoyreligion-uc.urantiacos.cl\/en\/wp-json\/wp\/v2\/media?parent=1302"}],"wp:term":[{"taxonomy":"category","embeddable":true,"href":"https:\/\/derechoyreligion-uc.urantiacos.cl\/en\/wp-json\/wp\/v2\/categories?post=1302"},{"taxonomy":"post_tag","embeddable":true,"href":"https:\/\/derechoyreligion-uc.urantiacos.cl\/en\/wp-json\/wp\/v2\/tags?post=1302"}],"curies":[{"name":"wp","href":"https:\/\/api.w.org\/{rel}","templated":true}]}}